{"id":20952,"date":"2024-01-24T18:42:03","date_gmt":"2024-01-24T18:42:03","guid":{"rendered":"http:\/\/300f8b3ac12c234eed15a124eb1607f8"},"modified":"2024-01-24T18:42:03","modified_gmt":"2024-01-24T18:42:03","slug":"golpe-del-grupo-marlboro-corren-al-dos-de-serenellini-que-no-llego-a-ser-oficializado","status":"publish","type":"post","link":"https:\/\/latecordoba.com\/index.php\/2024\/01\/24\/golpe-del-grupo-marlboro-corren-al-dos-de-serenellini-que-no-llego-a-ser-oficializado\/","title":{"rendered":"Golpe del Grupo Marlboro: corren al dos de Serenellini que no lleg\u00f3 a ser oficializado"},"content":{"rendered":"\n<div class=\"media_block\"><img decoding=\"async\" src=\"http:\/\/latecordoba.com\/wp-content\/uploads\/2024\/01\/golpe-del-grupo-marlboro-corren-al-dos-de-serenellini-que-no-llego-a-ser-oficializado.jpg\"><\/div>\n<p>La interna entre Santiago Caputo y Eduardo Serenellini por el manejo de la comunicaci\u00f3n del gobierno se cobr\u00f3 una nueva v\u00edctima. Alejandro Perandones, mano derecha de Serenellini, fue corrido de su cargo en el que ni siquiera lleg\u00f3 a ser oficializado.<\/p>\n<p>El desplazamiento de Perandones, que se mov\u00eda y era presentado oficialmente como secretario de Contenidos, es un nuevo cap\u00edtulo de la guerra comunicacional de los libertarios. &#8220;Es una picadora de carne&#8221;, definen en la Rosada a la Secretar\u00eda de Comunicaci\u00f3n.<\/p>\n<p>Hay que recordar que en el primer mes de gesti\u00f3n en el \u00e1rea ya hab\u00eda sido desplazada Bel\u00e9n Stettler, que lleg\u00f3 a ser designada como secretaria de Comunicaci\u00f3n, y tambi\u00e9n renunci\u00f3 el n\u00famero dos Eduardo Roust. Tambi\u00e9n cay\u00f3 Roberto &#8220;Mono&#8221; di Lorenzo, que ven\u00eda de trabajar con Tombolini.<\/p>\n<p>La <a href=\"https:\/\/www.lapoliticaonline.com\/tools\/redirect.php?t=3&amp;i=278091&amp;s=e377a473cd685fb1c6a37de80424d717\" target=\"_blank\" rel=\"noopener\">salida de Stettler<\/a>, que ven\u00eda de trabajar en la consultora de Caputo, fue una derrota del Grupo Marlboro tras un enojo de Karina Milei con el alto perfil del estratega. Pero en los \u00faltimos d\u00edas Caputo jug\u00f3 un papel clave en la gesti\u00f3n de la ley \u00f3mnibus y recuper\u00f3 poder.<\/p>\n<p><a href=\"https:\/\/www.lapoliticaonline.com\/tools\/redirect.php?t=3&amp;i=278091&amp;s=e377a473cd685fb1c6a37de80424d717\" target=\"_blank\" class=\"link-type-content content-type-noticia-ar\" rel=\"noopener\">La ca\u00edda del Grupo Marlboro: Karina se hart\u00f3 de Santiago Caputo y le entrega el manejo de medios a Juan Cruz \u00c1vila&nbsp;<\/a><\/p>\n<p>Caputo aprovech\u00f3 su momento y dio un golpe a la mand\u00edbula de Serenellini, con quien disputa el manejo de la comunicaci\u00f3n y la pauta. Perandones era el alter ego del ex periodista de LN+ en el gobierno y en algunos ministerios ya lo ven\u00edan como una especie de comisario pol\u00edtico de Serenellini.<\/p>\n<figure class=\"vsmimage\" contenteditable=\"false\"><img decoding=\"async\" loading=\"lazy\" alt=\"Santiago Caputo\" data-vsmid=\"213011\" data-owidth=\"2752\" data-oheight=\"1835\" src=\"data:image\/png;base64,iVBORw0KGgoAAAANSUhEUgAAAx4AAAIOAQMAAAAMVUlSAAAAA1BMVEUAAACnej3aAAAAAXRSTlMAQObYZgAAAElJREFUeJztwQEBAAAAgiD\/r25IQAEAAAAAAAAAAAAAAAAAAAAAAAAAAAAAAAAAAAAAAAAAAAAAAAAAAAAAAAAAAAAAAAAAAPBjz4YAAXoxaWgAAAAASUVORK5CYII=\" vsmidos=\"1\" vsmsrc=\"\/files\/image\/213\/213011\/659b51051c498_798_526!.jpg?s=3487d73262e4a5df799462ff7a3acf1f&amp;d=1706123043\" width=\"798\" height=\"526\"><\/figure>\n<p>La interna de Caputo y Serenellini, <a href=\"https:\/\/www.lapoliticaonline.com\/tools\/redirect.php?t=3&amp;i=279045&amp;s=73bc1e60ba63df39fe88dbbee1893fc4\" target=\"_blank\" rel=\"noopener\">revelada por LPO hace dos semanas<\/a>, se agudiz\u00f3 en los \u00faltimos d\u00edas por el alto perfil pol\u00edtico del secretario de Comunicaci\u00f3n, que a diario recibe a representantes de diversas ramas de la industria, de los medios, del campo y hasta diplom\u00e1ticos. Incluso le arm\u00f3 una cumbre empresaria a Luis &#8220;Toto&#8221; Caputo.<\/p>\n<p>Los movimientos pol\u00edticos de Serenelli ya hab\u00edan generado estupor en otros ministerios y en sus rivales del \u00e1rea comunicacional. Seg\u00fan Clar\u00edn, Serenelli les encomend\u00f3 a los jefes de prensa de los ministros hablar directamente con Perandones y dejar de reportarle al vocero Manuel Adorni.<\/p>\n","protected":false},"excerpt":{"rendered":"\n<div class=\"media_block\"><img decoding=\"async\" src=\"http:\/\/latecordoba.com\/wp-content\/uploads\/2024\/01\/golpe-del-grupo-marlboro-corren-al-dos-de-serenellini-que-no-llego-a-ser-oficializado.jpg\"><\/div>\n<p>Es Alejandro Perandones, mano derecha del secretario de Comunicaci\u00f3n y Prensa. Se descontrola la interna con Santiago Caputo.  <\/p>\n","protected":false},"author":1,"featured_media":20953,"comment_status":"closed","ping_status":"closed","sticky":false,"template":"","format":"standard","meta":[],"categories":[18],"tags":[],"_links":{"self":[{"href":"https:\/\/latecordoba.com\/index.php\/wp-json\/wp\/v2\/posts\/20952"}],"collection":[{"href":"https:\/\/latecordoba.com\/index.php\/wp-json\/wp\/v2\/posts"}],"about":[{"href":"https:\/\/latecordoba.com\/index.php\/wp-json\/wp\/v2\/types\/post"}],"author":[{"embeddable":true,"href":"https:\/\/latecordoba.com\/index.php\/wp-json\/wp\/v2\/users\/1"}],"replies":[{"embeddable":true,"href":"https:\/\/latecordoba.com\/index.php\/wp-json\/wp\/v2\/comments?post=20952"}],"version-history":[{"count":0,"href":"https:\/\/latecordoba.com\/index.php\/wp-json\/wp\/v2\/posts\/20952\/revisions"}],"wp:featuredmedia":[{"embeddable":true,"href":"https:\/\/latecordoba.com\/index.php\/wp-json\/wp\/v2\/media\/20953"}],"wp:attachment":[{"href":"https:\/\/latecordoba.com\/index.php\/wp-json\/wp\/v2\/media?parent=20952"}],"wp:term":[{"taxonomy":"category","embeddable":true,"href":"https:\/\/latecordoba.com\/index.php\/wp-json\/wp\/v2\/categories?post=20952"},{"taxonomy":"post_tag","embeddable":true,"href":"https:\/\/latecordoba.com\/index.php\/wp-json\/wp\/v2\/tags?post=20952"}],"curies":[{"name":"wp","href":"https:\/\/api.w.org\/{rel}","templated":true}]}}