{"id":20946,"date":"2024-01-23T00:21:49","date_gmt":"2024-01-23T00:21:49","guid":{"rendered":"https:\/\/www.eldiariodeturismo.com.ar\/?p=241512"},"modified":"2024-01-23T00:21:49","modified_gmt":"2024-01-23T00:21:49","slug":"gafa-presenta-su-nueva-linea-de-heladeras-no-frost-la-revolucion-en-tu-cocina","status":"publish","type":"post","link":"https:\/\/latecordoba.com\/index.php\/2024\/01\/23\/gafa-presenta-su-nueva-linea-de-heladeras-no-frost-la-revolucion-en-tu-cocina\/","title":{"rendered":"GAFA presenta su nueva l\u00ednea de heladeras \u201cNO FROST\u201d: la revoluci\u00f3n en tu cocina"},"content":{"rendered":"\n<p dir=\"ltr\"><strong><span>GAFA<\/span><\/strong>,&nbsp;<strong> marca l\u00edder en electrodom\u00e9sticos para el hogar<\/strong>, presenta su nueva l\u00ednea de heladeras \u201cNo Frost\u201d, dise\u00f1adas para simplificar la vida de los argentinos, reduciendo la necesidad de mantenimiento; y contribuyendo a la preservaci\u00f3n eficiente de alimentos, ahorro de energ\u00eda y una mejor organizaci\u00f3n en la cocina.<\/p>\n<p dir=\"ltr\"><img loading=\"lazy\" decoding=\"async\" class=\"size-medium wp-image-241514 alignright\" src=\"http:\/\/latecordoba.com\/wp-content\/uploads\/2024\/01\/gafa-presenta-su-nueva-linea-de-heladeras-no-frost-la-revolucion-en-tu-cocina.jpg\" alt width=\"244\" height=\"300\" srcset=\"http:\/\/latecordoba.com\/wp-content\/uploads\/2024\/01\/gafa-presenta-su-nueva-linea-de-heladeras-no-frost-la-revolucion-en-tu-cocina.jpg 244w, https:\/\/www.eldiariodeturismo.com.ar\/wp-content\/uploads\/2024\/01\/GAFA-heladera-1.jpg 488w\" sizes=\"(max-width: 244px) 100vw, 244px\">Es una heladera amigable con el medio ambiente ya que usa el gas ecol\u00f3gico R600a y posee&nbsp; Clasificaci\u00f3n Energ\u00e9tica A (garantiza un menor consumo de energ\u00eda, contribuyendo a la eficiencia y sostenibilidad); y tiene luz LED, que mejora la visualizaci\u00f3n del interior de la heladera.<\/p>\n<p dir=\"ltr\">Est\u00e1 pensada para quienes buscan versatilidad y eficiencia en un solo electrodom\u00e9stico. Desarrollada con <strong>tecnolog\u00eda No Frost,<\/strong> evita la acumulaci\u00f3n de hielo o escarcha en el freezer, garantizando un mantenimiento sin complicaciones. Disponible en una variedad de tama\u00f1os y colores, mantiene el dise\u00f1o moderno y compacto por fuera y es espaciosa por dentro. Es decir, la soluci\u00f3n ideal para maximizar el espacio de guardado incluso para quienes tienen cocinas con limitaciones de espacio.<\/p>\n<p dir=\"ltr\"><img loading=\"lazy\" decoding=\"async\" class=\"size-medium wp-image-241515 alignleft\" src=\"http:\/\/latecordoba.com\/wp-content\/uploads\/2024\/01\/gafa-presenta-su-nueva-linea-de-heladeras-no-frost-la-revolucion-en-tu-cocina-1.jpg\" alt width=\"232\" height=\"300\" srcset=\"http:\/\/latecordoba.com\/wp-content\/uploads\/2024\/01\/gafa-presenta-su-nueva-linea-de-heladeras-no-frost-la-revolucion-en-tu-cocina-2.jpg 232w, https:\/\/www.eldiariodeturismo.com.ar\/wp-content\/uploads\/2024\/01\/GAFA-Refrigerator_3500P_Dimension_Gafa_Spanish.jpg 402w\" sizes=\"(max-width: 232px) 100vw, 232px\">Suma adem\u00e1s, algunas caracter\u00edsticas que aportan practicidad como los&nbsp;<strong>estantes de vidrio templado&nbsp;<\/strong>que ofrecen mayor resistencia y durabilidad, facilitando la limpieza y la organizaci\u00f3n interior. Posee un&nbsp;<strong>compartimento extra fr\u00edo en la heladera<\/strong>&nbsp;que enfr\u00eda los alimentos y bebidas de manera m\u00e1s r\u00e1pida. Adem\u00e1s, cuenta con un&nbsp;<strong>caj\u00f3n Hortifruti&nbsp;<\/strong>que organiza y mantiene las frutas y verduras frescas por m\u00e1s tiempo; dos bandejas para almacenar 12 huevos de forma c\u00f3moda.<\/p>\n<p dir=\"ltr\">\u201cEstamos orgullosos de presentar la l\u00ednea de Heladeras Gafa No Frost que completa y actualiza nuestro lineal en el marco de los 40 a\u00f1os que celebra la marca. Esta incorporaci\u00f3n muestra nuestro profundo compromiso con desarrollar nuevos productos que faciliten la vida de los argentinos y que al mismo tiempo sean amigables con el medio ambiente. Y refleja nuestro objetivo de democratizar la tecnolog\u00eda No Frost proporcionando tecnolog\u00eda de vanguardia y productos de calidad y durables para simplificar y mejorar la vida de todos los argentinos\u201d destaca <strong>Mariano Vranjican, Gerente de Producto de Electrolux Group.<\/strong><\/p>\n<p dir=\"ltr\">Con esta nueva l\u00ednea de heladeras \u00abNo Frost\u00bb, <span><strong>GAFA<\/strong> <\/span>contin\u00faa posicion\u00e1ndose en el mercado argentino con soluciones pr\u00e1cticas e innovadoras para el hogar.<\/p>\n<p dir=\"ltr\">.<\/p>\n<p dir=\"ltr\">FUENTE: Hansen Lenoir \u2013 Strategic Communication Partners<\/p>\n","protected":false},"excerpt":{"rendered":"<p> GAFA,\u00a0 marca l\u00edder en electrodom\u00e9sticos para el hogar, presenta su nueva l\u00ednea de heladeras \u201cNo Frost\u201d, dise\u00f1adas para simplificar la  <\/p>\n","protected":false},"author":1,"featured_media":20947,"comment_status":"open","ping_status":"closed","sticky":false,"template":"","format":"standard","meta":[],"categories":[19],"tags":[],"_links":{"self":[{"href":"https:\/\/latecordoba.com\/index.php\/wp-json\/wp\/v2\/posts\/20946"}],"collection":[{"href":"https:\/\/latecordoba.com\/index.php\/wp-json\/wp\/v2\/posts"}],"about":[{"href":"https:\/\/latecordoba.com\/index.php\/wp-json\/wp\/v2\/types\/post"}],"author":[{"embeddable":true,"href":"https:\/\/latecordoba.com\/index.php\/wp-json\/wp\/v2\/users\/1"}],"replies":[{"embeddable":true,"href":"https:\/\/latecordoba.com\/index.php\/wp-json\/wp\/v2\/comments?post=20946"}],"version-history":[{"count":0,"href":"https:\/\/latecordoba.com\/index.php\/wp-json\/wp\/v2\/posts\/20946\/revisions"}],"wp:featuredmedia":[{"embeddable":true,"href":"https:\/\/latecordoba.com\/index.php\/wp-json\/wp\/v2\/media\/20947"}],"wp:attachment":[{"href":"https:\/\/latecordoba.com\/index.php\/wp-json\/wp\/v2\/media?parent=20946"}],"wp:term":[{"taxonomy":"category","embeddable":true,"href":"https:\/\/latecordoba.com\/index.php\/wp-json\/wp\/v2\/categories?post=20946"},{"taxonomy":"post_tag","embeddable":true,"href":"https:\/\/latecordoba.com\/index.php\/wp-json\/wp\/v2\/tags?post=20946"}],"curies":[{"name":"wp","href":"https:\/\/api.w.org\/{rel}","templated":true}]}}