{"id":20940,"date":"2024-01-24T11:41:43","date_gmt":"2024-01-24T11:41:43","guid":{"rendered":"https:\/\/viapais.com.ar\/cordoba\/cortes-de-luz-en-cordoba-epec-informo-los-barrios-afectados-este-miercoles-24-de-enero\/"},"modified":"2024-01-24T11:41:43","modified_gmt":"2024-01-24T11:41:43","slug":"cortes-de-luz-en-cordoba-epec-informo-los-barrios-afectados-este-miercoles-24-de-enero","status":"publish","type":"post","link":"https:\/\/latecordoba.com\/index.php\/2024\/01\/24\/cortes-de-luz-en-cordoba-epec-informo-los-barrios-afectados-este-miercoles-24-de-enero\/","title":{"rendered":"Cortes de luz en C\u00f3rdoba: Epec inform\u00f3 los barrios afectados este mi\u00e9rcoles 24 de enero"},"content":{"rendered":"<br \/>\n<section readability=\"13.972508591065\">\n<p>Desde la<a href=\"https:\/\/viapais.com.ar\/cordoba\/cortes-de-luz-en-cordoba-epec-confirmo-los-barrios-afectados-este-martes-23-de-enero\/\" target=\"_blank\" rel=\"noopener\"><b> Empresa Provincial de Energ\u00eda de C\u00f3rdoba (Epec)<\/b><\/a><a href=\"https:\/\/viapais.com.ar\/cordoba\/cortes-de-luz-en-cordoba-epec-informo-los-barrios-afectados-este-jueves-18-de-enero\/\"><b> <\/b><\/a>informaron que ya comenz\u00f3 una serie de<a href=\"https:\/\/viapais.com.ar\/cordoba\/masivo-corte-de-luz-en-cordoba-la-explicacion-de-epec-respecto-a-la-interrupcion-del-servicio\/\" target=\"_blank\" rel=\"noopener\"> <b>cortes de luz<\/b><\/a>programados en diferentes sectores. En esta oportunidad, detallaron que&nbsp;<b>se trata de cinco barrios.<\/b><\/p>\n<article class=\"article card \">\n<div class=\"article-inner \">\n<div class=\"article-image \"><a href=\"https:\/\/viapais.com.ar\/cordoba\/clima-en-cordoba-como-estara-el-tiempo-este-miercoles-24-de-enero-sigue-el-calor\/\" title=\"Calor en C\u00f3rdoba\"><\/p>\n<figure><picture><img alt=\"Calor en C\u00f3rdoba\" class=\" block \" src=\"http:\/\/latecordoba.com\/wp-content\/uploads\/2024\/01\/cortes-de-luz-en-cordoba-epec-informo-los-barrios-afectados-este-miercoles-24-de-enero.jpg\" sizes=\"auto\" loading=\"lazy\" data-src=\"http:\/\/latecordoba.com\/wp-content\/uploads\/2024\/01\/cortes-de-luz-en-cordoba-epec-informo-los-barrios-afectados-este-miercoles-24-de-enero.jpg\" width=\"307px\" fetchpriority=\"low\" decoding=\"async\" height=\"173px\"><\/picture><\/figure>\n<p><\/a><\/div>\n<\/div>\n<\/article>\n<p>Seg\u00fan anunciaron desde la empresa, las<a href=\"https:\/\/viapais.com.ar\/temas\/cortes-de-luz\/\" target=\"_blank\" rel=\"noopener\">interrupciones en el servicio<\/a>&nbsp;se desarrollar\u00e1n&nbsp;<b>durante varias horas en la ma\u00f1ana de este mi\u00e9rcoles<\/b>.<\/p>\n<h2 class><b>\u00bfQU\u00c9 ES LA EPEC?<\/b><\/h2>\n<p><a href=\"https:\/\/viapais.com.ar\/cordoba\/masivo-corte-de-luz-en-cordoba-epec-informo-los-12-barrios-afectados-este-sabado-16-de-diciembre\/\" target=\"_blank\" rel=\"noopener\"><b>Epec&nbsp;<\/b><\/a><b>es la Empresa Provincial de Energ\u00eda de C\u00f3rdoba<\/b>, una firma estatal que abastece de energ\u00eda el\u00e9ctrica a la ciudad capital y a m\u00faltiples localidades. Naci\u00f3 hace casi 70 a\u00f1os a partir de la fusi\u00f3n de dos organismos p\u00fablicos: la Direcci\u00f3n General de Energ\u00eda El\u00e9ctrica y el Servicio P\u00fablico de Electricidad de C\u00f3rdoba (EPEC).<\/p>\n<h2 class><b>\u00bfPOR QU\u00c9 HAY CORTES DE LUZ EN C\u00d3RDOBA?<\/b><\/h2>\n<p>De acuerdo a lo informado desde Epec, los cortes que se producen este mi\u00e9rcoles tienen que ver con<a href=\"https:\/\/viapais.com.ar\/cordoba\/masivo-corte-de-luz-en-cordoba-epec-informo-los-17-barrios-afectados-este-viernes-8-de-diciembre\/\" target=\"_blank\" rel=\"noopener\"><b>obras de mantenimiento y mejora programadas<\/b>.<\/a><\/p>\n<article class=\"article card \">\n<div class=\"article-inner \">\n<div class=\"article-image \"><a href=\"https:\/\/viapais.com.ar\/cordoba\/subio-el-precio-de-la-carne-en-cordoba-cuales-son-los-cortes-mas-economicos\/\" title=\"Aumento en el precio de la carne\"><\/p>\n<figure><picture><img alt=\"Aumento en el precio de la carne\" class=\" block \" src=\"http:\/\/latecordoba.com\/wp-content\/uploads\/2024\/01\/cortes-de-luz-en-cordoba-epec-informo-los-barrios-afectados-este-miercoles-24-de-enero-1.jpg\" sizes=\"auto\" loading=\"lazy\" data-src=\"http:\/\/latecordoba.com\/wp-content\/uploads\/2024\/01\/cortes-de-luz-en-cordoba-epec-informo-los-barrios-afectados-este-miercoles-24-de-enero-1.jpg\" width=\"307px\" fetchpriority=\"low\" decoding=\"async\" height=\"173px\"><\/picture><\/figure>\n<p><\/a><\/div>\n<\/div>\n<\/article>\n<h2 class><b>LOS CORTES DE LUZ PROGRAMADOS PARA ESTE MI\u00c9RCOLES EN C\u00d3RDOBA<\/b><\/h2>\n<p>De <b>8 <\/b>a<b> 10:<\/b><\/p>\n<ul>\n<li><span>Parque <b>Industrial Montecristo.<\/b><\/span><\/li>\n<\/ul>\n<\/section>\n<div class=\"noreadme-audima\">\n<h2>Temas Relacionados<\/h2>\n<\/div>\n","protected":false},"excerpt":{"rendered":"<p>Desde la Empresa Provincial de Energ\u00eda de C\u00f3rdoba (Epec) informaron que ya comenz\u00f3 una serie de cortes de luzprogramados en diferentes sectores. En esta oportunidad, detallaron que&nbsp;se trata de cinco barrios. Seg\u00fan anunciaron desde la empresa, lasinterrupciones en el servicio&nbsp;se desarrollar\u00e1n&nbsp;durante varias horas en la ma\u00f1ana de este mi\u00e9rcoles. \u00bfQU\u00c9 ES LA EPEC? Epec&nbsp;es la [&hellip;]<\/p>\n","protected":false},"author":1,"featured_media":20941,"comment_status":"closed","ping_status":"closed","sticky":false,"template":"","format":"standard","meta":[],"categories":[15],"tags":[],"_links":{"self":[{"href":"https:\/\/latecordoba.com\/index.php\/wp-json\/wp\/v2\/posts\/20940"}],"collection":[{"href":"https:\/\/latecordoba.com\/index.php\/wp-json\/wp\/v2\/posts"}],"about":[{"href":"https:\/\/latecordoba.com\/index.php\/wp-json\/wp\/v2\/types\/post"}],"author":[{"embeddable":true,"href":"https:\/\/latecordoba.com\/index.php\/wp-json\/wp\/v2\/users\/1"}],"replies":[{"embeddable":true,"href":"https:\/\/latecordoba.com\/index.php\/wp-json\/wp\/v2\/comments?post=20940"}],"version-history":[{"count":0,"href":"https:\/\/latecordoba.com\/index.php\/wp-json\/wp\/v2\/posts\/20940\/revisions"}],"wp:featuredmedia":[{"embeddable":true,"href":"https:\/\/latecordoba.com\/index.php\/wp-json\/wp\/v2\/media\/20941"}],"wp:attachment":[{"href":"https:\/\/latecordoba.com\/index.php\/wp-json\/wp\/v2\/media?parent=20940"}],"wp:term":[{"taxonomy":"category","embeddable":true,"href":"https:\/\/latecordoba.com\/index.php\/wp-json\/wp\/v2\/categories?post=20940"},{"taxonomy":"post_tag","embeddable":true,"href":"https:\/\/latecordoba.com\/index.php\/wp-json\/wp\/v2\/tags?post=20940"}],"curies":[{"name":"wp","href":"https:\/\/api.w.org\/{rel}","templated":true}]}}