{"id":20938,"date":"2024-01-24T03:15:51","date_gmt":"2024-01-24T03:15:51","guid":{"rendered":"http:\/\/7e9a2f16153e73ca0ecc1b646007f143"},"modified":"2024-01-24T03:15:51","modified_gmt":"2024-01-24T03:15:51","slug":"milei-se-encamina-a-conseguir-dictamen-de-mayoria-con-apoyo-de-bloques-aliados","status":"publish","type":"post","link":"https:\/\/latecordoba.com\/index.php\/2024\/01\/24\/milei-se-encamina-a-conseguir-dictamen-de-mayoria-con-apoyo-de-bloques-aliados\/","title":{"rendered":"Milei se encamina a conseguir dictamen de mayor\u00eda con apoyo de bloques aliados"},"content":{"rendered":"\n<div class=\"media_block\"><img decoding=\"async\" src=\"http:\/\/latecordoba.com\/wp-content\/uploads\/2024\/01\/milei-se-encamina-a-conseguir-dictamen-de-mayoria-con-apoyo-de-bloques-aliados.jpg\"><\/div>\n<p>Tras un demorado ingreso de los diputados al Anexo C del Congreso para participar del plenario de comisiones, se reanud\u00f3 el tratamiento de la ley \u00f3mnibus en la C\u00e1mara Baja con el objetivo de lograr dictamen de mayor\u00eda por parte del oficialismo.<\/p>\n<p>En ese sentido, La Libertad Avanza (LLA) cumpl\u00eda con su prop\u00f3sito con la colaboraci\u00f3n deljefe del bloque del PRO, Cristian Ritondo, que impuls\u00f3 desde el lunes por la noche el acompa\u00f1amiento del dictamen libertario con disidencias parciales, <a href=\"https:\/\/www.lapoliticaonline.com\/tools\/redirect.php?t=3&amp;i=279971&amp;s=0c9ea1721b7cec26b609a486c1af3585\">como anticip\u00f3 LPO<\/a>.&nbsp;<\/p>\n<p>Un sector del radicalismo, a pesar de los cabildeos que conmovieron su bancada durante los \u00faltimos d\u00edas, se pleg\u00f3 a esa estrategia y 8 legisladores rubricaron el despacho. As\u00ed, el partido de gobierno cosechar\u00eda 55 voluntades: 18 propias, 19 macristas, ocho de la UCR, cuatro de Hacemos Coalici\u00f3n Federal (HCF), cuatro de Innovaci\u00f3n Federal, un legislador de Mendoza y otro de San Juan <\/p>\n<p>En segundo lugar qued\u00f3 el dictamen de rechazo de Uni\u00f3n por la Patria (UxP), que re\u00fane 46 voluntades en las comisiones. Sus argumentos eran similares a los que prepar\u00f3 el FIT, representado tan solo por el diputado Cristian &#8220;Chipi&#8221; Castillo. La explicaci\u00f3n de la distancia entre ambos bloques, seg\u00fan supo LPO, se debi\u00f3 a que el peronismo quedaba lejos de disputar el primer lugar en la pulseada.<\/p>\n<p>Por otro lado, la Coalici\u00f3n C\u00edvica, integrada a la bancada por Miguel Pichetto, present\u00f3 su propio dictamen, con tres firmas. Y lo mismo hizo Margarita Stolbizer y uno de los dos socialistas santafecinos, miembros de ese bloque tambi\u00e9n.<\/p>\n<p><a href=\"https:\/\/www.lapoliticaonline.com\/tools\/redirect.php?t=3&amp;i=280113&amp;s=ff12b06e8f6d0140589752c6f501230d\" class=\"link-type-content content-type-noticia-ar\">Milei defini\u00f3 en la reuni\u00f3n de gabinete la ofensiva contra los gobernadores y us\u00f3 al presidente del Central para disciplinarlos<\/a><\/p>\n<p>La nota la dieron 8 legisladores radicales que no firmaron ning\u00fan expediente, acaso marcando m\u00e1s una divisi\u00f3n interna que prioriza la identifiaci\u00f3n con ideas contrarias al gobierno que una postura fruct\u00edfera en la articulaci\u00f3n parlamentaria.<\/p>\n<p>El titular del bloque UxP, Germ\u00e1n Mart\u00ednez, desafi\u00f3 al oficialismo a que mostrara el borrador del dictamen, cuando fundament\u00f3 el rechazo. &#8220;\u00bfTienen el borrador del dictamen? \u00bfPor qu\u00e9 no lo muestran?&#8221;, pregunt\u00f3, y lament\u00f3 que un sector de la oposici\u00f3n se subordinara a la &#8220;arbitrariedad&#8221; del Poder Ejecutivo y convalidara &#8220;agravios, insultos, descalificaciones y los carpetazos de la AFIP&#8221; que realiz\u00f3 Javier Milei contra los diputados.<\/p>\n<figure class=\"vsmimage\" contenteditable=\"false\"><img decoding=\"async\" loading=\"lazy\" alt=\"El jefe del bloque de Uni\u00f3n por la Patria, Germ\u00e1n Mart\u00ednez, habla en el plenario de comisiones.\" data-vsmid=\"214703\" data-owidth=\"5000\" data-oheight=\"3333\" src=\"data:image\/png;base64,iVBORw0KGgoAAAANSUhEUgAAAx4AAAIOAQMAAAAMVUlSAAAAA1BMVEUAAACnej3aAAAAAXRSTlMAQObYZgAAAElJREFUeJztwQEBAAAAgiD\/r25IQAEAAAAAAAAAAAAAAAAAAAAAAAAAAAAAAAAAAAAAAAAAAAAAAAAAAAAAAAAAAAAAAAAAAPBjz4YAAXoxaWgAAAAASUVORK5CYII=\" vsmidos=\"1\" vsmsrc=\"\/files\/image\/214\/214703\/65b0864188749_798_526!.jpg?s=d691ee31ca3ea8b802a4f8ebb679be18&amp;d=1706067527\" width=\"798\" height=\"526\"><\/figure>\n<p>Tanto Mart\u00ednez contra Myriam Bregman denunciaron, adem\u00e1s, que los libertarios cambiaban la composici\u00f3n de las comisiones, reemplazando unos integrantes de su bloque por otros, mientras transcurr\u00eda la reuni\u00f3n plenaria. Este medio quiso averiguar a qui\u00e9nes suplantaban y con qu\u00e9 miembros pero las autoridades de la C\u00e1mara Baja no quisieron responder y los opositores que se\u00f1alaban la maniobra no pod\u00edan precisar los nombres y apellidos de los libertarios que se relevaban.<\/p>\n<p> Ahora el oficialismo planea convocar a sesi\u00f3n para el pr\u00f3ximo jueves. &#8220;El resultado de la comisi\u00f3n no necesariamente se traduce en ley en el recinto&#8221;, le dijo a LPO una diputada peronista al t\u00e9rmino del debate.&nbsp;<\/p>\n<figure class=\"vsmimage\" contenteditable=\"false\"><img decoding=\"async\" loading=\"lazy\" alt=\"Los jefes de las tres comisiones del plenario, Mayoraz, Bornoroni y Espert.\" data-vsmid=\"214701\" data-owidth=\"1280\" data-oheight=\"853\" src=\"data:image\/png;base64,iVBORw0KGgoAAAANSUhEUgAAAx4AAAIOAQMAAAAMVUlSAAAAA1BMVEUAAACnej3aAAAAAXRSTlMAQObYZgAAAElJREFUeJztwQEBAAAAgiD\/r25IQAEAAAAAAAAAAAAAAAAAAAAAAAAAAAAAAAAAAAAAAAAAAAAAAAAAAAAAAAAAAAAAAAAAAPBjz4YAAXoxaWgAAAAASUVORK5CYII=\" vsmidos=\"1\" vsmsrc=\"\/files\/image\/214\/214701\/65b0848faff25_798_526!.jpg?s=66326c17cc040fccd3820b49ef2b35b1&amp;d=1706067089\" width=\"798\" height=\"526\"><\/figure>\n","protected":false},"excerpt":{"rendered":"\n<div class=\"media_block\"><img decoding=\"async\" src=\"http:\/\/latecordoba.com\/wp-content\/uploads\/2024\/01\/milei-se-encamina-a-conseguir-dictamen-de-mayoria-con-apoyo-de-bloques-aliados.jpg\"><\/div>\n<p>La fragmentaci\u00f3n opositora contribu\u00eda al objetivo del oficialismo, que juntaba 55 firmas. El kirchnerismo y la izquierda elaboraron dict\u00e1menes de rechazo por separado. La Coalici\u00f3n C\u00edvica y Stolbizer otros dos.  <\/p>\n","protected":false},"author":1,"featured_media":20939,"comment_status":"closed","ping_status":"closed","sticky":false,"template":"","format":"standard","meta":[],"categories":[18],"tags":[],"_links":{"self":[{"href":"https:\/\/latecordoba.com\/index.php\/wp-json\/wp\/v2\/posts\/20938"}],"collection":[{"href":"https:\/\/latecordoba.com\/index.php\/wp-json\/wp\/v2\/posts"}],"about":[{"href":"https:\/\/latecordoba.com\/index.php\/wp-json\/wp\/v2\/types\/post"}],"author":[{"embeddable":true,"href":"https:\/\/latecordoba.com\/index.php\/wp-json\/wp\/v2\/users\/1"}],"replies":[{"embeddable":true,"href":"https:\/\/latecordoba.com\/index.php\/wp-json\/wp\/v2\/comments?post=20938"}],"version-history":[{"count":0,"href":"https:\/\/latecordoba.com\/index.php\/wp-json\/wp\/v2\/posts\/20938\/revisions"}],"wp:featuredmedia":[{"embeddable":true,"href":"https:\/\/latecordoba.com\/index.php\/wp-json\/wp\/v2\/media\/20939"}],"wp:attachment":[{"href":"https:\/\/latecordoba.com\/index.php\/wp-json\/wp\/v2\/media?parent=20938"}],"wp:term":[{"taxonomy":"category","embeddable":true,"href":"https:\/\/latecordoba.com\/index.php\/wp-json\/wp\/v2\/categories?post=20938"},{"taxonomy":"post_tag","embeddable":true,"href":"https:\/\/latecordoba.com\/index.php\/wp-json\/wp\/v2\/tags?post=20938"}],"curies":[{"name":"wp","href":"https:\/\/api.w.org\/{rel}","templated":true}]}}