{"id":20920,"date":"2024-01-24T01:12:34","date_gmt":"2024-01-24T01:12:34","guid":{"rendered":"https:\/\/viapais.com.ar\/informacion-general\/como-sera-el-cronograma-de-vuelos-este-miercoles-por-el-paro-nacional\/"},"modified":"2024-01-24T01:12:34","modified_gmt":"2024-01-24T01:12:34","slug":"como-sera-el-cronograma-de-vuelos-este-miercoles-por-el-paro-nacional","status":"publish","type":"post","link":"https:\/\/latecordoba.com\/index.php\/2024\/01\/24\/como-sera-el-cronograma-de-vuelos-este-miercoles-por-el-paro-nacional\/","title":{"rendered":"C\u00f3mo ser\u00e1 el cronograma de vuelos este mi\u00e9rcoles por el paro nacional"},"content":{"rendered":"\n<p>El <a href=\"https:\/\/viapais.com.ar\/politica\/paro-y-marcha-ordenaron-al-ministerio-de-seguridad-que-no-filme-a-los-manifestantes-ni-ordene-hacer-requisas\/\" target=\"_blank\" rel=\"noopener\"><b>paro nacional<\/b><\/a><b> de este mi\u00e9rcoles<\/b> afectar\u00e1 tambi\u00e9n la programaci\u00f3n de vuelos. Las compa\u00f1\u00edas <b>Jetsmart, Aerol\u00edneas Argentinas y Flybondi<\/b> fueron las primeras en anunciar los cambios en sus cronogramas. <\/p>\n<article class=\"article card \">\n<div class=\"article-inner \">\n<div class=\"article-image \"><a href=\"https:\/\/viapais.com.ar\/politica\/acto-pacifico-el-acuerdo-entre-la-cgt-el-ministerio-de-seguridad-y-la-policia-portena-para-este-miercoles\/\" title=\"Ley \u00f3mnibus: la CGT denunci\u00f3 \u201coscurantismo\u201d en reuniones entre la oposici\u00f3n, el Gobierno y \u201cestudios de abogados\u201d\"><\/p>\n<figure><picture><img alt=\"Ley \u00f3mnibus: la CGT denunci\u00f3 \u201coscurantismo\u201d en reuniones entre la oposici\u00f3n, el Gobierno y \u201cestudios de abogados\u201d\" class=\" block \" src=\"http:\/\/latecordoba.com\/wp-content\/uploads\/2024\/01\/como-sera-el-cronograma-de-vuelos-este-miercoles-por-el-paro-nacional.jpg\" sizes=\"auto\" loading=\"lazy\" data-src=\"http:\/\/latecordoba.com\/wp-content\/uploads\/2024\/01\/como-sera-el-cronograma-de-vuelos-este-miercoles-por-el-paro-nacional.jpg\" width=\"307px\" fetchpriority=\"low\" decoding=\"async\" height=\"173px\"><\/picture><\/figure>\n<p><\/a><\/div>\n<\/div>\n<\/article>\n<p><b>Jetsmart cancel\u00f3 todos sus servicios, Aerol\u00edneas Argentinas suspendi\u00f3 267 vuelos y reprogram\u00f3 otros 26<\/b>, en tanto que la low cost<b> Flybondi inform\u00f3 que operar\u00e1 60 vuelos desde el Aeropuerto Internacional de Ezeiza y anul\u00f3 seis.<\/b><\/p>\n<figure><picture><img alt=\"Aerol\u00edneas Argentinas modificar\u00e1 sus vuelos este mi\u00e9rcoles. (T\u00e9lam \/ Lara Sartor)\" class=\" block \" src=\"http:\/\/latecordoba.com\/wp-content\/uploads\/2024\/01\/como-sera-el-cronograma-de-vuelos-este-miercoles-por-el-paro-nacional-1.jpg\" sizes=\"auto\" loading=\"lazy\" data-src=\"http:\/\/latecordoba.com\/wp-content\/uploads\/2024\/01\/como-sera-el-cronograma-de-vuelos-este-miercoles-por-el-paro-nacional-1.jpg\" width=\"1023px\" fetchpriority=\"low\" decoding=\"async\" height=\"545px\"><\/picture><figcaption class>Aerol\u00edneas Argentinas modificar\u00e1 sus vuelos este mi\u00e9rcoles. (T\u00e9lam \/ Lara Sartor)<\/figcaption><\/figure>\n<p>Las decisiones de las compa\u00f1\u00edas que operan en el pa\u00eds vuelos de cabotaje y regionales obedece a <b>la decisi\u00f3n de los gremios aeron\u00e1uticos de plegarse <\/b>a la media de fuerza que se inicia a las 12 hs.<\/p>\n<p>En el caso de <b>Aerol\u00edneas, la operaci\u00f3n se mantendr\u00e1 activa entre las 0 y las 12 del mediod\u00eda<\/b> del mi\u00e9rcoles a ra\u00edz de una <b>conciliaci\u00f3n obligatoria <\/b>dictada por la Secretar\u00eda de Trabajo.<\/p>\n<p>No obstante, se inform\u00f3 la<b> cancelaci\u00f3n de 267 vuelos <\/b>y la <b>reprogramaci\u00f3n de otros 26<\/b> correspondientes al <b>mi\u00e9rcoles 24 de enero <\/b>como consecuencia de la adhesi\u00f3n de los gremios aeron\u00e1uticos al paro nacional dictado por las centrales obreras.<\/p>\n<p>La <b>medida afecta a m\u00e1s de 17 mil pasajeros<\/b> que ten\u00edan programados viajes entre las 12 y las 24 horas de ese d\u00eda.<\/p>\n<h2 class>Los comunicados de las empresas<\/h2>\n<p>\u201cEl dictado de<b> conciliaci\u00f3n obligatoria<\/b> con el gremio que nuclea al personal de <b>rampa, check-in y call center<\/b> (APA, Asociaci\u00f3n del Personal Aeron\u00e1utico) permitir\u00e1 que la operaci\u00f3n continu\u00e9 en la franja entre las 00 y las 12 horas, con un<b> volumen de vuelos reducido y ajustados<\/b> a las necesidades operativas derivadas de la posterior paralizaci\u00f3n de actividades\u201d, indic\u00f3 el comunicado de Aerol\u00edneas.<\/p>\n<p>Agregaron que \u201cse estima que <b>el costo de esta medida para la empresa ser\u00e1 cercana a los USD 2,5 millones<\/b>, considerando gastos de personal, de reprogramaciones y cancelaciones. La regularizaci\u00f3n de la operaci\u00f3n y la distribuci\u00f3n de los pasajeros afectados en otros vuelos llevar\u00e1 aproximadamente 72 horas. Aquellas personas que tuvieron modificaciones en sus reservas ya fueron notificadas v\u00eda mail de estos cambios\u201d.<\/p>\n<p>Por su parte, desde Jetsmart se\u00f1alaron que \u201cla aerol\u00ednea se ha visto en la <b>obligaci\u00f3n de cancelar la totalidad de sus vuelos<\/b> programados para ese d\u00eda, con afectaci\u00f3n para <b>5.000 pasajeros<\/b>\u201d.<\/p>\n<p>\u201cEstas medidas<b> impiden ejercer sus funciones a nuestros empleados<\/b> y proveedores, encargados de brindar los servicios de rampa (traslado de pasajeros y sus equipajes entre la zona de embarque y los aviones), entre otras actividades en todos los aeropuertos del pa\u00eds\u201d, recalc\u00f3 el documento.<\/p>\n<p>En tanto, la compa\u00f1\u00eda a\u00e9rea low cost Flybondi, operar\u00e1 ma\u00f1ana 60 vuelos nacionales e internacionales desde el Aeropuerto de Ezeiza. <\/p>\n<p>Mediante un comunicado, la aerol\u00ednea destac\u00f3 que, debido a que <b>tiene autoprestaci\u00f3n del servicio de handling<\/b> (asistencia en tierra a los aviones y a los pasajeros) en el aeropuerto de Ezeiza,<b> concentrar\u00e1 all\u00ed toda su operaci\u00f3n <\/b>para poder realizar parte de la programaci\u00f3n planificada y que m\u00e1s de <b>11.000 personas puedan volar.<\/b><\/p>\n<article class=\"article card \">\n<div class=\"article-inner \">\n<div class=\"article-image \"><a href=\"https:\/\/viapais.com.ar\/politica\/paro-de-la-cgt-el-gobierno-habilito-la-linea-134-para-denunciar-amenazas-o-extorsiones\/\" title=\"CGT. Anunciaron un posible paro general. (Archivo)\"><\/p>\n<figure><picture><img alt=\"CGT. Anunciaron un posible paro general. (Archivo)\" class=\" block \" src=\"http:\/\/latecordoba.com\/wp-content\/uploads\/2024\/01\/como-sera-el-cronograma-de-vuelos-este-miercoles-por-el-paro-nacional-2.jpg\" sizes=\"auto\" loading=\"lazy\" data-src=\"http:\/\/latecordoba.com\/wp-content\/uploads\/2024\/01\/como-sera-el-cronograma-de-vuelos-este-miercoles-por-el-paro-nacional-2.jpg\" width=\"307px\" fetchpriority=\"low\" decoding=\"async\" height=\"173px\"><\/picture><\/figure>\n<p><\/a><\/div>\n<\/div>\n<\/article>\n<p>Asimismo, se\u00f1alaron que, ante la imposibilidad de operar desde el Aeroparque Internacional Jorge Newbery, la compa\u00f1\u00eda low cost tuvo que realizar ajustes operativos en su programaci\u00f3n que implicaron cambios de aeropuertos, reprogramaciones y la <b>cancelaci\u00f3n de seis vuelos.<\/b><\/p>\n","protected":false},"excerpt":{"rendered":"<p>El paro nacional de este mi\u00e9rcoles afectar\u00e1 tambi\u00e9n la programaci\u00f3n de vuelos. Las compa\u00f1\u00edas Jetsmart, Aerol\u00edneas Argentinas y Flybondi fueron las primeras en anunciar los cambios en sus cronogramas. Jetsmart cancel\u00f3 todos sus servicios, Aerol\u00edneas Argentinas suspendi\u00f3 267 vuelos y reprogram\u00f3 otros 26, en tanto que la low cost Flybondi inform\u00f3 que operar\u00e1 60 vuelos [&hellip;]<\/p>\n","protected":false},"author":1,"featured_media":20921,"comment_status":"closed","ping_status":"closed","sticky":false,"template":"","format":"standard","meta":[],"categories":[15],"tags":[],"_links":{"self":[{"href":"https:\/\/latecordoba.com\/index.php\/wp-json\/wp\/v2\/posts\/20920"}],"collection":[{"href":"https:\/\/latecordoba.com\/index.php\/wp-json\/wp\/v2\/posts"}],"about":[{"href":"https:\/\/latecordoba.com\/index.php\/wp-json\/wp\/v2\/types\/post"}],"author":[{"embeddable":true,"href":"https:\/\/latecordoba.com\/index.php\/wp-json\/wp\/v2\/users\/1"}],"replies":[{"embeddable":true,"href":"https:\/\/latecordoba.com\/index.php\/wp-json\/wp\/v2\/comments?post=20920"}],"version-history":[{"count":0,"href":"https:\/\/latecordoba.com\/index.php\/wp-json\/wp\/v2\/posts\/20920\/revisions"}],"wp:featuredmedia":[{"embeddable":true,"href":"https:\/\/latecordoba.com\/index.php\/wp-json\/wp\/v2\/media\/20921"}],"wp:attachment":[{"href":"https:\/\/latecordoba.com\/index.php\/wp-json\/wp\/v2\/media?parent=20920"}],"wp:term":[{"taxonomy":"category","embeddable":true,"href":"https:\/\/latecordoba.com\/index.php\/wp-json\/wp\/v2\/categories?post=20920"},{"taxonomy":"post_tag","embeddable":true,"href":"https:\/\/latecordoba.com\/index.php\/wp-json\/wp\/v2\/tags?post=20920"}],"curies":[{"name":"wp","href":"https:\/\/api.w.org\/{rel}","templated":true}]}}