{"id":20901,"date":"2024-01-23T00:38:53","date_gmt":"2024-01-23T00:38:53","guid":{"rendered":"https:\/\/www.eldiariodeturismo.com.ar\/?p=241518"},"modified":"2024-01-23T00:38:53","modified_gmt":"2024-01-23T00:38:53","slug":"se-inauguro-playa-del-lago-en-termas-villa-elisa","status":"publish","type":"post","link":"https:\/\/latecordoba.com\/index.php\/2024\/01\/23\/se-inauguro-playa-del-lago-en-termas-villa-elisa\/","title":{"rendered":"Se inaugur\u00f3 Playa del Lago en Termas Villa Elisa\u00a0\u00a0\u00a0\u00a0\u00a0\u00a0\u00a0\u00a0\u00a0\u00a0\u00a0\u00a0\u00a0"},"content":{"rendered":"\n<p>En una tarde ideal de verano y sol, el pasado viernes 19 de enero, se dej\u00f3 formalmente inaugurada y bendecida la Playa del Lago de Termas Villa Elisa, el nuevo atractivo tur\u00edstico que se suma al complejo a partir de esta temporada.<\/p>\n<p><img loading=\"lazy\" decoding=\"async\" class=\"aligncenter wp-image-241523 size-full\" src=\"http:\/\/latecordoba.com\/wp-content\/uploads\/2024\/01\/se-inauguro-playa-del-lago-en-termas-villa-elisa.jpg\" alt width=\"640\" height=\"293\" srcset=\"http:\/\/latecordoba.com\/wp-content\/uploads\/2024\/01\/se-inauguro-playa-del-lago-en-termas-villa-elisa.jpg 640w, https:\/\/www.eldiariodeturismo.com.ar\/wp-content\/uploads\/2024\/01\/Inauguracion-300x137.jpg 300w\" sizes=\"(max-width: 640px) 100vw, 640px\"><\/p>\n<p>Ante autoridades municipales, prestadores tur\u00edsticos, socios, empleados, representantes del sector tur\u00edstico y comercial, vecinos y visitantes se realiz\u00f3 la tradicional ceremonia inaugural con la bendici\u00f3n de aguas de manos del cura p\u00e1rroco de la localidad, Daniel Zimmermann.<\/p>\n<p>Playa del Lago, si bien ya se encontraba funcionando desde hace unos d\u00edas, con la reciente inauguraci\u00f3n, concluyeron los trabajos y detalles finales de la misma, dejando en plenitud todos los servicios ofrecidos en el nuevo sector del complejo.<\/p>\n<p><img loading=\"lazy\" decoding=\"async\" class=\"aligncenter wp-image-241525 size-full\" src=\"http:\/\/latecordoba.com\/wp-content\/uploads\/2024\/01\/se-inauguro-playa-del-lago-en-termas-villa-elisa-1.jpg\" alt width=\"640\" height=\"361\" srcset=\"http:\/\/latecordoba.com\/wp-content\/uploads\/2024\/01\/se-inauguro-playa-del-lago-en-termas-villa-elisa-4.jpg 640w, https:\/\/www.eldiariodeturismo.com.ar\/wp-content\/uploads\/2024\/01\/Inauguracion-autoridades-300x169.jpg 300w\" sizes=\"(max-width: 640px) 100vw, 640px\"><\/p>\n<p>Durante el acto se realiz\u00f3 una breve rese\u00f1a t\u00e9cnica de los trabajos encarados, los tiempos y la inversi\u00f3n ejecutada. La misma estuvo a cargo del Director Milton Jacquet quien luego de contarle a los presentes detalles de la obra agradeci\u00f3 a todo el personal de Termas Villa Elisa y prestadores tercerizados por el compromiso y dedicaci\u00f3n puesto en la obra alcanzando el objetivo.<\/p>\n<p>A continuaci\u00f3n, el presidente del Directorio de Termas Villa Elisa S.A. Diego Pi\u00f1\u00f3n se dirigi\u00f3 a los presentes, agradeci\u00e9ndoles por participar de tal momento importante para la empresa y para toda la comunidad elisense y la zona. Remarc\u00f3 que es una obra hist\u00f3rica e inst\u00f3 a seguir so\u00f1ando con un servicio cada d\u00eda mejor para cada visitante.<\/p>\n<div id=\"gallery-1\" class=\"gallery galleryid-241518 gallery-columns-2 gallery-size-large\">\n<figure class=\"gallery-item\">\n<div class=\"gallery-icon landscape\"> <a href=\"https:\/\/www.eldiariodeturismo.com.ar\/2024\/01\/22\/se-inauguro-playa-del-lago-en-termas-villa-elisa\/inauguracion-1-2\/\"><img loading=\"lazy\" decoding=\"async\" width=\"640\" height=\"480\" src=\"http:\/\/latecordoba.com\/wp-content\/uploads\/2024\/01\/se-inauguro-playa-del-lago-en-termas-villa-elisa-2.jpg\" class=\"attachment-large size-large\" alt srcset=\"http:\/\/latecordoba.com\/wp-content\/uploads\/2024\/01\/se-inauguro-playa-del-lago-en-termas-villa-elisa-2.jpg 640w, https:\/\/www.eldiariodeturismo.com.ar\/wp-content\/uploads\/2024\/01\/Inauguracion-1-300x225.jpg 300w\" sizes=\"(max-width: 640px) 100vw, 640px\"><\/a> <\/div>\n<\/figure>\n<figure class=\"gallery-item\">\n<div class=\"gallery-icon landscape\"> <a href=\"https:\/\/www.eldiariodeturismo.com.ar\/2024\/01\/22\/se-inauguro-playa-del-lago-en-termas-villa-elisa\/inauguracion-2-2\/\"><img loading=\"lazy\" decoding=\"async\" width=\"640\" height=\"480\" src=\"http:\/\/latecordoba.com\/wp-content\/uploads\/2024\/01\/se-inauguro-playa-del-lago-en-termas-villa-elisa-3.jpg\" class=\"attachment-large size-large\" alt srcset=\"http:\/\/latecordoba.com\/wp-content\/uploads\/2024\/01\/se-inauguro-playa-del-lago-en-termas-villa-elisa-3.jpg 640w, https:\/\/www.eldiariodeturismo.com.ar\/wp-content\/uploads\/2024\/01\/Inauguracion-2-300x225.jpg 300w\" sizes=\"(max-width: 640px) 100vw, 640px\"><\/a> <\/div>\n<\/figure><\/div>\n<p>Para finalizar se realiz\u00f3 el corte de cinta inaugural y se invit\u00f3 a los presentes a disfrutar de bebidas de cortes\u00eda.&nbsp; Entrada la noche, el food truck ubicado en el lugar ofreci\u00f3 espect\u00e1culos art\u00edsticos que engalanaron la noche. Para las pr\u00f3ximas semanas se proyectan shows y actividades recreativas para el resto de la temporada.<\/p>\n<p>Playa del Lago se encuentra habilitada todos los d\u00edas de 12 a 20hs. Con servicio de guardavidas, puestos de comidas, sanitarios, sombrillas y todos los servicios. La misma se encuentra en el sector noreste del complejo de 41 hect\u00e1reas. El nuevo atractivo no tiene costo extra para el visitante, ya que est\u00e1 incluido en el valor actual de los accesos.<\/p>\n<p>.<\/p>\n<p>FUENTE: TERMAS VILLA ELISA S.A.<\/p>\n","protected":false},"excerpt":{"rendered":"<p> En una tarde ideal de verano y sol, el pasado viernes 19 de enero, se dej\u00f3 formalmente inaugurada y bendecida  <\/p>\n","protected":false},"author":1,"featured_media":20902,"comment_status":"open","ping_status":"closed","sticky":false,"template":"","format":"standard","meta":[],"categories":[19],"tags":[],"_links":{"self":[{"href":"https:\/\/latecordoba.com\/index.php\/wp-json\/wp\/v2\/posts\/20901"}],"collection":[{"href":"https:\/\/latecordoba.com\/index.php\/wp-json\/wp\/v2\/posts"}],"about":[{"href":"https:\/\/latecordoba.com\/index.php\/wp-json\/wp\/v2\/types\/post"}],"author":[{"embeddable":true,"href":"https:\/\/latecordoba.com\/index.php\/wp-json\/wp\/v2\/users\/1"}],"replies":[{"embeddable":true,"href":"https:\/\/latecordoba.com\/index.php\/wp-json\/wp\/v2\/comments?post=20901"}],"version-history":[{"count":0,"href":"https:\/\/latecordoba.com\/index.php\/wp-json\/wp\/v2\/posts\/20901\/revisions"}],"wp:featuredmedia":[{"embeddable":true,"href":"https:\/\/latecordoba.com\/index.php\/wp-json\/wp\/v2\/media\/20902"}],"wp:attachment":[{"href":"https:\/\/latecordoba.com\/index.php\/wp-json\/wp\/v2\/media?parent=20901"}],"wp:term":[{"taxonomy":"category","embeddable":true,"href":"https:\/\/latecordoba.com\/index.php\/wp-json\/wp\/v2\/categories?post=20901"},{"taxonomy":"post_tag","embeddable":true,"href":"https:\/\/latecordoba.com\/index.php\/wp-json\/wp\/v2\/tags?post=20901"}],"curies":[{"name":"wp","href":"https:\/\/api.w.org\/{rel}","templated":true}]}}