{"id":20897,"date":"2024-01-23T15:41:07","date_gmt":"2024-01-23T15:41:07","guid":{"rendered":"https:\/\/viapais.com.ar\/tucuman\/venta-de-mercaderia-oficial-investigar-hasta-las-ultimas-consecuencias\/"},"modified":"2024-01-23T15:41:07","modified_gmt":"2024-01-23T15:41:07","slug":"venta-de-mercaderia-oficial-investigar-hasta-las-ultimas-consecuencias","status":"publish","type":"post","link":"https:\/\/latecordoba.com\/index.php\/2024\/01\/23\/venta-de-mercaderia-oficial-investigar-hasta-las-ultimas-consecuencias\/","title":{"rendered":"Venta de mercader\u00eda oficial: investigar hasta las \u00faltimas consecuencias"},"content":{"rendered":"\n<div><img decoding=\"async\" src=\"http:\/\/latecordoba.com\/wp-content\/uploads\/2024\/01\/venta-de-mercaderia-oficial-investigar-hasta-las-ultimas-consecuencias.jpg\" class=\"ff-og-image-inserted\"><\/div>\n<section readability=\"26\">\n<p>El gobernador<b> Osvaldo Jaldo<\/b> analiz\u00f3 con parte del gabinete del PE y el Jefe de la Polic\u00eda de Tucum\u00e1n, distintos temas para abordar distintos temas que ocupan la agenda de la provincia.<\/p>\n<p>Estuvieron junto a Jaldo los ministros<b> Regino Amado<\/b> (Gobierno y Justicia); <b>Luis Medina Ruiz <\/b>(Salud); <b>Susana Montaldo <\/b>(Educaci\u00f3n),<b> Eugenio Ag\u00fcero Gamboa<\/b> (Seguridad), <b>Federico Masso <\/b>(Desarrollo Social), <b>Federico Nazur<\/b> (Fiscal de Estado) y el jefe de Polic\u00eda, <b>Joaqu\u00edn Girvau Olleta<\/b>.<\/p>\n<p>En la ocasi\u00f3n el mandatario puntualiz\u00f3 que \u201cratificando nuestra firme decisi\u00f3n de llegar hasta las \u00faltimas consecuencias para que haya una sanci\u00f3n ejemplar nos interiorizamos respecto a los avances de la investigaci\u00f3n que se est\u00e1 llevando adelante sobre la venta ilegal de m\u00f3dulos alimentarios del Ministerio de Desarrollo Social\u201d.<\/p>\n<p>Tambi\u00e9n el mandatario se\u00f1al\u00f3 que se ocuparon del \u201creacondicionamiento de las escuelas a lo largo y ancho de la provincia, de cara al inicio de un nuevo ciclo lectivo. Y en este sentido, instamos a todas las \u00e1reas a trabajar conjuntamente, tanto en el desarrollo de las actividades de verano, como en las tareas de aprestamiento de los establecimientos\u201d.<\/p>\n<\/section>\n<div class=\"noreadme-audima\">\n<h2>Temas Relacionados<\/h2>\n<\/div>\n","protected":false},"excerpt":{"rendered":"<p>El gobernador Osvaldo Jaldo analiz\u00f3 con parte del gabinete del PE y el Jefe de la Polic\u00eda de Tucum\u00e1n, distintos temas para abordar distintos temas que ocupan la agenda de la provincia. Estuvieron junto a Jaldo los ministros Regino Amado (Gobierno y Justicia); Luis Medina Ruiz (Salud); Susana Montaldo (Educaci\u00f3n), Eugenio Ag\u00fcero Gamboa (Seguridad), Federico [&hellip;]<\/p>\n","protected":false},"author":1,"featured_media":20898,"comment_status":"closed","ping_status":"closed","sticky":false,"template":"","format":"standard","meta":[],"categories":[15],"tags":[],"_links":{"self":[{"href":"https:\/\/latecordoba.com\/index.php\/wp-json\/wp\/v2\/posts\/20897"}],"collection":[{"href":"https:\/\/latecordoba.com\/index.php\/wp-json\/wp\/v2\/posts"}],"about":[{"href":"https:\/\/latecordoba.com\/index.php\/wp-json\/wp\/v2\/types\/post"}],"author":[{"embeddable":true,"href":"https:\/\/latecordoba.com\/index.php\/wp-json\/wp\/v2\/users\/1"}],"replies":[{"embeddable":true,"href":"https:\/\/latecordoba.com\/index.php\/wp-json\/wp\/v2\/comments?post=20897"}],"version-history":[{"count":0,"href":"https:\/\/latecordoba.com\/index.php\/wp-json\/wp\/v2\/posts\/20897\/revisions"}],"wp:featuredmedia":[{"embeddable":true,"href":"https:\/\/latecordoba.com\/index.php\/wp-json\/wp\/v2\/media\/20898"}],"wp:attachment":[{"href":"https:\/\/latecordoba.com\/index.php\/wp-json\/wp\/v2\/media?parent=20897"}],"wp:term":[{"taxonomy":"category","embeddable":true,"href":"https:\/\/latecordoba.com\/index.php\/wp-json\/wp\/v2\/categories?post=20897"},{"taxonomy":"post_tag","embeddable":true,"href":"https:\/\/latecordoba.com\/index.php\/wp-json\/wp\/v2\/tags?post=20897"}],"curies":[{"name":"wp","href":"https:\/\/api.w.org\/{rel}","templated":true}]}}