{"id":20893,"date":"2024-01-23T02:38:00","date_gmt":"2024-01-23T02:38:00","guid":{"rendered":"http:\/\/f08026cb467876033aabae9b7b107ad6"},"modified":"2024-01-23T02:38:00","modified_gmt":"2024-01-23T02:38:00","slug":"montenegro-critico-a-milei-por-eliminar-la-ley-de-zona-fria-no-puede-depender-del-gobierno-de-turno","status":"publish","type":"post","link":"https:\/\/latecordoba.com\/index.php\/2024\/01\/23\/montenegro-critico-a-milei-por-eliminar-la-ley-de-zona-fria-no-puede-depender-del-gobierno-de-turno\/","title":{"rendered":"Montenegro critic\u00f3 a Milei por eliminar la ley de Zona Fr\u00eda: &#8220;No puede depender del gobierno de turno&#8221;"},"content":{"rendered":"\n<div class=\"media_block\"><img decoding=\"async\" src=\"http:\/\/latecordoba.com\/wp-content\/uploads\/2024\/01\/montenegro-critico-a-milei-por-eliminar-la-ley-de-zona-fria-no-puede-depender-del-gobierno-de-turno.jpg\"><\/div>\n<div><img decoding=\"async\" src=\"http:\/\/latecordoba.com\/wp-content\/uploads\/2024\/01\/montenegro-critico-a-milei-por-eliminar-la-ley-de-zona-fria-no-puede-depender-del-gobierno-de-turno-1.jpg\" class=\"ff-og-image-inserted\"><\/div>\n<p>El Gobierno incluy\u00f3 en el proyecto de Ley \u00d3mnibus la derogaci\u00f3n de la Ley de Zonas Fr\u00edas y el intendente de Mar del Plata, Guillermo Montenegro, fue el primero en salir al cruce.<\/p>\n<p>Montenegro cuestion\u00f3 el punto de la Ley \u00d3mnibus que barre con la ley 27.637 de Zona Fr\u00eda, un beneficio que implica descuentos del 30% al 50% para los habitantes de zonas desfavorecidas en t\u00e9rminos clim\u00e1ticos.<\/p>\n<p>La ley favorece a m\u00e1s de 4 millones de usuarios del gas residencial por redes y la intenci\u00f3n oficial del gobierno es reemplazar el esquema por una canasta b\u00e1sica energ\u00e9tica que tenga en cuenta el consumo en diferentes regiones del pa\u00eds.<\/p>\n<p>Montenegro le pidi\u00f3 al gobierno de Javier Milei que d\u00e9 marcha atr\u00e1s con ese art\u00edculo que legisla en materia energ\u00e9tica antes de que sea tratado en el Congreso. <\/p>\n<figure class=\"vsmwidget widget-type-twitter\" vsmtype=\"twitter\" contenteditable=\"false\" readability=\"-19.546511627907\">\n<blockquote class=\"twitter-tweet\" readability=\"11.441860465116\">\n<p lang=\"es\" dir=\"ltr\">MAR DEL PLATA ES ZONA FR\u00cdA. NO PUEDE DEPENDER DEL GOBIERNO DE TURNO. Hace dos a\u00f1os, se aprob\u00f3 una ley que contempla que los argentinos que viven con condiciones clim\u00e1ticas adversas puedan acceder a una tarifa de gas acorde a la situaci\u00f3n de cada lugar. Esta ley, como saben, es&#8230;\u2014 Guillermo Montenegro (@gmontenegro_ok) <a href=\"https:\/\/twitter.com\/gmontenegro_ok\/status\/1749547698879857053?ref_src=twsrc%5Etfw\">January 22, 2024<\/a><\/p>\n<\/blockquote>\n<\/figure>\n<p>A trav\u00e9s de Twitter, el intendente del PRO explic\u00f3 que la ley que contempla a lugares con condiciones clim\u00e1ticas adversas &#8220;es extensiva a muchas regiones del interior del pa\u00eds, incluida Mar del Plata&#8221; y que reci\u00e9n hoy se enteraron de la intenci\u00f3n del oficialismo de derogarla.<\/p>\n<p>Es por esto que pidi\u00f3 &#8220;escuchar&#8221; al interior del pa\u00eds porque, seg\u00fan afirm\u00f3, &#8220;es la \u00fanica forma de hacer las cosas bien, conociendo su realidad&#8221;. De esta manera, apunt\u00f3 directamente contra la administraci\u00f3n nacional: &#8220;No se pueden tomar decisiones solo desde la l\u00f3gica del AMBA&#8221;.<\/p>\n<p><a href=\"https:\/\/www.lapoliticaonline.com\/tools\/redirect.php?t=3&amp;i=278681&amp;s=a897eb19fb05f386fc0e34ac8bf309f0\" class=\"link-type-content content-type-noticia-ar\">El gobierno confirm\u00f3 la quita total de subsidios al gas y las tarifas aumentar\u00edan 300%<\/a><\/p>\n<p>El subsidio para bonificar el consumo de gas en zonas de bajas temperaturas de la Patagonia se hab\u00eda creado en los a\u00f1os 90, pero hace dos a\u00f1os se extendi\u00f3 a varias localidades del centro del pa\u00eds. Los recursos surgen del Fondo Fiduciario para Subsidios de Consumos Residenciales de Gas que se financia con un recargo al resto de los hogares.<\/p>\n<p>En esa l\u00ednea, Montenegro dijo que &#8220;es importante que entender que no es un capricho ni una cuesti\u00f3n de beneficios por que s\u00ed: es una manera de hacer que las zonas geogr\u00e1ficas en las que es 100% necesario usar m\u00e1s calefacci\u00f3n debido a las bajas temperaturas puedan hacerlo&#8221;.<\/p>\n<p>&#8220;Siempre se puede conversar y encontrar mejoras a los proyectos que acompa\u00f1en las necesidades del Gobierno de la Naci\u00f3n, pero que de ninguna manera perjudiquen exponencialmente a nuestros vecinos&#8221;, remarc\u00f3 el alcalde marplatense y asegur\u00f3 que trabajar\u00e1 &#8220;para explicarle a cada autoridad y a cada legislador el riesgo enorme que tendr\u00eda aprobar este proyecto. Vamos a defender a cada marplatense&#8221;.<\/p>\n","protected":false},"excerpt":{"rendered":"\n<div class=\"media_block\"><img decoding=\"async\" src=\"http:\/\/latecordoba.com\/wp-content\/uploads\/2024\/01\/montenegro-critico-a-milei-por-eliminar-la-ley-de-zona-fria-no-puede-depender-del-gobierno-de-turno.jpg\"><\/div>\n<p>El intendente dijo que no es lo mismo calefaccionarse en Mar del Plata que en Capital Federal o el conurbano. La ley beneficia a quienes vivan en condiciones clim\u00e1ticas adversas.  <\/p>\n","protected":false},"author":1,"featured_media":20894,"comment_status":"closed","ping_status":"closed","sticky":false,"template":"","format":"standard","meta":[],"categories":[18],"tags":[],"_links":{"self":[{"href":"https:\/\/latecordoba.com\/index.php\/wp-json\/wp\/v2\/posts\/20893"}],"collection":[{"href":"https:\/\/latecordoba.com\/index.php\/wp-json\/wp\/v2\/posts"}],"about":[{"href":"https:\/\/latecordoba.com\/index.php\/wp-json\/wp\/v2\/types\/post"}],"author":[{"embeddable":true,"href":"https:\/\/latecordoba.com\/index.php\/wp-json\/wp\/v2\/users\/1"}],"replies":[{"embeddable":true,"href":"https:\/\/latecordoba.com\/index.php\/wp-json\/wp\/v2\/comments?post=20893"}],"version-history":[{"count":0,"href":"https:\/\/latecordoba.com\/index.php\/wp-json\/wp\/v2\/posts\/20893\/revisions"}],"wp:featuredmedia":[{"embeddable":true,"href":"https:\/\/latecordoba.com\/index.php\/wp-json\/wp\/v2\/media\/20894"}],"wp:attachment":[{"href":"https:\/\/latecordoba.com\/index.php\/wp-json\/wp\/v2\/media?parent=20893"}],"wp:term":[{"taxonomy":"category","embeddable":true,"href":"https:\/\/latecordoba.com\/index.php\/wp-json\/wp\/v2\/categories?post=20893"},{"taxonomy":"post_tag","embeddable":true,"href":"https:\/\/latecordoba.com\/index.php\/wp-json\/wp\/v2\/tags?post=20893"}],"curies":[{"name":"wp","href":"https:\/\/api.w.org\/{rel}","templated":true}]}}