{"id":20891,"date":"2024-01-23T03:15:23","date_gmt":"2024-01-23T03:15:23","guid":{"rendered":"https:\/\/viapais.com.ar\/arroyito\/cinco-equipos-de-la-liga-regional-jugaran-el-provincial-de-clubes-de-futbol\/"},"modified":"2024-01-23T03:15:23","modified_gmt":"2024-01-23T03:15:23","slug":"empate-de-adea-triunfos-de-devoto-freyre-y-la-francia-en-el-inicio-del-provincial","status":"publish","type":"post","link":"https:\/\/latecordoba.com\/index.php\/2024\/01\/23\/empate-de-adea-triunfos-de-devoto-freyre-y-la-francia-en-el-inicio-del-provincial\/","title":{"rendered":"Empate de ADEA, Triunfos de Devoto, Freyre y La Francia en el inicio del Provincial"},"content":{"rendered":"\n<p>La edici\u00f3n 2024 del certamen inicia este fin de semana y ser\u00e1n <b>cinco los clubes de la Liga Regional de F\u00fatbol San Francisco<\/b> que lo jugar\u00e1n. <b>Sportivo Sacanta, Cultural La Francia, Asociaci\u00f3n Deportiva El Ara\u00f1ado, 9 de Julio Ol\u00edmpico de Freyre y Sociedad Sportiva Devoto. <\/b>Los equipos de <b>Arroyito no estar\u00e1n presenten en el torneo<\/b>, habitualmente no participan del mismo. Tanto el 24 como el Cultural empezaron a delinear la temporada en la competencia dom\u00e9stica de la Zona Oeste.<\/p>\n<figure><picture><img alt=\"Sacanta F\u00fatbol Provincial organizado por la Federaci\u00f3n Cordobesa\" class=\" block \" src=\"http:\/\/latecordoba.com\/wp-content\/uploads\/2024\/01\/empate-de-adea-triunfos-de-devoto-freyre-y-la-francia-en-el-inicio-del-provincial.jpg\" sizes=\"auto\" loading=\"lazy\" data-src=\"http:\/\/latecordoba.com\/wp-content\/uploads\/2024\/01\/empate-de-adea-triunfos-de-devoto-freyre-y-la-francia-en-el-inicio-del-provincial.jpg\" width=\"1023px\" fetchpriority=\"low\" decoding=\"async\" height=\"706px\"><\/picture><figcaption class>Sacanta F\u00fatbol Provincial organizado por la Federaci\u00f3n Cordobesa Foto: Prensa F\u00fatbol Regional<\/figcaption><\/figure>\n<p>El <b>pasado s\u00e1bado se sortearon las zonas y el fixture del Torneo Provincial <\/b>de Clubes de Primera Divisi\u00f3n 2024 que organiza la Federaci\u00f3n Cordobesa de F\u00fatbol. En total son <b>diez zonas, ocho de cuatro clubes y dos de seis <\/b>divididas en dos sub zonas de tres. Los doce primeros de zonas o sub zonas clasificar\u00e1n a octavos de final mientras que los ocho mejores segundos jugar\u00e1n cuatro partidos de repechaje para completar los 16 del cuadro definitivo. <b>La primera fecha se jugar\u00e1 este domingo 21 de enero<\/b> y la fase de grupos culminar\u00eda el 25 de febrero.<\/p>\n<figure><picture><img alt=\"F\u00fatbol Provincial organizado por la Federaci\u00f3n Cordobesa\" class=\" block \" src=\"http:\/\/latecordoba.com\/wp-content\/uploads\/2024\/01\/empate-de-adea-triunfos-de-devoto-freyre-y-la-francia-en-el-inicio-del-provincial-1.jpg\" sizes=\"auto\" loading=\"lazy\" data-src=\"http:\/\/latecordoba.com\/wp-content\/uploads\/2024\/01\/empate-de-adea-triunfos-de-devoto-freyre-y-la-francia-en-el-inicio-del-provincial-1.jpg\" width=\"1023px\" fetchpriority=\"low\" decoding=\"async\" height=\"681px\"><\/picture><figcaption class>F\u00fatbol Provincial organizado por la Federaci\u00f3n Cordobesa Foto: Prensa F\u00fatbol Regional<\/figcaption><\/figure>\n<p>Puntualmente <b>el Cultural de La Francia integra la Zona 6 <\/b>junto a Deportivo Crecer de Montecristo, Cultural de Colazo, y 9 de Julio de Las Junturas. <b>El \u201ccanalla\u201d debut\u00f3 goleando por 4 a 0 <\/b>al equipo de Montecristo. <b>Maico Mariano fue la gran figura marc\u00f3 3 goles, asisti\u00f3 a Lezcano en el gol restante <\/b>y le cometieron el penal que malogr\u00f3 Gavatorta. Lezcano fue el autor de otro de los goles para los de Ponce.<\/p>\n<figure><picture><img alt=\"Equipo T\u00e9cnico ADEA\" class=\" block \" src=\"http:\/\/latecordoba.com\/wp-content\/uploads\/2024\/01\/empate-de-adea-triunfos-de-devoto-freyre-y-la-francia-en-el-inicio-del-provincial-2.jpg\" sizes=\"auto\" loading=\"lazy\" data-src=\"http:\/\/latecordoba.com\/wp-content\/uploads\/2024\/01\/empate-de-adea-triunfos-de-devoto-freyre-y-la-francia-en-el-inicio-del-provincial-2.jpg\" width=\"1023px\" fetchpriority=\"low\" decoding=\"async\" height=\"1278px\"><\/picture><figcaption class>Equipo T\u00e9cnico ADEA Foto: Facebook personal<\/figcaption><\/figure>\n<p><b>El Ara\u00f1ado que tiene como entrenador a H\u00e9ctor \u201cChacho\u201d Flores, a Fabi\u00e1n Ronco y Marcos Romero <\/b> juega este domingo <b>ante el Club Atl\u00e9tico Calch\u00edn<\/b>. <b>La zona 7<\/b> en la Subzona A est\u00e1n <b>Sportivo Sacanta, ADEA <\/b>que cuenta con cuerpo t\u00e9cnico de la ciudad de Arroyito <b>y Atl\u00e9tico Calch\u00edn.<\/b> <b>El Ara\u00f1ado empat\u00f3 1 a 1 este domingo ante el Club Atl\u00e9tico Calch\u00edn<\/b>. <b>Payeres puso en ventaja a los visitantes <\/b>mientras que <b>el de Arroyito Juan Smit lo empat\u00f3 para el albinegro.<\/b><\/p>\n<figure><picture><img alt=\"Sacanta F\u00fatbol Provincial organizado por la Federaci\u00f3n Cordobesa\" class=\" block \" src=\"http:\/\/latecordoba.com\/wp-content\/uploads\/2024\/01\/empate-de-adea-triunfos-de-devoto-freyre-y-la-francia-en-el-inicio-del-provincial-3.jpg\" sizes=\"auto\" loading=\"lazy\" data-src=\"http:\/\/latecordoba.com\/wp-content\/uploads\/2024\/01\/empate-de-adea-triunfos-de-devoto-freyre-y-la-francia-en-el-inicio-del-provincial-3.jpg\" width=\"1023px\" fetchpriority=\"low\" decoding=\"async\" height=\"743px\"><\/picture><figcaption class>Sacanta F\u00fatbol Provincial organizado por la Federaci\u00f3n Cordobesa Foto: Prensa F\u00fatbol Regional<\/figcaption><\/figure>\n<p>En la <b>Subzona B de la Zona 7 compiten Sociedad Sportiva Devoto, el 9 de Freyre y el equipo de Luque<\/b>. Para la primera jornada en <b>Devoto Sociedad Sportiva gole\u00f3 a Sportivo Sacanta por 5 a 1<\/b>. Bruno Belotti, Franco Casalis mientras que herrera descont\u00f3 para la visita. C\u00f3rdoba y Leandro D\u00edaz en 2 oportunidades le pusieron cifras definitivas el encuentro. <b>El de Freyre le gan\u00f3 por 1 a 0 Asociaci\u00f3n Deportiva y Cultural Luque<\/b> gracias al gol de Nicol\u00e1s Guido.<\/p>\n<figure><picture><img alt=\"F\u00fatbol Provincial organizado por la Federaci\u00f3n Cordobesa\" class=\" block \" src=\"http:\/\/latecordoba.com\/wp-content\/uploads\/2024\/01\/empate-de-adea-triunfos-de-devoto-freyre-y-la-francia-en-el-inicio-del-provincial-4.jpg\" sizes=\"auto\" loading=\"lazy\" data-src=\"http:\/\/latecordoba.com\/wp-content\/uploads\/2024\/01\/empate-de-adea-triunfos-de-devoto-freyre-y-la-francia-en-el-inicio-del-provincial-4.jpg\" width=\"1023px\" fetchpriority=\"low\" decoding=\"async\" height=\"1147px\"><\/picture><figcaption class>F\u00fatbol Provincial organizado por la Federaci\u00f3n Cordobesa Foto: Prensa F\u00fatbol Regional<\/figcaption><\/figure>\n<p>En lo que <b>respecta a los equipos de Arroyito, <\/b>hist\u00f3ricamente no se han inclinado por esta competencia. <b>El Cultural Arroyito Gast\u00f3n Cravero seguir\u00e1 a cargo del primer equipo<\/b> que iniciar\u00e1 la pretemporada el <b>lunes 22 de enero<\/b>. Por el lado del<b> Sportivo 24 de Septiembre no se ha podido conformar a\u00fan<\/b> la subcomisi\u00f3n de f\u00fatbol mayor por lo que <b>la Comisi\u00f3n Directiva del Club tendr\u00e1 definiciones en la semana del 22 de enero<\/b>. La novedad en esta temporada para la Zona Oeste es que la V\u00e9lez de Tr\u00e1nsito participar\u00e1 en el torneo de Primera Divisi\u00f3n.<\/p>\n","protected":false},"excerpt":{"rendered":"<p>La edici\u00f3n 2024 del certamen inicia este fin de semana y ser\u00e1n cinco los clubes de la Liga Regional de F\u00fatbol San Francisco que lo jugar\u00e1n. Sportivo Sacanta, Cultural La Francia, Asociaci\u00f3n Deportiva El Ara\u00f1ado, 9 de Julio Ol\u00edmpico de Freyre y Sociedad Sportiva Devoto. Los equipos de Arroyito no estar\u00e1n presenten en el torneo, [&hellip;]<\/p>\n","protected":false},"author":1,"featured_media":20892,"comment_status":"closed","ping_status":"closed","sticky":false,"template":"","format":"standard","meta":[],"categories":[15],"tags":[],"_links":{"self":[{"href":"https:\/\/latecordoba.com\/index.php\/wp-json\/wp\/v2\/posts\/20891"}],"collection":[{"href":"https:\/\/latecordoba.com\/index.php\/wp-json\/wp\/v2\/posts"}],"about":[{"href":"https:\/\/latecordoba.com\/index.php\/wp-json\/wp\/v2\/types\/post"}],"author":[{"embeddable":true,"href":"https:\/\/latecordoba.com\/index.php\/wp-json\/wp\/v2\/users\/1"}],"replies":[{"embeddable":true,"href":"https:\/\/latecordoba.com\/index.php\/wp-json\/wp\/v2\/comments?post=20891"}],"version-history":[{"count":0,"href":"https:\/\/latecordoba.com\/index.php\/wp-json\/wp\/v2\/posts\/20891\/revisions"}],"wp:featuredmedia":[{"embeddable":true,"href":"https:\/\/latecordoba.com\/index.php\/wp-json\/wp\/v2\/media\/20892"}],"wp:attachment":[{"href":"https:\/\/latecordoba.com\/index.php\/wp-json\/wp\/v2\/media?parent=20891"}],"wp:term":[{"taxonomy":"category","embeddable":true,"href":"https:\/\/latecordoba.com\/index.php\/wp-json\/wp\/v2\/categories?post=20891"},{"taxonomy":"post_tag","embeddable":true,"href":"https:\/\/latecordoba.com\/index.php\/wp-json\/wp\/v2\/tags?post=20891"}],"curies":[{"name":"wp","href":"https:\/\/api.w.org\/{rel}","templated":true}]}}