{"id":20889,"date":"2024-01-22T23:52:28","date_gmt":"2024-01-22T23:52:28","guid":{"rendered":"http:\/\/736728ae11846e4214697b5707b8d534"},"modified":"2024-01-22T23:52:28","modified_gmt":"2024-01-22T23:52:28","slug":"las-pymes-advierten-sobre-el-riesgo-que-con-el-nuevo-proyecto-de-biodiesel-las-agroexportadoras-copen-el-mercado","status":"publish","type":"post","link":"https:\/\/latecordoba.com\/index.php\/2024\/01\/22\/las-pymes-advierten-sobre-el-riesgo-que-con-el-nuevo-proyecto-de-biodiesel-las-agroexportadoras-copen-el-mercado\/","title":{"rendered":"Las pymes advierten sobre el riesgo que con el nuevo proyecto de biodiesel las agroexportadoras copen el mercado."},"content":{"rendered":"\n<div class=\"media_block\"><img decoding=\"async\" src=\"http:\/\/latecordoba.com\/wp-content\/uploads\/2024\/01\/las-pymes-advierten-sobre-el-riesgo-que-con-el-nuevo-proyecto-de-biodiesel-las-agroexportadoras-copen-el-mercado.png\"><\/div>\n<div><img decoding=\"async\" src=\"http:\/\/latecordoba.com\/wp-content\/uploads\/2024\/01\/las-pymes-advierten-sobre-el-riesgo-que-con-el-nuevo-proyecto-de-biodiesel-las-agroexportadoras-copen-el-mercado-1.png\" class=\"ff-og-image-inserted\"><\/div>\n<p>&nbsp;Los empresarios del biocombustible siguen en alerta tras conocerse el borrador con las modificaciones sobre el sector que pretend\u00eda mejorar las condiciones para las pymes productoras de biocombustibles que durante casi dos d\u00e9cadas han logrado un desarrollo en la zona n\u00facleo del pa\u00eds.<\/p>\n<p>El temor que despert\u00f3 el borrador sobre las modificaciones que se conoci\u00f3 este lunes es que las imprecisiones que tiene el nuevo articulado deja abierta la posibilidad para que las agroexportadoras terminen siendo favorecidas para las licitaciones peri\u00f3dicas que el mismo proyecto prev\u00e9.<\/p>\n<p>En rigor, los empresarios pymes del biocombustible reconocen muchas mejoras al proyecto original que pr\u00e1cticamente hac\u00eda desaparecer la industria. Por ejemplo, se proh\u00edbe la importaci\u00f3n por los pr\u00f3ximos 18 a\u00f1os y que las petroleras no puedan meterse en el negocio hasta que no se concrete el corte obligatorio de biocombustibles del 15%.<\/p>\n<p>&nbsp;[<a href=\"https:\/\/www.lapoliticaonline.com\/politica\/milei-cede-en-las-jubilaciones-pero-mantiene-la-suba-de-retenciones-al-maiz-trigo-y-derivados-de-la-soja\/\" target=\"_blank\" rel=\"noopener\">Milei cede en las jubilaciones, pero mantiene la suba de retenciones al ma\u00edz, trigo y derivados de la soja<\/a>]<\/p>\n<div class=\"zone \">\n<div class=\"piece newsletter standard bkg-image\" id=\"vplnewsletterv68245v7\">\n<div class=\"piecetitle\">\n<p><center>LPO <b>SANTA FE<\/b><\/center><\/p>\n<\/div>\n<\/div>\n<\/div>\n<p>Para el 2024, en biodiesel se fij\u00f3 un corte del 10%, para el 2025 del 11% y al a\u00f1o siguiente del 12,5%. En el caso del bioetanol, con el que se mezcla las naftas, el corte obligatorio es del 12% y la autoridad de aplicaci\u00f3n puede determinar un aumento hasta el 15% y a partir de los tres a\u00f1os de entrada en vigencia de la ley, llevarlo al 27%.<\/p>\n<p>Los cupos son muy propicios para la industria del biodiesel si no fuera por las ambig\u00fcedades que presenta el nuevo escrito que le otorga demasiada discrecionalidad a la autoridad de aplicaci\u00f3n y muy pocas certidumbres a las peque\u00f1as y medianas f\u00e1bricas porque no aclara qu\u00e9 porcentaje de ese corte se le reserva y queda flotando el riesgo de tener que competir con las agroexportadoras que quedan habilitadas.<\/p>\n<p class=\"authorquote\">&nbsp;Los cupos son muy propicios para la industria del biodiesel si no fuera por las ambig\u00fcedades que presenta el nuevo escrito que le otorga demasiada discrecionalidad a la autoridad de aplicaci\u00f3n y muy pocas certidumbres a las peque\u00f1as y medianas f\u00e1bricas porque no aclara qu\u00e9 porcentaje de ese corte se le reserva y queda flotando el riesgo de tener que competir con las agroexportadoras que quedan habilitadas&nbsp;<\/p>\n<p>En ese sentido, se estipula un sistema de licitaciones peri\u00f3dicas &#8220;transparentes, de acceso p\u00fablico, de acuerdo a las condiciones que se definen para cada biocombustible&#8221;, indica el borrador y define los requisitos para biodiesel y bioetanol.<\/p>\n<p>&#8220;Nosotros queremos competir, pero en igualdad de condiciones&#8221;, aclar\u00f3 Juan Facciano, presidente de la C\u00e1mara Santafesina de Energ\u00edas Renovables que habl\u00f3 con LPO. Para el empresario, hay una redacci\u00f3n confusa que puede permitir que las grandes agroexportadoras sean las grandes beneficiadas para el mercado interno. Justamente, se denominan industrias integradas porque abarcan toda la l\u00ednea de producci\u00f3n.<\/p>\n<p>Sucede que las pymes que fabrican biodiesel dependen del aceite de soja que es la materia prima principal les compran a las cerealeras. Por ende, se les hace imposible competir contra Cargill o Dreyfus que son las que producen el combustible ecol\u00f3gico y que con el antiguo r\u00e9gimen lo destinaban a la exportaci\u00f3n y para completar el cupo necesario del mercado interno cuando las pymes ya hab\u00edan vendido la totalidad de su capacidad productiva.<\/p>\n<p class=\"authorquote\">&nbsp;Las pymes que fabrican biodiesel dependen del aceite de soja que es la materia prima principal les compran a las cerealeras. Por ende, se les hace imposible competir contra Cargill o Dreyfus<\/p>\n<p>Adem\u00e1s, explic\u00f3 Facciano, deja abierta la posibilidad para que, en tres a\u00f1os, la autoridad de aplicaci\u00f3n defina un aumento del corte al 15% y con eso, permitirles a las petroleras meterse en el negocio.<\/p>\n<p>&nbsp;[<a href=\"https:\/\/www.lapoliticaonline.com\/politica\/pullaro-confirma-el-rechazo-a-las-retenciones-y-complica-la-aprobacion-de-la-ley-omnibus\/\" target=\"_blank\" rel=\"noopener\">Pullaro confirma el rechazo a las retenciones y complica la aprobaci\u00f3n de la ley \u00f3mnibus<\/a>]<\/p>\n<p>Por otro lado, en cuanto al precio de adjudicaci\u00f3n, el proyecto estipula un tope de valor de importaci\u00f3n. Esto significa que ninguna empresa podr\u00e1 ofrecer al mercado interno un precio que supere el valor de importaci\u00f3n generando un panorama de incertidumbre. Por ejemplo, si Brasil decide subsidiar la producci\u00f3n de biocombustibles, tirar\u00e1 el precio abajo afectando a la industria nacional pyme.<\/p>\n<p>A su vez, por las imprecisiones que tiene el borrador, se sugiere que, seg\u00fan el flujo exportador de las grandes cerealeras, se le abrir\u00e1 la canilla al mercado interno. Esto significa que si las exportaciones de biocombusibles caen, se les garantizar\u00e1 una mayor participaci\u00f3n en el mercado local.<\/p>\n<p class=\"authorquote\">&nbsp;Por las imprecisiones que tiene el borrador, se sugiere que, seg\u00fan el flujo exportador de las grandes cerealeras, se le abrir\u00e1 la canilla al mercado interno. Esto significa que si las exportaciones de biocombusibles caen, se les garantizar\u00e1 una mayor participaci\u00f3n en el mercado local<\/p>\n<p>&#8220;La variable pasan a ser las pymes porque dependemos del mercado internacional cuando nosotros no podemos exportar una tonelada, pero corremos el riesgo de que las grandes industrias que s\u00ed pueden exportar, achiquen los peligros con el mercado interno&#8221;, dijeron desde la C\u00e1mara de biocombustibles.<\/p>\n<p> En consecuencia, el ministro de Producci\u00f3n de Pullaro, Gustavo Puccini, viaj\u00f3 este lunes al Congreso Nacional para interiorizarse sobre este tema y con el mandato expreso del gobernador de pedirles a todos los diputados de Santa Fe que no avalen el aumento de las retenciones ni el proyecto de biodiesel hasta que no queden saldadas las dudas.<\/p>\n<p>En ese sentido, Pullaro expres\u00f3 que &#8220;me duele que un gobierno en el cual yo ten\u00eda expectativas de que iba a centrarse en los gastos superfluos para corregir el d\u00e9ficit fiscal; y que se iba a ocupar de la desigualdad en el reparto de los recursos y subsidios en tarifas, por ejemplo, quiera gravar a la industria que genera trabajo en mi provincia&#8221;. <\/p>\n<p class=\"authorquote\" title=\"Maximiliano Pullaro\">&nbsp;Me duele que un gobierno en el cual yo ten\u00eda expectativas de que iba a centrarse en los gastos superfluos para corregir el d\u00e9ficit fiscal; y que se iba a ocupar de la desigualdad en el reparto de los recursos y subsidios en tarifas, por ejemplo, quiera gravar a la industria que genera trabajo en mi provincia<\/p>\n<p>Si dos o tres puntos de d\u00e9ficit de la econom\u00eda nacional est\u00e1n concentrados en el Amba, \u00bfpor qu\u00e9 se quiere corregir ese d\u00e9ficit con la producci\u00f3n; por qu\u00e9 pretenden gravar a la industria que genera trabajo en nuestra provincia?&#8221;, se pregunt\u00f3 el gobernador santafesino que lleva una cruzada contra las retenciones a los derivados de la soja, al ma\u00edz y el trigo que impacta profundamente en su provincia.<\/p>\n<p>Para ello, coordin\u00f3 con los gobernadores de C\u00f3rdoba y de Tucum\u00e1n para hacerse escuchar en tema biodiesel y sumado a los gobernadores de la provincia de Buenos Aires y Entre R\u00edos, pedir por la baja de retenciones al agro.&nbsp;<\/p>\n","protected":false},"excerpt":{"rendered":"\n<div class=\"media_block\"><img decoding=\"async\" src=\"http:\/\/latecordoba.com\/wp-content\/uploads\/2024\/01\/las-pymes-advierten-sobre-el-riesgo-que-con-el-nuevo-proyecto-de-biodiesel-las-agroexportadoras-copen-el-mercado.png\"><\/div>\n<p>Se\u00f1alan que las modificaciones de la ley \u00f3mnibus deja abierta la posibilidad para que las cerealeras monopolicen el mercado interno. Pullaro se pone al frente del reclamo con los gobernadores de las econom\u00edas bio.  <\/p>\n","protected":false},"author":1,"featured_media":20890,"comment_status":"closed","ping_status":"closed","sticky":false,"template":"","format":"standard","meta":[],"categories":[18],"tags":[],"_links":{"self":[{"href":"https:\/\/latecordoba.com\/index.php\/wp-json\/wp\/v2\/posts\/20889"}],"collection":[{"href":"https:\/\/latecordoba.com\/index.php\/wp-json\/wp\/v2\/posts"}],"about":[{"href":"https:\/\/latecordoba.com\/index.php\/wp-json\/wp\/v2\/types\/post"}],"author":[{"embeddable":true,"href":"https:\/\/latecordoba.com\/index.php\/wp-json\/wp\/v2\/users\/1"}],"replies":[{"embeddable":true,"href":"https:\/\/latecordoba.com\/index.php\/wp-json\/wp\/v2\/comments?post=20889"}],"version-history":[{"count":0,"href":"https:\/\/latecordoba.com\/index.php\/wp-json\/wp\/v2\/posts\/20889\/revisions"}],"wp:featuredmedia":[{"embeddable":true,"href":"https:\/\/latecordoba.com\/index.php\/wp-json\/wp\/v2\/media\/20890"}],"wp:attachment":[{"href":"https:\/\/latecordoba.com\/index.php\/wp-json\/wp\/v2\/media?parent=20889"}],"wp:term":[{"taxonomy":"category","embeddable":true,"href":"https:\/\/latecordoba.com\/index.php\/wp-json\/wp\/v2\/categories?post=20889"},{"taxonomy":"post_tag","embeddable":true,"href":"https:\/\/latecordoba.com\/index.php\/wp-json\/wp\/v2\/tags?post=20889"}],"curies":[{"name":"wp","href":"https:\/\/api.w.org\/{rel}","templated":true}]}}