{"id":20881,"date":"2024-01-22T12:05:00","date_gmt":"2024-01-22T12:05:00","guid":{"rendered":"https:\/\/www.puntal.com.ar\/rock-argentino\/mujer-cebra-y-un-ascenso-los-margenes-un-algoritmo-mas-natural-n210081"},"modified":"2024-01-22T12:05:00","modified_gmt":"2024-01-22T12:05:00","slug":"mujer-cebra-y-un-ascenso-desde-los-margenes-con-un-algoritmo-mas-natural","status":"publish","type":"post","link":"https:\/\/latecordoba.com\/index.php\/2024\/01\/22\/mujer-cebra-y-un-ascenso-desde-los-margenes-con-un-algoritmo-mas-natural\/","title":{"rendered":"Mujer Cebra y un ascenso desde los m\u00e1rgenes con un &#8220;algoritmo m\u00e1s natural&#8221;"},"content":{"rendered":"\n<div><img decoding=\"async\" src=\"http:\/\/latecordoba.com\/wp-content\/uploads\/2024\/01\/mujer-cebra-y-un-ascenso-desde-los-margenes-con-un-algoritmo-mas-natural.jpg\" class=\"ff-og-image-inserted\"><\/div>\n<p> Con un cancionero que bulle entre melod\u00edas desgarradoras, estribillos encendidos y una est\u00e9tica musical embebida en el rock alternativo de los a\u00f1os noventa y en g\u00e9neros como el shoegaze y el grunge, la banda que completan Patricio Garc\u00eda Seminara (bater\u00eda) y Gonzalo Muhape (bajo) tendr\u00e1 el s\u00e1bado su primer toque del a\u00f1o en el Club Tri de Mar del Plata.<\/p>\n<p>\u201cSiento que explotamos en Mardel al mismo tiempo que en Capital. La primera vez que fuimos no conoc\u00edamos a nadie y ca\u00edmos al Club Tri. Ah\u00ed pegamos buena onda con Las Tussi y despu\u00e9s todo fue avanzando. En ese viaje ya hab\u00edamos sacado \u2018Verano\u2019 y todo se fue dando de una manera recontra natural. Es una ciudad incre\u00edble, con gente muy particular, que tiene una conexi\u00f3n con el tipo de m\u00fasica alternativa\u201d, se\u00f1al\u00f3 Piedra en di\u00e1logo con T\u00e9lam.<\/p>\n<p>Es que para el frontman \u2013tambi\u00e9n compositor principal de la banda\u2013 la ciudad balnearia es una de las m\u00e1s afines a su propuesta: \u201cNo s\u00e9 si he visto otro lugar con ese nicho tan fuerte. Mar del Plata tiene como algo muy anexado a lo alternativo y me parece que es desde siempre, seg\u00fan entiendo porque tampoco soy de ah\u00ed\u201d, razon\u00f3 antes de esta primera escala, agendada apenas una semana antes de su participaci\u00f3n en el Festival Nuevo D\u00eda en Ciudad Cultural Konex, donde comparten cartel con Buenos Vampiros, otra referencia fresca del renovado mapa alternativo vern\u00e1culo.<\/p>\n<p>A partir del primer \u00e1lbum hom\u00f3nimo, editado a finales de 2021, la banda fue dando pasos cada vez m\u00e1s firmes y hoy ya son una referencia de la nueva escena alternativa y una de las m\u00e1s requeridas por el p\u00fablico de M\u00e9xico, Chile y Uruguay: \u201cEs un flash cruzar a otro pa\u00eds y que de repente haya alguien re copado con tu m\u00fasica. Est\u00e1 bueno que las cosas crezcan. Nunca hab\u00eda tenido la oportunidad de ir a M\u00e9xico, un pa\u00eds que me interesa de toda la vida, y me pareci\u00f3 muy loco porque lo sent\u00ed muy parecido a Argentina\u201d, comparti\u00f3 el cantante.<\/p>\n<div contenteditable=\"false\" class=\"embed_cont type_freetext\" rel=\"freetext\" id=\"embed4366_wrap\" data-provider=\"YouTube\" readability=\"32\">\n<p> Mujer Cebra &#8211; Fantasma (Official Video)<span onclick=\"parent.parent.TinyMCETdcuerpo.preview_embed('embed4366')\" class=\"embed_colapse less\" id=\"embed4366_colapse\"><\/span><span onclick=\"parent.parent.TinyMCETdcuerpo.delete_embed('embed4366')\" class=\"embed_delete less\" id=\"embed4366_delete\"><\/span><\/p>\n<div id=\"embed4366_content\" class=\"embed_content\">\n<p> <iframe loading=\"lazy\" width=\"200\" height=\"150\" src=\"https:\/\/www.youtube.com\/embed\/SoIC4-z8WkI?feature=oembed\" frameborder=\"0\" allow=\"accelerometer; autoplay; clipboard-write; encrypted-media; gyroscope; picture-in-picture; web-share\" allowfullscreen title=\"Mujer Cebra - Fantasma (Official Video)\">[embedded content]<\/iframe><\/p>\n<\/p><\/div>\n<\/p><\/div>\n<p><strong> -\u00bfCu\u00e1l es tu definici\u00f3n sobre lo &#8220;alternativo&#8221;, que es como hoy se identifica a la escena musical de la que emergen grupos como Mujer Cebra?<\/strong><\/p>\n<p>-Yo creo que no es particularmente algo musical. Es algo art\u00edstico, pero tambi\u00e9n un estilo de hacer las cosas. Es algo que est\u00e1 m\u00e1s anexado al arte que a lo que est\u00e1 pasando ahora. Y no hablo de moda como algo malo, sino m\u00e1s bien como una cosa que tiene mucha llegada: si hac\u00e9s las cosas de esa manera sab\u00e9s que ten\u00e9s m\u00e1s chances de que pase algo con lo que est\u00e1s haciendo o que tenga repercusi\u00f3n en los dem\u00e1s. En cambio, lo alternativo tiene m\u00e1s que ver con la visi\u00f3n de uno sobre lo que uno quiere hacer, aun cuando tenga momentos en los que se vaya acercando m\u00e1s o menos al &#8220;mainstream&#8221;. En este momento, lo alternativo tiene mucho peso de nuevo como ha tenido en otros momentos. De repente puede perder un poco de poder y despu\u00e9s volver a recuperarlo.<\/p>\n<p>En el arte siempre lo que pega es algo c\u00edclico. Lo alternativo no tiene que ver con el &#8220;grunge&#8221; o una manera de vestirse. Yo encuentro en la electr\u00f3nica algo recontra alternativo, al igual que en algunas partes de lo urbano tambi\u00e9n. En su momento todo lo que no era de Estados Unidos ni de habla anglosajona era etiquetado como &#8220;world music&#8221;. Y nosotros hacemos un rock re gringo y capaz vamos y nos ponen en esa categor\u00eda.<\/p>\n<p><strong>-\u00bfFue el contexto o la uni\u00f3n y la fuerza de los grupos que contribuy\u00f3 a esta gran actualidad que atraviesa la escena?<\/strong><\/p>\n<p>-La m\u00fasica, y el arte en general, en alg\u00fan momento se empieza a glamorizar y como a poner m\u00e1s est\u00e9ril. Yo siento que pas\u00f3 un poco eso, y que al sentir ese vac\u00edo, tal vez por contraposici\u00f3n, la gente empez\u00f3 a tirar medio para el otro lado. S\u00e9 que es un poco trillado porque nunca es del todo as\u00ed, pero siento que como idea general empez\u00f3 a prevalecer esto de &#8220;me chupa un huevo, voy a hacer lo que se me cante las pelotas&#8221;. Para m\u00ed es algo mundial: vengo viendo hace mucho tiempo proyectos alternativos muy piolas que por ah\u00ed no pegan tanto pero que igualmente est\u00e1n ah\u00ed. Lo mejor es cuando detr\u00e1s de esto se empieza a armar una movida y encima una con llegada. Porque si hablamos de algoritmos, est\u00e1 buen\u00edsimo, pero es m\u00e1s dif\u00edcil cuando te gusta algo m\u00e1s alternativo o m\u00e1s por esa b\u00fasqueda. Es dif\u00edcil de encontrar en las plataformas. Pero mientras m\u00e1s gente del palo vas conociendo que quiere lo mismo, de repente pod\u00e9s llegar a otras cosas a las que capaz no hubieses llegado ni a patadas.<\/p>\n<p>A Buenos Vampiros los conocimos por Casa del Puente, por ejemplo. No los ten\u00eda en el radar. Fuimos a verlos, nos conocimos y fue re interesante saber que hab\u00eda un mont\u00f3n de cosas que nos conectaba. A veces pertenecer a una movida te da como eso del algoritmo m\u00e1s natural: el de la llegada.<\/p>\n<p><span class=\"embed_cont type_highlight inlinehighlight\" rel=\"highlight\" id=\"embed5rh1f2v0on7_wrap\"> <span class=\"embed_options highlight inlinehighlight\" rel=\"opt\" id=\"embed5rh1f2v0on7_opts\">En el arte siempre lo que pega es algo c\u00edclico. Lo alternativo no tiene que ver con el &#8220;grunge&#8221; o una manera de vestirse. Yo encuentro en la electr\u00f3nica algo recontra alternativo, al igual que en algunas partes de lo urbano tambi\u00e9n. En su momento todo lo que no era de Estados Unidos ni de habla anglosajona era etiquetado como &#8220;world music&#8221;. Y nosotros hacemos un rock re gringo y capaz vamos y nos ponen en esa categor\u00eda <span onclick=\"parent.parent.TinyMCETdcuerpo.removeHighlight('embed5rh1f2v0on7')\" class=\"embed_colapse inlinehighlight less\" id=\"embed5rh1f2v0on7_colapse\"><\/span> <\/span> <span class=\"embed_content inlinehighlight\" id=\"embed5rh1f2v0on7_content\">En el arte siempre lo que pega es algo c\u00edclico. Lo alternativo no tiene que ver con el &#8220;grunge&#8221; o una manera de vestirse. Yo encuentro en la electr\u00f3nica algo recontra alternativo, al igual que en algunas partes de lo urbano tambi\u00e9n. En su momento todo lo que no era de Estados Unidos ni de habla anglosajona era etiquetado como &#8220;world music&#8221;. Y nosotros hacemos un rock re gringo y capaz vamos y nos ponen en esa categor\u00eda<\/span><\/span><\/p>\n<p><strong> -Dentro de esa proyecci\u00f3n de la escena, ustedes asoman en la delantera. De hecho, firmaron hace poco un contrato con una multinacional y van a estar en el Lollapalooza \u00bfC\u00f3mo sobrellevan este nuevo camino para el grupo y hacerlo con un nuevo disco como &#8220;Clase B&#8221;?<\/strong><\/p>\n<p>-Vengo viendo un buen panorama para la movida. Veo a gente mucho m\u00e1s chica que yo. Nosotros estamos como en el medio de dos generaciones; vimos los \u00faltimos vestigios del casete y los CD. No me siento incorporado al mundo del TikTok. Pero s\u00ed veo a pibes que se manejan tal vez mejor en este contexto globalizado y que encima curten una movida parecida. Que ciertas cosas les parece gilada y encima con una bajada de m\u00fasica y una apertura muy arriba y recontra particular.<\/p>\n<p>La cabeza de la gente se va abriendo cada vez m\u00e1s en un mont\u00f3n de cosas, entonces como movida lo veo re arriba. Y nosotros tambi\u00e9n por esas cosas de estar en el medio de las dos generaciones y haber curtido alguna y entender un poco de la otra por estar movi\u00e9ndonos en ese c\u00edrculo, siento que s\u00ed estamos llevando una postura con la que la gente conecta.<\/p>\n<p>Y sobre lo de firmar con Sony y todo eso, lo sent\u00edamos como algo provocador. Pens\u00e1bamos que la gente no se iba a esperar eso de una banda alternativa y un poco nos cag\u00e1bamos de risa de eso, pensando en c\u00f3mo le iba a quemar la cabeza a la gente. Y en realidad no, a todo el mundo le chup\u00f3 un huevo porque entienden por d\u00f3nde vamos.<\/p>\n<p><strong>-\u00bfEl lema para este segundo disco fue un poco desmarcarse del primero?<\/strong><\/p>\n<p>-Sab\u00edamos que o ten\u00edamos que batir la misma que el primero o empezar a abrir un poco el juego hacia otro lado, que fue lo que termin\u00f3 pasando. Fue un disco en el que pensamos hacer canciones de la manera m\u00e1s cruda posible y un poco alejarnos tal vez de esa cosa m\u00e1s apantallada, &#8220;grungera&#8221; o de &#8220;shoegaze&#8221; que, obvio, que este disco tambi\u00e9n tiene pero tratando desde el principio de sacarnos esas etiquetas. Por eso me gustan discos de Pescado Rabioso como \u201cDesatorment\u00e1ndonos\u201d, donde hay rock pero tambi\u00e9n un tema re pesado o una balada. Me gusta que el disco sea bien heterog\u00e9neo y que te pegue un paseo no tanto desde el relato o de una cosa conceptual, que eso tambi\u00e9n me gusta y cuanto m\u00e1s lo tenga mejor, pero s\u00ed desde la musicalidad. Es decirle a la gente &#8220;puedo hacer esto&#8221; y tambi\u00e9n &#8220;lo otro&#8221;, porque &#8220;todo es yo&#8221;. No quiero que me etiqueten en un g\u00e9nero de m\u00fasica, s\u00ed tal vez m\u00e1s desde mi lugar de interpretarla.<\/p>\n","protected":false},"excerpt":{"rendered":"<p>\nEl tr\u00edo rockero cuenta de &#8220;Clase B&#8221;, su nuevo disco que vendr\u00e1 a presentar a R\u00edo Cuarto en febrero pr\u00f3ximo  <\/p>\n","protected":false},"author":1,"featured_media":20882,"comment_status":"closed","ping_status":"closed","sticky":false,"template":"","format":"standard","meta":[],"categories":[14],"tags":[],"_links":{"self":[{"href":"https:\/\/latecordoba.com\/index.php\/wp-json\/wp\/v2\/posts\/20881"}],"collection":[{"href":"https:\/\/latecordoba.com\/index.php\/wp-json\/wp\/v2\/posts"}],"about":[{"href":"https:\/\/latecordoba.com\/index.php\/wp-json\/wp\/v2\/types\/post"}],"author":[{"embeddable":true,"href":"https:\/\/latecordoba.com\/index.php\/wp-json\/wp\/v2\/users\/1"}],"replies":[{"embeddable":true,"href":"https:\/\/latecordoba.com\/index.php\/wp-json\/wp\/v2\/comments?post=20881"}],"version-history":[{"count":0,"href":"https:\/\/latecordoba.com\/index.php\/wp-json\/wp\/v2\/posts\/20881\/revisions"}],"wp:featuredmedia":[{"embeddable":true,"href":"https:\/\/latecordoba.com\/index.php\/wp-json\/wp\/v2\/media\/20882"}],"wp:attachment":[{"href":"https:\/\/latecordoba.com\/index.php\/wp-json\/wp\/v2\/media?parent=20881"}],"wp:term":[{"taxonomy":"category","embeddable":true,"href":"https:\/\/latecordoba.com\/index.php\/wp-json\/wp\/v2\/categories?post=20881"},{"taxonomy":"post_tag","embeddable":true,"href":"https:\/\/latecordoba.com\/index.php\/wp-json\/wp\/v2\/tags?post=20881"}],"curies":[{"name":"wp","href":"https:\/\/api.w.org\/{rel}","templated":true}]}}