{"id":20879,"date":"2024-01-22T19:33:16","date_gmt":"2024-01-22T19:33:16","guid":{"rendered":"https:\/\/viapais.com.ar\/entretenimiento\/el-duro-relato-de-silvina-escudero-al-hablar-de-su-salud-me-paso-algo-muy-feo\/"},"modified":"2024-01-22T19:33:16","modified_gmt":"2024-01-22T19:33:16","slug":"el-duro-relato-de-silvina-escudero-al-hablar-de-su-salud-me-paso-algo-muy-feo","status":"publish","type":"post","link":"https:\/\/latecordoba.com\/index.php\/2024\/01\/22\/el-duro-relato-de-silvina-escudero-al-hablar-de-su-salud-me-paso-algo-muy-feo\/","title":{"rendered":"El duro relato de Silvina Escudero al hablar de su salud: \u201cMe pas\u00f3 algo muy feo\u201d"},"content":{"rendered":"<br \/>\n<section readability=\"50.144989339019\">\n<p><a href=\"https:\/\/viapais.com.ar\/via-libre\/silvina-escudero-tomo-sol-en-microbikini-rosa-y-dejo-sin-palabras-a-sus-seguidores-de-instagram\/\" target=\"_blank\" rel=\"noopener\"><b>Silvina Escudero <\/b><\/a>es una de las bailarinas m\u00e1s talentosas y queridas del pa\u00eds. Desde que particip\u00f3 del <b>Bailando por un Sue\u00f1o <\/b>donde alcanz\u00f3 popularidad y logr\u00f3 saltar a la fama. A partir de all\u00ed particip\u00f3 de obras de teatro, novelas y distintos programas de entretenimiento.<\/p>\n<article class=\"article card videoCard \">\n<div class=\"article-inner \">\n<div class=\"article-image \"><a href=\"https:\/\/viapais.com.ar\/via-libre\/silvina-escudero-poso-con-un-look-total-black-con-transparencias-ultra-sensual\/\" title=\"Silvina Escudero pos\u00f3 con un look total black con transparencias ultra sensual\"><\/p>\n<figure><picture><img alt=\"Silvina Escudero pos\u00f3 con un look total black con transparencias ultra sensual\" class=\" block \" src=\"http:\/\/latecordoba.com\/wp-content\/uploads\/2024\/01\/el-duro-relato-de-silvina-escudero-al-hablar-de-su-salud-me-paso-algo-muy-feo.jpg\" sizes=\"auto\" loading=\"lazy\" data-src=\"http:\/\/latecordoba.com\/wp-content\/uploads\/2024\/01\/el-duro-relato-de-silvina-escudero-al-hablar-de-su-salud-me-paso-algo-muy-feo.jpg\" width=\"307px\" fetchpriority=\"low\" decoding=\"async\" height=\"173px\"><\/picture><\/figure>\n<p><\/a><\/div>\n<\/div>\n<\/article>\n<p>Sin embargo, la famosa no est\u00e1 pasando un buen momento ya que su salud est\u00e1 complicada. A fines del 2023 debi\u00f3 ser operada de una cirug\u00eda abdominal y al no hablar del tema, gener\u00f3 preocupaci\u00f3n en sus seguidores.<\/p>\n<p>Sin embargo, hace unos d\u00edas que su hermana <a href=\"https:\/\/viapais.com.ar\/entretenimiento\/vanina-escudero-hablo-sobre-el-delicado-estado-de-salud-de-silvina-bastante-complicado\/\" target=\"_blank\" rel=\"noopener\"><b>Vanina Escudero<\/b><\/a> dio detalles de la salud de Silvina y como se recupera. Adem\u00e1s de que van a volver a trabajar juntas en un nuevo proyecto relacionado al baile.<\/p>\n<p>\u201cA Sil le toc\u00f3 un momento bastante duro. Bastante dif\u00edcil. Ella, la verdad, tiene mucha voluntad de salir adelante. A m\u00ed&nbsp;me pone muy orgullosa\u201d, sostuvo Vanina en referencia a la salud de su hermana.<\/p>\n<p>\u201cQuiz\u00e1s en alg\u00fan momento ella pueda abordar el tema, pero est\u00e1 mejor porque muestra mucha voluntad para superar la situaci\u00f3n\u201d, agreg\u00f3.<\/p>\n<h2 class>Silvina Escudero habl\u00f3 de su salud luego de ser operada<\/h2>\n<p>La bailarina habl\u00f3 con Intrusos y cont\u00f3 m\u00e1s detalles sobre su salud. Al hablar sobre esta temporada de verano que se tom\u00f3 vacaciones, expres\u00f3: <b>\u201cEste no iba a ser as\u00ed, pero sucedi\u00f3 y ac\u00e1 estamos, recuper\u00e1ndose, cargando energ\u00edas. Iba a hacer media temporada, pero despu\u00e9s me tuve que operar en diciembre<\/b>&nbsp;y surgieron cosas y tuve que cambiar los planes\u201d. <\/p>\n<p><b>En referencia a su salud, coment\u00f3: \u201cMe pas\u00f3 algo que fue muy feo, la pas\u00e9 feo. La verdad es que lo compart\u00ed con mi c\u00edrculo muy \u00edntimo, muy personal y privado. Uno necesita energ\u00eda y guardarse cuando est\u00e1 mal. Ir a Punta del Este fue cambiar de aire.<\/b>&nbsp;Mi marido, Fede, me dijo que ten\u00edamos que ir y fue ir transmutando el dolor en energ\u00eda. Es por ah\u00ed\u201d.<\/p>\n<article class=\"article card videoCard \">\n<div class=\"article-inner \">\n<div class=\"article-image \"><a href=\"https:\/\/viapais.com.ar\/entretenimiento\/silvina-escudero-hablo-sobre-su-deseo-de-ser-mama-y-revelo-cuando-planea-tener-su-primer-hijo\/\" title=\"Silvina Escudero habl\u00f3 sobre su deseo de ser mam\u00e1 y revel\u00f3 cu\u00e1ndo planea tener su primer hijo\"><\/p>\n<figure><picture><img alt=\"Silvina Escudero habl\u00f3 sobre su deseo de ser mam\u00e1 y revel\u00f3 cu\u00e1ndo planea tener su primer hijo\" class=\" block \" src=\"http:\/\/latecordoba.com\/wp-content\/uploads\/2024\/01\/el-duro-relato-de-silvina-escudero-al-hablar-de-su-salud-me-paso-algo-muy-feo-1.jpg\" sizes=\"auto\" loading=\"lazy\" data-src=\"http:\/\/latecordoba.com\/wp-content\/uploads\/2024\/01\/el-duro-relato-de-silvina-escudero-al-hablar-de-su-salud-me-paso-algo-muy-feo-1.jpg\" width=\"307px\" fetchpriority=\"low\" decoding=\"async\" height=\"173px\"><\/picture><\/figure>\n<p><\/a><\/div>\n<\/div>\n<\/article>\n<p>Luego agradeci\u00f3 el apoyo de sus fan\u00e1ticos: \u201cYo me siento muy querida y apoyada. Hoy&nbsp;<b>el term\u00f3metro son las redes sociales y me lo hacen sentir. Y el periodismo me pregunt\u00f3 desde la empat\u00eda y la comprensi\u00f3n<\/b>. As\u00ed como toda mi vida cont\u00e9 todo lo que me pas\u00e9, las cosas buenas y las que no, esto decid\u00ed guard\u00e1rmelo\u201d.<\/p>\n<\/section>\n<div class=\"noreadme-audima\">\n<h2>Temas Relacionados<\/h2>\n<\/div>\n","protected":false},"excerpt":{"rendered":"<p>Silvina Escudero es una de las bailarinas m\u00e1s talentosas y queridas del pa\u00eds. Desde que particip\u00f3 del Bailando por un Sue\u00f1o donde alcanz\u00f3 popularidad y logr\u00f3 saltar a la fama. A partir de all\u00ed particip\u00f3 de obras de teatro, novelas y distintos programas de entretenimiento. Sin embargo, la famosa no est\u00e1 pasando un buen momento [&hellip;]<\/p>\n","protected":false},"author":1,"featured_media":20880,"comment_status":"closed","ping_status":"closed","sticky":false,"template":"","format":"standard","meta":[],"categories":[15],"tags":[],"_links":{"self":[{"href":"https:\/\/latecordoba.com\/index.php\/wp-json\/wp\/v2\/posts\/20879"}],"collection":[{"href":"https:\/\/latecordoba.com\/index.php\/wp-json\/wp\/v2\/posts"}],"about":[{"href":"https:\/\/latecordoba.com\/index.php\/wp-json\/wp\/v2\/types\/post"}],"author":[{"embeddable":true,"href":"https:\/\/latecordoba.com\/index.php\/wp-json\/wp\/v2\/users\/1"}],"replies":[{"embeddable":true,"href":"https:\/\/latecordoba.com\/index.php\/wp-json\/wp\/v2\/comments?post=20879"}],"version-history":[{"count":0,"href":"https:\/\/latecordoba.com\/index.php\/wp-json\/wp\/v2\/posts\/20879\/revisions"}],"wp:featuredmedia":[{"embeddable":true,"href":"https:\/\/latecordoba.com\/index.php\/wp-json\/wp\/v2\/media\/20880"}],"wp:attachment":[{"href":"https:\/\/latecordoba.com\/index.php\/wp-json\/wp\/v2\/media?parent=20879"}],"wp:term":[{"taxonomy":"category","embeddable":true,"href":"https:\/\/latecordoba.com\/index.php\/wp-json\/wp\/v2\/categories?post=20879"},{"taxonomy":"post_tag","embeddable":true,"href":"https:\/\/latecordoba.com\/index.php\/wp-json\/wp\/v2\/tags?post=20879"}],"curies":[{"name":"wp","href":"https:\/\/api.w.org\/{rel}","templated":true}]}}