{"id":20864,"date":"2024-01-21T23:07:42","date_gmt":"2024-01-21T23:07:42","guid":{"rendered":"https:\/\/viapais.com.ar\/entretenimiento\/la-cantante-toty-mercado-suena-con-su-desembarco-definitivo-en-cordoba\/"},"modified":"2024-01-21T23:07:42","modified_gmt":"2024-01-21T23:07:42","slug":"la-cantante-toty-mercado-suena-con-su-desembarco-definitivo-en-cordoba","status":"publish","type":"post","link":"https:\/\/latecordoba.com\/index.php\/2024\/01\/21\/la-cantante-toty-mercado-suena-con-su-desembarco-definitivo-en-cordoba\/","title":{"rendered":"La cantante Toty Mercado sue\u00f1a con su desembarco definitivo en C\u00f3rdoba"},"content":{"rendered":"<br \/>\n<section readability=\"39\">\n<p>De San Juan. Ella es Mar\u00eda \u00c1ngeles Mercado, m\u00e1s conocida como Toty Mercado; un verdadero talento. \u201cDesde los 8 a\u00f1os, hago m\u00fasica\u201d, comienza dici\u00e9ndole la cantante y compositora cuyana a <b>V\u00eda Pa\u00eds<\/b>. <\/p>\n<p>\u201cEste a\u00f1o, quiero radicarme definitivamente en C\u00f3rdoba\u201d, contin\u00faa. Siente algo especial. \u201cTanto en la provincia como la ciudad de C\u00f3rdoba, los artistas consagrados como el p\u00fablico siempre me brindaron un cari\u00f1o muy especial\u201d, confiesa.<\/p>\n<p>En 2013, Toty tuvo la oportunidad de cumplir su sue\u00f1o de cantar con la Mona Jim\u00e9nez. Fue nada menos que en el Sargento Cabral. \u201cRealmente, fue una experiencia maravillosa\u201d, recuerda. \u201cMuy emocionante\u201d. <\/p>\n<figure><picture><img alt=\"Toty Mercado, junto a La Mona, en el Sargento Cabral.\" class=\" block \" src=\"http:\/\/latecordoba.com\/wp-content\/uploads\/2024\/01\/la-cantante-toty-mercado-suena-con-su-desembarco-definitivo-en-cordoba.jpg\" sizes=\"auto\" loading=\"lazy\" data-src=\"http:\/\/latecordoba.com\/wp-content\/uploads\/2024\/01\/la-cantante-toty-mercado-suena-con-su-desembarco-definitivo-en-cordoba.jpg\" width=\"1023px\" fetchpriority=\"low\" decoding=\"async\" height=\"1079px\"><\/picture><figcaption class>Toty Mercado, junto a La Mona, en el Sargento Cabral. Foto: Instagram<\/figcaption><\/figure>\n<p>M\u00e1s adelante, tambi\u00e9n cant\u00f3 con Diego Olmos, Marcos Bainotti, Sabroso, Ale Ceberio, la Kuppe y tambi\u00e9n con la Agrupaci\u00f3n Marylin. \u201cTodos han sido muy generosos conmigo. Que te den un espacio, que te brinden una oportunidad no es f\u00e1cil en el ambiente art\u00edstico\u201d.<\/p>\n<p>Finalmente, expresa: \u201cQuiero agradecer una vez m\u00e1s al p\u00fablico, a todos quienes conf\u00edan en m\u00ed. Me gustar\u00eda brindarles el contacto por contrataciones, que es el 3518073123; mi cuenta de Instagram es @totymercadook; y mi manager: @paulimirand_\u201d<\/p>\n<\/section>\n<div class=\"noreadme-audima\">\n<h2>Temas Relacionados<\/h2>\n<\/div>\n","protected":false},"excerpt":{"rendered":"<p>De San Juan. Ella es Mar\u00eda \u00c1ngeles Mercado, m\u00e1s conocida como Toty Mercado; un verdadero talento. \u201cDesde los 8 a\u00f1os, hago m\u00fasica\u201d, comienza dici\u00e9ndole la cantante y compositora cuyana a V\u00eda Pa\u00eds. \u201cEste a\u00f1o, quiero radicarme definitivamente en C\u00f3rdoba\u201d, contin\u00faa. Siente algo especial. \u201cTanto en la provincia como la ciudad de C\u00f3rdoba, los artistas consagrados [&hellip;]<\/p>\n","protected":false},"author":1,"featured_media":20865,"comment_status":"closed","ping_status":"closed","sticky":false,"template":"","format":"standard","meta":[],"categories":[15],"tags":[],"_links":{"self":[{"href":"https:\/\/latecordoba.com\/index.php\/wp-json\/wp\/v2\/posts\/20864"}],"collection":[{"href":"https:\/\/latecordoba.com\/index.php\/wp-json\/wp\/v2\/posts"}],"about":[{"href":"https:\/\/latecordoba.com\/index.php\/wp-json\/wp\/v2\/types\/post"}],"author":[{"embeddable":true,"href":"https:\/\/latecordoba.com\/index.php\/wp-json\/wp\/v2\/users\/1"}],"replies":[{"embeddable":true,"href":"https:\/\/latecordoba.com\/index.php\/wp-json\/wp\/v2\/comments?post=20864"}],"version-history":[{"count":0,"href":"https:\/\/latecordoba.com\/index.php\/wp-json\/wp\/v2\/posts\/20864\/revisions"}],"wp:featuredmedia":[{"embeddable":true,"href":"https:\/\/latecordoba.com\/index.php\/wp-json\/wp\/v2\/media\/20865"}],"wp:attachment":[{"href":"https:\/\/latecordoba.com\/index.php\/wp-json\/wp\/v2\/media?parent=20864"}],"wp:term":[{"taxonomy":"category","embeddable":true,"href":"https:\/\/latecordoba.com\/index.php\/wp-json\/wp\/v2\/categories?post=20864"},{"taxonomy":"post_tag","embeddable":true,"href":"https:\/\/latecordoba.com\/index.php\/wp-json\/wp\/v2\/tags?post=20864"}],"curies":[{"name":"wp","href":"https:\/\/api.w.org\/{rel}","templated":true}]}}