{"id":20848,"date":"2024-01-21T14:00:00","date_gmt":"2024-01-21T14:00:00","guid":{"rendered":"https:\/\/www.puntal.com.ar\/netflix\/enzo-vogrincic-la-sociedad-la-nieve-el-amor-los-otros-es-lo-que-te-salva-n210015"},"modified":"2024-01-21T14:00:00","modified_gmt":"2024-01-21T14:00:00","slug":"enzo-vogrincic-de-la-sociedad-de-la-nieve-el-amor-por-los-otros-es-lo-que-te-salva","status":"publish","type":"post","link":"https:\/\/latecordoba.com\/index.php\/2024\/01\/21\/enzo-vogrincic-de-la-sociedad-de-la-nieve-el-amor-por-los-otros-es-lo-que-te-salva\/","title":{"rendered":"Enzo Vogrincic de &#8220;La sociedad de la nieve&#8221;: &#8220;El amor por los otros es lo que te salva&#8221;"},"content":{"rendered":"\n<div><img decoding=\"async\" src=\"http:\/\/latecordoba.com\/wp-content\/uploads\/2024\/01\/enzo-vogrincic-de-la-sociedad-de-la-nieve-el-amor-por-los-otros-es-lo-que-te-salva.jpg\" class=\"ff-og-image-inserted\"><\/div>\n<p> El actor montevideano est\u00e1 en lo correcto: la cinta basada en el libro hom\u00f3nimo de Pablo Vierci es furor desde que desembarc\u00f3 en el streaming hace 15 d\u00edas. As\u00ed lo marcan las cifras que re\u00fane Netflix, que dan cuenta de que con m\u00e1s de 51 millones de horas vistas en diferentes pa\u00edses del mundo es la m\u00e1s vista a nivel global entre las pel\u00edculas no habladas en ingl\u00e9s.<\/p>\n<p>En Argentina, Uruguay, Chile, M\u00e9xico y Espa\u00f1a es Top 1, y hasta en Estados Unidos se mantiene en el segundo puesto de los filmes m\u00e1s vistos del momento.<\/p>\n<p>Pero adem\u00e1s, este relato que fue elegido por la academia de cine espa\u00f1ol para representar al pa\u00eds en los Oscar 2024 es tambi\u00e9n un fen\u00f3meno de redes. Desde su premiere, dio puntapi\u00e9 a una legi\u00f3n de curiosos que quieren saber m\u00e1s sobre el accidente a\u00e9reo en los Andes en 1972, que buscan detalles de lo que le ocurri\u00f3 a los sobrevivientes, que compara las fotos de la \u00e9poca con el excelente dise\u00f1o de producci\u00f3n de la cinta para reproducirlas con fidelidad.<\/p>\n<p>\u201cA m\u00ed me escriben personas de cualquier lugar y de cualquier edad. Hay algo que tenemos en com\u00fan respecto a lo emocional que nos atraviesa a todos de maneras muy similares y lo empez\u00e1s a ver en la devoluci\u00f3n\u201d, cuenta Vogrincic en charla con T\u00e9lam sobre la repercusi\u00f3n de su trabajo y los mensajes que recibe tanto de aquellos que ya estaban familiarizados con esta historia como del p\u00fablico joven que accede a ella por primera vez.<\/p>\n<p>Enzo encarna en la cinta a Numa Turcatti, uno de los 45 pasajeros del vuelo 571 de la Fuerza A\u00e9rea Uruguaya fletado en 1972 para llevar a un equipo de rugby y sus acompa\u00f1antes a Chile. Numa, que no conoc\u00eda a la mayor\u00eda de los que iban en el avi\u00f3n, fue uno de los 29 que sobrevivieron al impacto de la nave en el coraz\u00f3n de los Andes.<\/p>\n<p>Aquel tremendo episodio, del que solo lograron regresar a casa 16 personas, fue retratado en pantalla dos veces antes (en &#8220;Sobrevivientes de los Andes&#8221;, 1976, de Ren\u00e9 Cardona; y la famos\u00edsima &#8220;\u00a1Viven!&#8221;, 1993, de Frank Marshall), pero la de Bayona es la primera en acercarse desde un realismo impactante.<\/p>\n<p>El personaje de Vogrincic, que como muchos de sus compa\u00f1eros de elenco debi\u00f3 perder m\u00e1s de 20 kilos durante el rodaje para reflejar el extremo cambio f\u00edsico que atravesaron los j\u00f3venes por la privaci\u00f3n de casi toda comida por m\u00e1s de 70 d\u00edas, es adem\u00e1s el narrador de la historia.<\/p>\n<p>El int\u00e9rprete uruguayo convers\u00f3 con esta agencia sobre la repercusi\u00f3n de \u201cLa sociedad de la nieve\u201d, su mirada sobre Numa y lo que hace que esta historia siga resultando conmovedora para las audiencias m\u00e1s de medio siglo despu\u00e9s.<\/p>\n<p><span class=\"embed_cont type_highlight inlinehighlight\" rel=\"highlight\" id=\"embedbuimg9xy2iq_wrap\"> <span class=\"embed_options highlight inlinehighlight\" rel=\"opt\" id=\"embedbuimg9xy2iq_opts\">Yo creo que hay algo humano en la historia que es muy profundo, donde vos est\u00e1s en las peores circunstancias inimaginables y frente a eso surge el amor, frente a eso surge la importancia del otro. Realmente ver al otro y decir \u201cvos sos yo, sin vos yo no estoy, te necesito y somos lo mismo, vamos a tener que salir juntos de ac\u00e1\u201d. Hay algo ah\u00ed de comuni\u00f3n, de armar grupo, de la importancia de la amistad, de darlo todo por el otro. Me parece muy generoso ese punto de vista de la historia, te deja un mensaje de \u201cse puede, se puede, se puede, tengo que seguir un poquito m\u00e1s\u201d. Y esto: la importancia de que el amor por los otros es lo que te salva <span onclick=\"parent.parent.TinyMCETdcuerpo.removeHighlight('embedbuimg9xy2iq')\" class=\"embed_colapse inlinehighlight less\" id=\"embedbuimg9xy2iq_colapse\"><\/span> <\/span> <span class=\"embed_content inlinehighlight\" id=\"embedbuimg9xy2iq_content\">Yo creo que hay algo humano en la historia que es muy profundo, donde vos est\u00e1s en las peores circunstancias inimaginables y frente a eso surge el amor, frente a eso surge la importancia del otro. Realmente ver al otro y decir \u201cvos sos yo, sin vos yo no estoy, te necesito y somos lo mismo, vamos a tener que salir juntos de ac\u00e1\u201d. Hay algo ah\u00ed de comuni\u00f3n, de armar grupo, de la importancia de la amistad, de darlo todo por el otro. Me parece muy generoso ese punto de vista de la historia, te deja un mensaje de \u201cse puede, se puede, se puede, tengo que seguir un poquito m\u00e1s\u201d. Y esto: la importancia de que el amor por los otros es lo que te salva<\/span><\/span><\/p>\n<p><strong> -\u00bfC\u00f3mo viv\u00eds la resonancia que est\u00e1 teniendo la pel\u00edcula?<\/strong><\/p>\n<p>-Es muy at\u00edpico, es como que no hay manera de estar preparado para entender esa dimensi\u00f3n de exposici\u00f3n y de visibilidad de algo que vos hac\u00e9s. Cuando est\u00e1s actuando est\u00e1s en un grado tal de intimidad que no dimension\u00e1s que va a ser tan p\u00fablico, pero me lo tomo con calma en general. Tuve un tiempo para pensar en esto, un tiempo en el que fui tomando la dimensi\u00f3n que esto iba a tener. Lo lindo es esto, estar en ese momento donde toca recibir, donde empez\u00e1s a ver qu\u00e9 pas\u00f3 con eso que trabajaste tanto y ver que conecta, ver que la gente se emociona con el proyecto, que ven la pel\u00edcula y les pasan cosas, que la ven varias veces, que genera una especie de obsesi\u00f3n espectacular.<\/p>\n<p><strong>-\u00bfPara vos qu\u00e9 es lo que hace que esta historia interpele en el presente?<\/strong><\/p>\n<p>-Yo creo que hay algo humano en la historia que es muy profundo, donde vos est\u00e1s en las peores circunstancias inimaginables y frente a eso surge el amor, frente a eso surge la importancia del otro. Realmente ver al otro y decir \u201cvos sos yo, sin vos yo no estoy, te necesito y somos lo mismo, vamos a tener que salir juntos de ac\u00e1\u201d. Hay algo ah\u00ed de comuni\u00f3n, de armar grupo, de la importancia de la amistad, de darlo todo por el otro. Me parece muy generoso ese punto de vista de la historia, te deja un mensaje de \u201cse puede, se puede, se puede, tengo que seguir un poquito m\u00e1s\u201d. Y esto: la importancia de que el amor por los otros es lo que te salva.<\/p>\n<p><strong>-\u00bfCu\u00e1nto conoc\u00edas de la Tragedia de los Andes hasta hasta entrar en este proyecto?<\/strong><\/p>\n<p>-Bastante, porque vivo en Uruguay y ac\u00e1 nac\u00e9s con la historia; sos muy chiquito y ya enseguida conoc\u00e9s el mito y se vuelve una especie de leyenda popular. Y despu\u00e9s a los 12 a\u00f1os conozco a un superviviente que viene al lugar donde yo estaba estudiando, al secundario, y nos cont\u00f3 su experiencia y es a partir de ah\u00ed que yo empiezo a conectar y digo \u201cah, claro, esto le pas\u00f3 a personas reales, que yo estoy viendo ac\u00e1 y me lo est\u00e1n contando\u201d, y ah\u00ed tom\u00f3 otra dimensi\u00f3n.<\/p>\n<p><strong>-\u00bfQu\u00e9 es lo que cre\u00e9s que hace a Numa un narrador ideal para esta historia?<\/strong><\/p>\n<p>-Lo espectacular de la historia es que vos tom\u00e1s a cualquiera y ten\u00e9s una pel\u00edcula aparte con cada uno de ellos. Incluso si te vas a los familiares tambi\u00e9n ten\u00e9s m\u00e1s pel\u00edculas sobre c\u00f3mo la vivieron. Es algo apasionante.<\/p>\n<p>Yo creo que hay algo especial en la historia de Numa, que es que es muy simb\u00f3lica por muchos elementos. No conocer a nadie del avi\u00f3n y estar ah\u00ed. La historia de \u00e9l, c\u00f3mo vivi\u00f3 ese trayecto, ser el \u00faltimo en quedarse en la monta\u00f1a. El hecho de que no conozca a nadie, que no sea del equipo de rugby, que es como un separado del grupo, que te permite tambi\u00e9n proyectarte a vos dentro de ese grupo que est\u00e1 tan consolidado. Entonces vos te pod\u00e9s involucrar y me parece que eso tambi\u00e9n lo vuelve especial.<\/p>\n<div contenteditable=\"false\" class=\"embed_cont type_freetext\" rel=\"freetext\" id=\"embed8657_wrap\" data-provider=\"YouTube\" readability=\"32\">\n<p> La sociedad de la nieve | Tr\u00e1iler oficial | Netflix<span onclick=\"parent.parent.TinyMCETdcuerpo.preview_embed('embed8657')\" class=\"embed_colapse less\" id=\"embed8657_colapse\"><\/span><span onclick=\"parent.parent.TinyMCETdcuerpo.delete_embed('embed8657')\" class=\"embed_delete less\" id=\"embed8657_delete\"><\/span><\/p>\n<div id=\"embed8657_content\" class=\"embed_content\">\n<p> <iframe loading=\"lazy\" width=\"200\" height=\"113\" src=\"https:\/\/www.youtube.com\/embed\/l9tP4M8URhQ?feature=oembed\" frameborder=\"0\" allow=\"accelerometer; autoplay; clipboard-write; encrypted-media; gyroscope; picture-in-picture; web-share\" allowfullscreen title=\"La sociedad de la nieve | Tr\u00e1iler oficial | Netflix\">[embedded content]<\/iframe><\/p>\n<\/p><\/div>\n<\/p><\/div>\n<p><strong> -Tuviste la posibilidad de conocer a su familia, de conocer su casa. \u00bfC\u00f3mo fue involucrarte emocionalmente en este rol?<\/strong><\/p>\n<p>-Apasionante, porque hacer a alguien real era la primera vez que me pasaba y se distancia un poco de lo que es crear un personaje absolutamente ficcional, porque ten\u00e9s elementos que existen, porque ten\u00e9s referentes vivos que te cuentan de \u00e9l, porque hay algo a lo que responder que te implica un compromiso desde otro lugar muy distinto.<\/p>\n<p>Encima claro, vas conociendo a los hermanos, los hermanos me llevan a conocer su casa donde vivieron toda su infancia, adolescencia y juventud hasta que Numa falleci\u00f3. Recorriendo la casa, a cada lugar, te van contando an\u00e9cdotas, historias, cosas que les van viniendo y cada vez se emocionan m\u00e1s y cada vez entran m\u00e1s en ese tour que vamos haciendo por la casa, y te empieza a dar a vos toda una responsabilidad con esas personas, con Numa, con su historia con las ganas de contar esto bien que te comprometen a otro nivel.<\/p>\n<p><strong>-\u00bfCu\u00e1nto aport\u00f3 el desaf\u00edo f\u00edsico para que pudieras meterte en papel?<\/strong><\/p>\n<p>-Bastante, porque es una historia totalmente f\u00edsica. Esto es una historia de la experiencia del cuerpo y es muy dif\u00edcil de actuar eso. Es imposible para nosotros por m\u00e1s que los escuches a ellos hablarte horas de c\u00f3mo se sent\u00edan en ese lugar, proyectarse y entender qu\u00e9 es sentirse con la sensaci\u00f3n de la muerte ah\u00ed, ver a tus amigos morirse, entender que vos te vas a morir en breve. Eso que conviva contigo es muy dif\u00edcil de actuar, y ah\u00ed es donde entra lo f\u00edsico a ayudar porque empez\u00e1s a tener fr\u00edo de verdad y empez\u00e1s a tener cada vez m\u00e1s hambre y eso cada vez se act\u00faa menos, est\u00e1 en vos, ten\u00e9s microgestos de hambre que desconoc\u00e9s, que son imposibles de actuar. Todo eso ayuda y te libera para que vos puedas meterte de lleno en lo emocional, que es lo m\u00e1s complejo. Lo otro se vuelve parte de tu estado f\u00edsico y de tu experiencia en el set, se te vuelve parte y tambi\u00e9n le da cierta naturalidad a la actuaci\u00f3n.<\/p>\n<p><strong>-Algo que aparece en la pel\u00edcula es que muchos de los personajes se preguntan por el sentido de lo que les pas\u00f3, de lo que les estaba pasando. \u00bfVos le encontraste alguno?<\/strong><\/p>\n<p>-Y la verdad es que parecer\u00eda no tener sentido la vida. Es eso de que no sabes por qu\u00e9 llegas a vivir, no sab\u00e9s a d\u00f3nde es que va, no sab\u00e9s qu\u00e9 pasa despu\u00e9s. Como que llegas sin saber, te vas sin saber. Al final lo \u00fanico que hay es este momento en el medio donde uno parecer\u00eda saber algo o por lo menos dedicarse a aprender qu\u00e9 es esto de vivir. La verdad que lo que les pasa, que es una crueldad si uno le pone la \u00f3ptica desde afuera, al final es solo vida. Entra en un lugar de complejidad donde parecer\u00eda realmente no tener un sentido, sino que te toca vos encontr\u00e1rselo.<\/p>\n","protected":false},"excerpt":{"rendered":"<p>\nEl actor uruguayo habla de la pel\u00edcula que desde su estreno en el cat\u00e1logo de Netflix es uno de los films de habla no inglesa m\u00e1s vistas de la historia de la plataforma  <\/p>\n","protected":false},"author":1,"featured_media":20849,"comment_status":"closed","ping_status":"closed","sticky":false,"template":"","format":"standard","meta":[],"categories":[14],"tags":[],"_links":{"self":[{"href":"https:\/\/latecordoba.com\/index.php\/wp-json\/wp\/v2\/posts\/20848"}],"collection":[{"href":"https:\/\/latecordoba.com\/index.php\/wp-json\/wp\/v2\/posts"}],"about":[{"href":"https:\/\/latecordoba.com\/index.php\/wp-json\/wp\/v2\/types\/post"}],"author":[{"embeddable":true,"href":"https:\/\/latecordoba.com\/index.php\/wp-json\/wp\/v2\/users\/1"}],"replies":[{"embeddable":true,"href":"https:\/\/latecordoba.com\/index.php\/wp-json\/wp\/v2\/comments?post=20848"}],"version-history":[{"count":0,"href":"https:\/\/latecordoba.com\/index.php\/wp-json\/wp\/v2\/posts\/20848\/revisions"}],"wp:featuredmedia":[{"embeddable":true,"href":"https:\/\/latecordoba.com\/index.php\/wp-json\/wp\/v2\/media\/20849"}],"wp:attachment":[{"href":"https:\/\/latecordoba.com\/index.php\/wp-json\/wp\/v2\/media?parent=20848"}],"wp:term":[{"taxonomy":"category","embeddable":true,"href":"https:\/\/latecordoba.com\/index.php\/wp-json\/wp\/v2\/categories?post=20848"},{"taxonomy":"post_tag","embeddable":true,"href":"https:\/\/latecordoba.com\/index.php\/wp-json\/wp\/v2\/tags?post=20848"}],"curies":[{"name":"wp","href":"https:\/\/api.w.org\/{rel}","templated":true}]}}