{"id":20846,"date":"2024-01-21T15:15:38","date_gmt":"2024-01-21T15:15:38","guid":{"rendered":"http:\/\/d3a646d97616da514dad7d944068250c"},"modified":"2024-01-21T15:15:38","modified_gmt":"2024-01-21T15:15:38","slug":"el-peronismo-denuncia-que-dos-funcionarios-desobedecieron-a-frigerio-y-se-fueron-de-vacaciones","status":"publish","type":"post","link":"https:\/\/latecordoba.com\/index.php\/2024\/01\/21\/el-peronismo-denuncia-que-dos-funcionarios-desobedecieron-a-frigerio-y-se-fueron-de-vacaciones\/","title":{"rendered":"El peronismo denuncia que dos funcionarios desobedecieron a Frigerio y se fueron de vacaciones"},"content":{"rendered":"\n<div class=\"media_block\"><img decoding=\"async\" src=\"http:\/\/latecordoba.com\/wp-content\/uploads\/2024\/01\/el-peronismo-denuncia-que-dos-funcionarios-desobedecieron-a-frigerio-y-se-fueron-de-vacaciones.jpg\"><\/div>\n<p>&nbsp;Rogelio Frigerio enfrenta &#8220;la rebeli\u00f3n de las vacaciones&#8221;. El flamante gobernador de Entre R\u00edos <a href=\"https:\/\/www.lapoliticaonline.com\/tools\/redirect.php?t=3&amp;i=278349&amp;s=3ef60a9bf89746369afdbdaed89b5d8f\">denunci\u00f3 al asumir<\/a> que el peronista Gustavo Bordet le dejo a la provincia con una pesada deuda en d\u00f3lares y las finanzas en estado calamitoso y lanz\u00f3 un severo plan de ajuste fiscal para ordenar las cuentas.<\/p>\n<p> Sobre este escenario y para dar una se\u00f1al de austeridad, Frigerio orden\u00f3 que ning\u00fan miembro de su gabinete se tome vacaciones. Sin embargo, el secretario de Salud de Entre R\u00edos, Daniel Ulises Blanzaco, se encuentra en Punta del Este, lo que motiv\u00f3 fuertes cr\u00edticas desde el peronismo, que viene de perder la provincia.&nbsp;<\/p>\n<p>Lo mismo se dice del intendente de Gualeguaych\u00fa, Mauricio Davico. No particip\u00f3 de la presentaci\u00f3n de los Coros Populares, festividad emblema del municipio. Tampoco asisti\u00f3 a la tercer noche de Carnaval Pa\u00eds, la gran marquesina de la provincia. No se lo ve desde el jueves, tras haberse reunido con Guillermo Ferraro, ministro de Infraestructura de la Naci\u00f3n.<\/p>\n<p>Del secretario de Salud entrerriano se sabe que parti\u00f3 a Uruguay el mi\u00e9rcoles 10 de enero. Se los comunic\u00f3 a sus subordinados en la cartera cuando les adelant\u00f3 que retornar\u00eda reci\u00e9n el 22 de enero. <\/p>\n<p><a href=\"https:\/\/www.lapoliticaonline.com\/tools\/redirect.php?t=3&amp;i=278349&amp;s=3ef60a9bf89746369afdbdaed89b5d8f\" class=\"link-type-content content-type-noticia-ar\">Frigerio denunci\u00f3 que encontr\u00f3 una provincia quebrada y necesita 100.000 millones&nbsp;<\/a><\/p>\n<p>Blanzaco ya se hab\u00eda tomado licencia: se fue el 15 de diciembre y retorn\u00f3 a fin de mes. La explicaci\u00f3n sobre este segundo descanso fue &#8220;que se iba nuevamente de vacaciones porque estaba estresado&#8221; cont\u00f3 una fuente de la provincia que subray\u00f3: &#8220;a un mes de asumir&#8221;. <\/p>\n<figure class=\"vsmimage\" contenteditable=\"false\"><img decoding=\"async\" loading=\"lazy\" alt=\"El flamante ministro de Salud de Entre Rios, Daniel Blanzaco\" data-vsmid=\"214479\" data-owidth=\"1920\" data-oheight=\"1280\" src=\"data:image\/png;base64,iVBORw0KGgoAAAANSUhEUgAAAx4AAAIOAQMAAAAMVUlSAAAAA1BMVEUAAACnej3aAAAAAXRSTlMAQObYZgAAAElJREFUeJztwQEBAAAAgiD\/r25IQAEAAAAAAAAAAAAAAAAAAAAAAAAAAAAAAAAAAAAAAAAAAAAAAAAAAAAAAAAAAAAAAAAAAPBjz4YAAXoxaWgAAAAASUVORK5CYII=\" vsmidos=\"1\" vsmsrc=\"\/files\/image\/214\/214479\/65ad41e9de7a9_798_526!.jpg?s=2fbf4655dba1b3059cf462337ab6dc18&amp;d=1705853419\" width=\"798\" height=\"526\"><\/figure>\n<p>A todo esto, el avance del dengue y los casos de Covid se incrementaron fuerte en la provincia. Por eso la emergencia sanitaria. De hecho para abordar esta problem\u00e1tica la cartera de Salud organiz\u00f3 una jornada de trabajo con 70 referentes de salud, pero el secretario no particip\u00f3. El ministro Guillermo Grieve estuvo secundado por el jefe de Epidemiolog\u00eda, Diego Garcilazo. <\/p>\n<p> Volviendo al caso del intendente de Gualeguaych\u00fa Mauricio Davico, desde el gobierno provincial conformaron que no existe pedido de licencia alguno, pero dijeron desconocer d\u00f3nde est\u00e1 el intendente.<\/p>\n","protected":false},"excerpt":{"rendered":"\n<div class=\"media_block\"><img decoding=\"async\" src=\"http:\/\/latecordoba.com\/wp-content\/uploads\/2024\/01\/el-peronismo-denuncia-que-dos-funcionarios-desobedecieron-a-frigerio-y-se-fueron-de-vacaciones.jpg\"><\/div>\n<p>El secretario de Salud Ulises Blanzaco se fue a Punta del Este, y del intendente de Gualeguaych\u00fa Mauricio Davico se desconoce el paradero.  <\/p>\n","protected":false},"author":1,"featured_media":20847,"comment_status":"closed","ping_status":"closed","sticky":false,"template":"","format":"standard","meta":[],"categories":[18],"tags":[],"_links":{"self":[{"href":"https:\/\/latecordoba.com\/index.php\/wp-json\/wp\/v2\/posts\/20846"}],"collection":[{"href":"https:\/\/latecordoba.com\/index.php\/wp-json\/wp\/v2\/posts"}],"about":[{"href":"https:\/\/latecordoba.com\/index.php\/wp-json\/wp\/v2\/types\/post"}],"author":[{"embeddable":true,"href":"https:\/\/latecordoba.com\/index.php\/wp-json\/wp\/v2\/users\/1"}],"replies":[{"embeddable":true,"href":"https:\/\/latecordoba.com\/index.php\/wp-json\/wp\/v2\/comments?post=20846"}],"version-history":[{"count":0,"href":"https:\/\/latecordoba.com\/index.php\/wp-json\/wp\/v2\/posts\/20846\/revisions"}],"wp:featuredmedia":[{"embeddable":true,"href":"https:\/\/latecordoba.com\/index.php\/wp-json\/wp\/v2\/media\/20847"}],"wp:attachment":[{"href":"https:\/\/latecordoba.com\/index.php\/wp-json\/wp\/v2\/media?parent=20846"}],"wp:term":[{"taxonomy":"category","embeddable":true,"href":"https:\/\/latecordoba.com\/index.php\/wp-json\/wp\/v2\/categories?post=20846"},{"taxonomy":"post_tag","embeddable":true,"href":"https:\/\/latecordoba.com\/index.php\/wp-json\/wp\/v2\/tags?post=20846"}],"curies":[{"name":"wp","href":"https:\/\/api.w.org\/{rel}","templated":true}]}}