{"id":20836,"date":"2024-01-21T12:47:36","date_gmt":"2024-01-21T12:47:36","guid":{"rendered":"https:\/\/viapais.com.ar\/mendoza\/uno-de-los-sobreviviente-de-la-tragedia-de-los-andes-produjo-un-vino-en-mendoza-monte-seler-en-honor-a-su-padre\/"},"modified":"2024-01-21T12:47:36","modified_gmt":"2024-01-21T12:47:36","slug":"uno-de-los-sobreviviente-de-la-tragedia-de-los-andes-produjo-un-vino-en-mendoza-monte-seler-en-honor-a-su-padre","status":"publish","type":"post","link":"https:\/\/latecordoba.com\/index.php\/2024\/01\/21\/uno-de-los-sobreviviente-de-la-tragedia-de-los-andes-produjo-un-vino-en-mendoza-monte-seler-en-honor-a-su-padre\/","title":{"rendered":"Uno de los sobreviviente de la tragedia de Los Andes produjo un vino en Mendoza: \u201cMonte Seler\u201d, en honor a su padre"},"content":{"rendered":"\n<p>Sobrevivi\u00f3<b> 72 d\u00edas en la <\/b><a href=\"https:\/\/viapais.com.ar\/mendoza\/cerro-aconcagua-como-funciona-el-hospital-mas-alto-del-mundo\/\" target=\"_blank\" rel=\"noopener\"><b>monta\u00f1a<\/b><\/a>, junto a los otros 16 sobrevivientes de la <a href=\"https:\/\/viapais.com.ar\/mendoza\/conoce-el-valle-de-las-lagrimas-el-lugar-del-tragico-accidente-de-los-rugbier-uruguayos-que-es-atraccion-turistica\/\" target=\"_blank\" rel=\"noopener\"><b>tragedia de Los Andes<\/b><\/a>, mientras su madre, hermana y otros compa\u00f1eros murieron. <b>Corri\u00f3 38 kil\u00f3metros<\/b> para buscar ayuda junto a<b> Antonio Vizintin<\/b> y <b>Roberto Canessa<\/b>, y lo logr\u00f3.<b> Con ese mismo esp\u00edritu, de esperanza de aferrarse a la vida y reencontrarse con la familia<\/b> -en su caso<b> con su padre<\/b>-, fue que<b> Fernando \u201cNando\u201d Parrado cre\u00f3 <\/b><a href=\"https:\/\/viapais.com.ar\/mendoza\/vendimia-2024-guaymallen-vuelve-con-reinas-y-coronas-y-una-fiesta-inspirada-en-quino\/\" target=\"_blank\" rel=\"noopener\"><b>un vino <\/b><\/a><b>homenaje, en Tupungato. <\/b><\/p>\n<article class=\"article card \">\n<div class=\"article-inner \">\n<div class=\"article-image \"><a href=\"https:\/\/viapais.com.ar\/mendoza\/vendimia-2024-guaymallen-sera-anfitrion-la-bendicion-de-frutos-y-el-paseo-federal\/\" title=\"Bendici\u00f3n de los Frutos ser\u00e1 en esta Vendimia 2024 en el Predio de la Virgen, en Guaymall\u00e9n.\"><\/p>\n<figure><picture><img alt=\"Bendici\u00f3n de los Frutos ser\u00e1 en esta Vendimia 2024 en el Predio de la Virgen, en Guaymall\u00e9n.\" class=\" block \" src=\"http:\/\/latecordoba.com\/wp-content\/uploads\/2024\/01\/uno-de-los-sobreviviente-de-la-tragedia-de-los-andes-produjo-un-vino-en-mendoza-monte-seler-en-honor-a-su-padre.jpg\" sizes=\"auto\" loading=\"lazy\" data-src=\"http:\/\/latecordoba.com\/wp-content\/uploads\/2024\/01\/uno-de-los-sobreviviente-de-la-tragedia-de-los-andes-produjo-un-vino-en-mendoza-monte-seler-en-honor-a-su-padre.jpg\" width=\"307px\" fetchpriority=\"low\" decoding=\"async\" height=\"173px\"><\/picture><\/figure>\n<p><\/a><\/div>\n<\/div>\n<\/article>\n<figure><picture><img alt=\"Los vinos se producen con uvas que nacen al pie de la Cordillera de los Andes, en el Valle de Uco, Mendoza.\" class=\" block \" src=\"http:\/\/latecordoba.com\/wp-content\/uploads\/2024\/01\/uno-de-los-sobreviviente-de-la-tragedia-de-los-andes-produjo-un-vino-en-mendoza-monte-seler-en-honor-a-su-padre-1.jpg\" sizes=\"auto\" loading=\"lazy\" data-src=\"http:\/\/latecordoba.com\/wp-content\/uploads\/2024\/01\/uno-de-los-sobreviviente-de-la-tragedia-de-los-andes-produjo-un-vino-en-mendoza-monte-seler-en-honor-a-su-padre-1.jpg\" width=\"1023px\" fetchpriority=\"low\" decoding=\"async\" height=\"619px\"><\/picture><figcaption class>Los vinos se producen con uvas que nacen al pie de la Cordillera de los Andes, en el Valle de Uco, Mendoza. Foto: Instagram<\/figcaption><\/figure>\n<p><b>\u201cEste proyecto honra el fuerte v\u00ednculo entre Nando y su padre Seler Parrado a trav\u00e9s del disfrute, de la celebraci\u00f3n, del compartir\u2026 del vino\u201d<\/b>, se lee en el sitio de&nbsp;<b>Nando Parrado Wines<\/b>&nbsp;al presentar el trabajo que se realiza en Argentina, puntualmente en Tupungato, donde cultiv\u00f3 amistad con <b>Aldo Franchetti<\/b>&nbsp;y&nbsp;<b>Nicol\u00e1s Fern\u00e1ndez Deotto<\/b>, con quienes encontr\u00f3 <b>\u201cen el vino el mejor camino para transmitir este mensaje de encuentro, del compartir, de la alegr\u00eda de vivir<\/b>\u00bb, cuenta&nbsp;<a href=\"https:\/\/www.iprofesional.com\/vinos\/396870-Nando-Parrado-tragedia-de-los-andes-creo-vino-en-argentina-precio\"><i>IProfesional<\/i><\/a><i>.<\/i><\/p>\n<figure><picture><img alt=\"Los vinos se producen con uvas que nacen al pie de la Cordillera de los Andes, en el Valle de Uco, Mendoza.\" class=\" block \" src=\"http:\/\/latecordoba.com\/wp-content\/uploads\/2024\/01\/uno-de-los-sobreviviente-de-la-tragedia-de-los-andes-produjo-un-vino-en-mendoza-monte-seler-en-honor-a-su-padre-2.jpg\" sizes=\"auto\" loading=\"lazy\" data-src=\"http:\/\/latecordoba.com\/wp-content\/uploads\/2024\/01\/uno-de-los-sobreviviente-de-la-tragedia-de-los-andes-produjo-un-vino-en-mendoza-monte-seler-en-honor-a-su-padre-2.jpg\" width=\"1023px\" fetchpriority=\"low\" decoding=\"async\" height=\"779px\"><\/picture><figcaption class>Los vinos se producen con uvas que nacen al pie de la Cordillera de los Andes, en el Valle de Uco, Mendoza. Foto: Instagram<\/figcaption><\/figure>\n<p>En las redes sociales, el empresario destac\u00f3 que<b>&nbsp;\u201ccada botella de vino es un homenaje a mi padre, Seler Parrado, y gracias a Mat\u00edas (Michelini), viticultor de NPW, su legado perdura en cada sorbo\u201d<\/b>. <\/p>\n<figure><picture><img alt=\"Los vinos se producen con uvas que nacen al pie de la Cordillera de los Andes, en el Valle de Uco, Mendoza.\" class=\" block \" src=\"http:\/\/latecordoba.com\/wp-content\/uploads\/2024\/01\/uno-de-los-sobreviviente-de-la-tragedia-de-los-andes-produjo-un-vino-en-mendoza-monte-seler-en-honor-a-su-padre-3.jpg\" sizes=\"auto\" loading=\"lazy\" data-src=\"http:\/\/latecordoba.com\/wp-content\/uploads\/2024\/01\/uno-de-los-sobreviviente-de-la-tragedia-de-los-andes-produjo-un-vino-en-mendoza-monte-seler-en-honor-a-su-padre-3.jpg\" width=\"1023px\" fetchpriority=\"low\" decoding=\"async\" height=\"616px\"><\/picture><figcaption class>Los vinos se producen con uvas que nacen al pie de la Cordillera de los Andes, en el Valle de Uco, Mendoza. Foto: Instagram<\/figcaption><\/figure>\n<p>Estos productos empezaron a <b>comercializarse a mediados del 2023<\/b>, logrando homenajear tanto a los fallecidos como sobrevivientes uruguayos, principalmente con la etiqueta del vino.<\/p>\n<figure><picture><img alt=\"Los vinos se producen con uvas que nacen al pie de la Cordillera de los Andes, en el Valle de Uco, Mendoza.\" class=\" block \" src=\"http:\/\/latecordoba.com\/wp-content\/uploads\/2024\/01\/uno-de-los-sobreviviente-de-la-tragedia-de-los-andes-produjo-un-vino-en-mendoza-monte-seler-en-honor-a-su-padre-4.jpg\" sizes=\"auto\" loading=\"lazy\" data-src=\"http:\/\/latecordoba.com\/wp-content\/uploads\/2024\/01\/uno-de-los-sobreviviente-de-la-tragedia-de-los-andes-produjo-un-vino-en-mendoza-monte-seler-en-honor-a-su-padre-4.jpg\" width=\"1023px\" fetchpriority=\"low\" decoding=\"async\" height=\"593px\"><\/picture><figcaption class>Los vinos se producen con uvas que nacen al pie de la Cordillera de los Andes, en el Valle de Uco, Mendoza. Foto: Instagram<\/figcaption><\/figure>\n<p>Las <b>uvas <\/b>de este vino provienen de&nbsp;<b>Gualtallary, Tupungato<\/b> y desde el proyecto detallan que \u201csu fermentaci\u00f3n es en pileta de cemento, su crianza en barrica de roble franc\u00e9s de 225 litros de segundo uso\u201d.<\/p>\n<p><b>\u201cCon el viticultor Mat\u00edas Michelini<\/b>, en el incomparable terru\u00f1o de <b>Gualtallary creamos un Malbec excepcional: Monte Seler es el desaf\u00edo y la determinaci\u00f3n\u201d,<\/b>&nbsp;se\u00f1al\u00f3 <b>Parrado <\/b>en sus redes sociales.<\/p>\n<figure><picture><img alt=\"Los vinos se producen con uvas que nacen al pie de la Cordillera de los Andes, en el Valle de Uco, Mendoza.\" class=\" block \" src=\"http:\/\/latecordoba.com\/wp-content\/uploads\/2024\/01\/uno-de-los-sobreviviente-de-la-tragedia-de-los-andes-produjo-un-vino-en-mendoza-monte-seler-en-honor-a-su-padre-5.jpg\" sizes=\"auto\" loading=\"lazy\" data-src=\"http:\/\/latecordoba.com\/wp-content\/uploads\/2024\/01\/uno-de-los-sobreviviente-de-la-tragedia-de-los-andes-produjo-un-vino-en-mendoza-monte-seler-en-honor-a-su-padre-5.jpg\" width=\"1023px\" fetchpriority=\"low\" decoding=\"async\" height=\"1260px\"><\/picture><figcaption class>Los vinos se producen con uvas que nacen al pie de la Cordillera de los Andes, en el Valle de Uco, Mendoza. Foto: Instagram<\/figcaption><\/figure>\n<p>Al mismo tiempo, destac\u00f3 que es<b>&nbsp;\u201cun vino que nace en la hostilidad de un terru\u00f1o muy especial, que sabe de contrariedades, de tiempo y de esfuerzo, para transmutar en elegancia y armon\u00eda\u201d<\/b>.<\/p>\n<p>En cuanto a las especificidades de este vino, detallan que se trata de<b> un Malbec de Gualtallary, criado durante 12 meses en barricas de roble franc\u00e9s<\/b>,<b>&nbsp;\u201cdestinado a ser la fuente de inspiraci\u00f3n de los amantes m\u00e1s exigentes del vino\u201d.<\/b><\/p>\n<p><b>\u201cMonte Seler <\/b>encierra en cada copa <b>la determinaci\u00f3n de conquistar cada momento como una gran celebraci\u00f3n<\/b>\u201d, destac\u00f3, dejando en esa frase, una ense\u00f1anza.<\/p>\n<article class=\"article card \">\n<div class=\"article-inner \">\n<div class=\"article-image \"><a href=\"https:\/\/viapais.com.ar\/mendoza\/festival-nacional-de-la-tonada-2024-en-que-fecha-sera-que-artistas-vienen-y-cuanto-sale-la-entrada\/\" title=\"Festival Nacional de la Tonada.\"><\/p>\n<figure><picture><img alt=\"Festival Nacional de la Tonada.\" class=\" block \" src=\"http:\/\/latecordoba.com\/wp-content\/uploads\/2024\/01\/uno-de-los-sobreviviente-de-la-tragedia-de-los-andes-produjo-un-vino-en-mendoza-monte-seler-en-honor-a-su-padre-6.jpg\" sizes=\"auto\" loading=\"lazy\" data-src=\"http:\/\/latecordoba.com\/wp-content\/uploads\/2024\/01\/uno-de-los-sobreviviente-de-la-tragedia-de-los-andes-produjo-un-vino-en-mendoza-monte-seler-en-honor-a-su-padre-6.jpg\" width=\"307px\" fetchpriority=\"low\" decoding=\"async\" height=\"173px\"><\/picture><\/figure>\n<p><\/a><\/div>\n<\/div>\n<\/article>\n<p>Este <b>\u201cMonte Seler\u201d <\/b>tiene su <b>referencia<\/b>, y tambi\u00e9n originada en aquella tragedia. Cuando Nando lleg\u00f3 a la cima y viendose desolado y decepcionado por ver que \u201clos cordones monta\u00f1osos se extend\u00edan m\u00e1s y m\u00e1s\u201d, se aferr\u00f3 a la ilusi\u00f3n de volver a ver a su padre. Fue entonces que \u201cc<b>on un l\u00e1piz labial, escribi\u00f3 en una bolsa de pl\u00e1stico la inscripci\u00f3n \u2018Mt. Seler\u2019 en la cima de la monta\u00f1a, para dejarla bajo una piedra y darle as\u00ed su nombre para siempre\u201d.<\/b><\/p>\n","protected":false},"excerpt":{"rendered":"<p>Sobrevivi\u00f3 72 d\u00edas en la monta\u00f1a, junto a los otros 16 sobrevivientes de la tragedia de Los Andes, mientras su madre, hermana y otros compa\u00f1eros murieron. Corri\u00f3 38 kil\u00f3metros para buscar ayuda junto a Antonio Vizintin y Roberto Canessa, y lo logr\u00f3. Con ese mismo esp\u00edritu, de esperanza de aferrarse a la vida y reencontrarse [&hellip;]<\/p>\n","protected":false},"author":1,"featured_media":20837,"comment_status":"closed","ping_status":"closed","sticky":false,"template":"","format":"standard","meta":[],"categories":[15],"tags":[],"_links":{"self":[{"href":"https:\/\/latecordoba.com\/index.php\/wp-json\/wp\/v2\/posts\/20836"}],"collection":[{"href":"https:\/\/latecordoba.com\/index.php\/wp-json\/wp\/v2\/posts"}],"about":[{"href":"https:\/\/latecordoba.com\/index.php\/wp-json\/wp\/v2\/types\/post"}],"author":[{"embeddable":true,"href":"https:\/\/latecordoba.com\/index.php\/wp-json\/wp\/v2\/users\/1"}],"replies":[{"embeddable":true,"href":"https:\/\/latecordoba.com\/index.php\/wp-json\/wp\/v2\/comments?post=20836"}],"version-history":[{"count":0,"href":"https:\/\/latecordoba.com\/index.php\/wp-json\/wp\/v2\/posts\/20836\/revisions"}],"wp:featuredmedia":[{"embeddable":true,"href":"https:\/\/latecordoba.com\/index.php\/wp-json\/wp\/v2\/media\/20837"}],"wp:attachment":[{"href":"https:\/\/latecordoba.com\/index.php\/wp-json\/wp\/v2\/media?parent=20836"}],"wp:term":[{"taxonomy":"category","embeddable":true,"href":"https:\/\/latecordoba.com\/index.php\/wp-json\/wp\/v2\/categories?post=20836"},{"taxonomy":"post_tag","embeddable":true,"href":"https:\/\/latecordoba.com\/index.php\/wp-json\/wp\/v2\/tags?post=20836"}],"curies":[{"name":"wp","href":"https:\/\/api.w.org\/{rel}","templated":true}]}}