{"id":20832,"date":"2024-01-21T02:39:19","date_gmt":"2024-01-21T02:39:19","guid":{"rendered":"https:\/\/viapais.com.ar\/cordoba\/el-talleres-2024-se-presenta-ante-boca-la-primera-lista-de-walter-ribonetto-y-la-formacion\/"},"modified":"2024-01-21T02:39:19","modified_gmt":"2024-01-21T02:39:19","slug":"el-talleres-2024-se-presento-con-derrota-en-el-amistoso-frente-a-boca","status":"publish","type":"post","link":"https:\/\/latecordoba.com\/index.php\/2024\/01\/21\/el-talleres-2024-se-presento-con-derrota-en-el-amistoso-frente-a-boca\/","title":{"rendered":"El Talleres 2024 se present\u00f3 con derrota en el amistoso frente a Boca"},"content":{"rendered":"\n<p>En una a\u00f1o de <b>agenda cargada, incluso a nivel internacional,<\/b><a href=\"https:\/\/viapais.com.ar\/cordoba\/talleres-y-belgrano-se-reparten-la-noche-del-sabado-con-amistosos-ante-rivales-de-renombre\/\" target=\"_blank\" rel=\"noopener\"><b> el Talleres<\/b><\/a><b> de <\/b><a href=\"https:\/\/viapais.com.ar\/cordoba\/walter-ribonetto-que-pasa-con-rodrigo-villagra-en-talleres-y-que-dijo-de-emiliano-vecchio\/\" target=\"_blank\" rel=\"noopener\"><b>Walter Ribonetto<\/b><\/a> se present\u00f3 en sociedad en el amistoso contra<b> <\/b><a href=\"https:\/\/viapais.com.ar\/cordoba\/asi-llego-el-plantel-de-boca-a-cordoba-para-el-amistoso-con-talleres-la-probable-formacion\/\" target=\"_blank\" rel=\"noopener\"><b>Boca en el Kempes<\/b>, <\/a>con p\u00fablico de los dos. Y fue con derrota por 2 a 1. Abri\u00f3 la cuenta <b>Luca Langoni a los 35 minutos<\/b> de la primera etapa y lo empat\u00f3<b> Nahuel Bustos, de penal a los 21 <\/b>del complemento. <b>Nicol\u00e1s Figal desnivel\u00f3 para la visita, a 10 del final.<\/b><\/p>\n<article class=\"article card videoCard \">\n<div class=\"article-inner \">\n<div class=\"article-image \"><a href=\"https:\/\/viapais.com.ar\/cordoba\/llega-un-lateral-venezolano-a-talleres-como-esta-con-el-cupo-de-extranjeros\/\" title=\"Llega un lateral venezolano a Talleres: \u00bfc\u00f3mo est\u00e1 con el cupo de extranjeros?\"><\/p>\n<figure><picture><img alt=\"Llega un lateral venezolano a Talleres: \u00bfc\u00f3mo est\u00e1 con el cupo de extranjeros?\" class=\" block \" src=\"http:\/\/latecordoba.com\/wp-content\/uploads\/2024\/01\/el-talleres-2024-se-presento-con-derrota-en-el-amistoso-frente-a-boca.jpg\" sizes=\"auto\" loading=\"lazy\" data-src=\"http:\/\/latecordoba.com\/wp-content\/uploads\/2024\/01\/el-talleres-2024-se-presento-con-derrota-en-el-amistoso-frente-a-boca.jpg\" width=\"307px\" fetchpriority=\"low\" decoding=\"async\" height=\"173px\"><\/picture><\/figure>\n<p><\/a><\/div>\n<\/div>\n<\/article>\n<p><b>Boca sac\u00f3 ventaja por ser el m\u00e1s incisivo de los dos. Primero se lo perdi\u00f3 <\/b>Bullaude, al pifiar de frente al arco tras un desborde desde la izquierda. Y a los 35 <b>Sarachi dej\u00f3 desparramado a Benav\u00eddez <\/b>por el mismo sector, centro, una serie de rebotes y Langoni le rompi\u00f3 el arco a Herrera. <\/p>\n<p>Ya en la segunda parte <b>Ribonetto mand\u00f3 a la cancha a Ruben Botta y a Ramiro Ru\u00edz Rodr\u00edguez, <\/b>para dotar de m\u00e1s juego y peligrosidad al equipo. <b>El delantero ex Atl\u00e9tico Tucum\u00e1n entr\u00f3 incisivo, y se perdi\u00f3 el empate debajo del arco<\/b>, de manera ins\u00f3lita.<\/p>\n<p>Minutos depu\u00e9s, a los 20, <b>Sarachi lo baj\u00f3 en el \u00e1rea y Penel convalid\u00f3 el penal que Bustos cambi\u00f3 por gol con categor\u00eda<\/b>, ante un experto como Chiquito Romero.<\/p>\n<p>Despu\u00e9s el arquero Xeneize ganar\u00eda la pulseada en un espectacular mano a mano que le tap\u00f3 al goleador de Talleres y que podr\u00eda haber sido el desnivel.<\/p>\n<p>A diez del final, el que acert\u00f3 fue <b>Figal de cabeza, para el 2 a 1 y tras el envi\u00f3 de Pol Fern\u00e1ndez, <\/b>con el que Boca se qued\u00f3 con el desaf\u00edo de verano. <\/p>\n<h2 class><b>TALLERES SE ENFOCA EN EL DEBUT EN COPA ARGENTINA<\/b><\/h2>\n<p><b>Un ensayo exigente, a menos de una semana del debut Albiazul <\/b>en la Copa de la Liga, el pr\u00f3ximo viernes contra<b> Gimnasia de La Plata, tambi\u00e9n en el Kempes, a las 19. <\/b>Adem\u00e1s del nuevo DT, ser\u00e1 la oportunidad de ver en acci\u00f3n a los refuerzos, que estar\u00e1n entre los relevos.<\/p>\n<figure><picture><img alt=\"Rub\u00e9n Botta tuvo su presentaci\u00f3n oficial como jugadores Talleres. (Pedro Castillo \/ La Voz)\" class=\" block \" src=\"http:\/\/latecordoba.com\/wp-content\/uploads\/2024\/01\/el-talleres-2024-se-presento-con-derrota-en-el-amistoso-frente-a-boca-1.jpg\" sizes=\"auto\" loading=\"lazy\" width=\"1023px\" fetchpriority=\"low\" decoding=\"async\" height=\"653px\"><\/picture><figcaption class>Rub\u00e9n Botta tuvo su presentaci\u00f3n oficial como jugadores Talleres. (Pedro Castillo \/ La Voz) Foto: Pedro Castillo \/ La Voz<\/figcaption><\/figure>\n<p>En la lista de concentrados fueron incluidos<b> Ruben Botta,<\/b> el de m\u00e1s repercusi\u00f3n, el lateral derecho <b>Alex Vigo, el volante central colombiano Juan Camilo Portilla, y el delantero Ramiro Ruiz Rodr\u00edguez,<\/b> ex Atl\u00e9tico Tucum\u00e1n. Adem\u00e1s del regreso de <b>Federico Girotti<\/b> tras su paso por San Lorenzo.<\/p>\n<figure><picture><img alt=\"La primera lista de Walter Ribonetto como DT de Talleres.\" class=\" block \" src=\"http:\/\/latecordoba.com\/wp-content\/uploads\/2024\/01\/el-talleres-2024-se-presento-con-derrota-en-el-amistoso-frente-a-boca-2.jpg\" sizes=\"auto\" loading=\"lazy\" data-src=\"http:\/\/latecordoba.com\/wp-content\/uploads\/2024\/01\/el-talleres-2024-se-presento-con-derrota-en-el-amistoso-frente-a-boca-2.jpg\" width=\"1023px\" fetchpriority=\"low\" decoding=\"async\" height=\"1278px\"><\/picture><figcaption class>La primera lista de Walter Ribonetto como DT de Talleres. Foto: Twitter @CATalleresdecb<\/figcaption><\/figure>\n<article class=\"article card \">\n<div class=\"article-inner \">\n<div class=\"article-image \"><a href=\"https:\/\/viapais.com.ar\/cordoba\/talleres-muy-cerca-de-concretar-su-fichaje-mas-caro-en-la-era-andres-fassi\/\" title=\"Talleres, muy cerca de concretar su fichaje m\u00e1s caro para la temporada 2024.\"><\/p>\n<figure><picture><img alt=\"Talleres, muy cerca de concretar su fichaje m\u00e1s caro para la temporada 2024.\" class=\" block \" src=\"http:\/\/latecordoba.com\/wp-content\/uploads\/2024\/01\/el-talleres-2024-se-presento-con-derrota-en-el-amistoso-frente-a-boca-3.jpg\" sizes=\"auto\" loading=\"lazy\" data-src=\"http:\/\/latecordoba.com\/wp-content\/uploads\/2024\/01\/el-talleres-2024-se-presento-con-derrota-en-el-amistoso-frente-a-boca-3.jpg\" width=\"307px\" fetchpriority=\"low\" decoding=\"async\" height=\"173px\"><\/picture><\/figure>\n<p><\/a><\/div>\n<\/div>\n<\/article>\n<p>El equipo del Tino Ribonetto viene de disputar amistosos con <b>Argentino de Monte Ma\u00edz y el Cobreloa<\/b> <b>de Chile, al que gole\u00f3 por 6-0,<\/b> y en los que el nuevo DT no dej\u00f3 ver un equipo titular y mezcl\u00f3 a todos sus jugadores disponibles.<\/p>\n<p>Los Albiazules se vuelven a topar con Boca tras la derrota por <b>cuartos de final de Copa Argentina <\/b>en Mendoza, por la v\u00eda de los penales y tras empatar 1 a 1 en los 90 minutos. En el Kempes le gan\u00f3 por Liga Profesional 2 a 1 hace casi un a\u00f1o, en febrero pasado, <b>2 a 1 con goles de Michael Santos<\/b> y Equi Fern\u00e1ndez en contra.<\/p>\n<h2 class><b>PROBABLES FORMACIONES DE TALLERES Y BOCA<\/b><\/h2>\n<p><b>Talleres<\/b>: Guido Herrera, Gast\u00f3n Benav\u00eddez, Mat\u00edas Catal\u00e1n, Lucas Su\u00e1rez y Blas Riveros; Ulises Ortegoza, Juan Portilla y Luis Sequeira; Ram\u00f3n Sosa, Nahuel Bustos y Valent\u00edn Depietri. DT: Walter Ribonetto.<\/p>\n<p><b>Boca:<\/b> Sergio Romero; Lucas Blondel, Nicol\u00e1s Figal, Cristian Lema y Marcelo Saracchi; Pol Fernandez, Jorman Campuzano, Juan Ram\u00edrez y Ezequiel Bullaude; Miguel Merentiel y Luca Langoni. DT: Diego Mart\u00ednez.<\/p>\n<ul>\n<li><span><b>Hora:<\/b> 21.30.<\/span><\/li>\n<li><span><b>\u00c1rbitro: <\/b>Ariel Penel<\/span><\/li>\n<li><span><b>Estadio:<\/b> Kempes.<\/span><\/li>\n<li><span><b>Streaming:<\/b> Star+<\/span><\/li>\n<\/ul>\n","protected":false},"excerpt":{"rendered":"<p>En una a\u00f1o de agenda cargada, incluso a nivel internacional, el Talleres de Walter Ribonetto se present\u00f3 en sociedad en el amistoso contra Boca en el Kempes, con p\u00fablico de los dos. Y fue con derrota por 2 a 1. Abri\u00f3 la cuenta Luca Langoni a los 35 minutos de la primera etapa y lo [&hellip;]<\/p>\n","protected":false},"author":1,"featured_media":20833,"comment_status":"closed","ping_status":"closed","sticky":false,"template":"","format":"standard","meta":[],"categories":[15],"tags":[],"_links":{"self":[{"href":"https:\/\/latecordoba.com\/index.php\/wp-json\/wp\/v2\/posts\/20832"}],"collection":[{"href":"https:\/\/latecordoba.com\/index.php\/wp-json\/wp\/v2\/posts"}],"about":[{"href":"https:\/\/latecordoba.com\/index.php\/wp-json\/wp\/v2\/types\/post"}],"author":[{"embeddable":true,"href":"https:\/\/latecordoba.com\/index.php\/wp-json\/wp\/v2\/users\/1"}],"replies":[{"embeddable":true,"href":"https:\/\/latecordoba.com\/index.php\/wp-json\/wp\/v2\/comments?post=20832"}],"version-history":[{"count":0,"href":"https:\/\/latecordoba.com\/index.php\/wp-json\/wp\/v2\/posts\/20832\/revisions"}],"wp:featuredmedia":[{"embeddable":true,"href":"https:\/\/latecordoba.com\/index.php\/wp-json\/wp\/v2\/media\/20833"}],"wp:attachment":[{"href":"https:\/\/latecordoba.com\/index.php\/wp-json\/wp\/v2\/media?parent=20832"}],"wp:term":[{"taxonomy":"category","embeddable":true,"href":"https:\/\/latecordoba.com\/index.php\/wp-json\/wp\/v2\/categories?post=20832"},{"taxonomy":"post_tag","embeddable":true,"href":"https:\/\/latecordoba.com\/index.php\/wp-json\/wp\/v2\/tags?post=20832"}],"curies":[{"name":"wp","href":"https:\/\/api.w.org\/{rel}","templated":true}]}}