{"id":20819,"date":"2024-01-20T13:00:00","date_gmt":"2024-01-20T13:00:00","guid":{"rendered":"https:\/\/www.puntal.com.ar\/festival-nacional-del-folclore\/cosquin-se-pone-marcha-medio-la-crisis-y-el-debate-el-fomento-la-cultura-n209963"},"modified":"2024-01-20T13:00:00","modified_gmt":"2024-01-20T13:00:00","slug":"cosquin-se-pone-en-marcha-en-medio-de-la-crisis-y-el-debate-sobre-el-fomento-a-la-cultura","status":"publish","type":"post","link":"https:\/\/latecordoba.com\/index.php\/2024\/01\/20\/cosquin-se-pone-en-marcha-en-medio-de-la-crisis-y-el-debate-sobre-el-fomento-a-la-cultura\/","title":{"rendered":"Cosqu\u00edn se pone en marcha en medio de la crisis y el debate sobre el fomento a la cultura"},"content":{"rendered":"\n<div><img decoding=\"async\" src=\"http:\/\/latecordoba.com\/wp-content\/uploads\/2024\/01\/cosquin-se-pone-en-marcha-en-medio-de-la-crisis-y-el-debate-sobre-el-fomento-a-la-cultura.jpg\" class=\"ff-og-image-inserted\"><\/div>\n<p> La 64ta. edici\u00f3n del Festival se realizar\u00e1 entre hoy y el domingo 28 de enero y ese solo dato resulta una noticia en un cuadro signado por numerosos festivales folcl\u00f3ricos provinciales que fueron suspendidos. No s\u00f3lo faltan fondos sino que -como se propone en la llamada ley \u00f3mnibus que el Poder Ejecutivo Nacional envi\u00f3 al Congreso- se postula el retiro del Estado de las pol\u00edticas de fomento a la m\u00fasica, el teatro y el cine.<\/p>\n<p>&#8220;Es un tiempo dif\u00edcil porque no todas las manifestaciones de la m\u00fasica, en especial aquellas que tienen que ver con la identidad, son para el Movistar Arena. Basta con ver qu\u00e9 rol cumple el Estado en materia cultural en los pa\u00edses europeos, que siempre se se\u00f1alan como horizonte, para ver su importancia&#8221;, dijo a T\u00e9lam el armoniquista rosarino Franco Luciani, que ser\u00e1 parte de la jornada inaugural del Festival.<\/p>\n<p>Ra\u00fal Cardinali, intendente reci\u00e9n electo de Cosqu\u00edn, aclar\u00f3 que la organizaci\u00f3n de la 64ta. edici\u00f3n del Festival fue &#8220;muy dificultosa&#8221; en t\u00e9rminos de su sostenibilidad econ\u00f3mica.<\/p>\n<p>&#8220;Tenemos mucha expectativa a pesar de la situaci\u00f3n y la ventaja de que todos los artistas quieren estar ac\u00e1&#8221;, dijo el funcionario a modo de respuesta sobre las razones que permiten que Cosqu\u00edn se realice mientras otros festivales se suspenden.<\/p>\n<p>&#8220;Ojal\u00e1 -agreg\u00f3- incluso para 2025 podamos pensar en un gran festival de la canci\u00f3n latinoamericana&#8221;.<\/p>\n<p>El impacto de la crisis, aun en Cosqu\u00edn, se advirti\u00f3 tambi\u00e9n en las gestiones para que la pantalla de la TV P\u00fablica televise el festival, como ocurre todos los a\u00f1os. El conflicto -que se resolvi\u00f3 reci\u00e9n el mi\u00e9rcoles- se hab\u00eda desatado a partir de la negativa de los funcionarios nacionales a que el Estado nacional aporte fondos para la generaci\u00f3n de las im\u00e1genes.<\/p>\n<p>&#8220;Se cedi\u00f3 de ambas partes. Hubo un esfuerzo mancomunado y habr\u00e1 televisaci\u00f3n&#8221;, explic\u00f3 Cardinali, sin informar los t\u00e9rminos puntuales del acuerdo.<\/p>\n<p><strong>Programaci\u00f3n completa<\/strong><\/p>\n<p>Grilla de programaci\u00f3n del Festival Nacional de Folclore de Cosqu\u00edn, que se realizar\u00e1 entre el 20 y el 28 de enero en la Plaza Pr\u00f3spero Molina de esa ciudad cordobesa.<\/p>\n<p><strong>S\u00e1bado 20:<\/strong> Las Voces de Or\u00e1n, Franco Luciani, Horacio Banegas, Victoria Birchner, Ariel Ardit, Los Manseros Santiague\u00f1os, Flor Paz, Sergio Galleguillo.<\/p>\n<p><strong>Domingo 21:<\/strong> D\u00fao Coplanacu, Yamila Cafrune, Algarroba.com, Suna Rocha, Nahuel Pennisi, Marina Cornejo, Destino San Javier, El Indio Lucio Rojas.<\/p>\n<p><strong>Lunes 22:<\/strong> Orellana Lucca, Silvia Lallana, Milena Salamanca, Peteco Carabajal con Riendas Libres, Los D\u00edas Pasan Volando, Adri\u00e1n Maggi, Los Videla, Facundo Toro, Chaque\u00f1o Palavecino &#8211; 40 a\u00f1os.<\/p>\n<p><strong>Martes 23: <\/strong>Pedro Aznar, V\u00edctor Heredia, Maggie Cullen, Ahyre, Grupo Vocal Argentino, Priscilla Ortiz, Gustavo Chazarreta, Raly Barrionuevo.<\/p>\n<p><strong>Mi\u00e9rcoles 24:<\/strong> Los 4 de C\u00f3rdoba &#8211; 55 a\u00f1os con amigos, Sebasti\u00e1n Ruiz, Por Siempre Tucu, Sergio Fasoli, Sof\u00eda Assis, Jos\u00e9 Luis Aguirre, Lucrecia Rodrigo, Los Carabajal, La Juntada &#8211; 20 a\u00f1os.<\/p>\n<p><strong>Jueves 25:<\/strong> N\u00e9stor Garnica, Quebrade\u00f1os, Tom\u00e1s Lip\u00e1n &#8211; Fortunato Ramos, Marina Gonz\u00e1lez, Emiliano Zerbini, La Bruja Salguero, Chango Spasiuk, La Delio Valdez, Los Tekis.<\/p>\n<p><strong>Viernes 26:<\/strong> Guitarreros, Ra\u00fal Barboza, Luc\u00eda Ceresani, Paz Mart\u00ednez, Los Nocheros, Diego Torres.<\/p>\n<p><strong>S\u00e1bado 27<\/strong>: La Callejera, Coroico, Yoel Hern\u00e1ndez, Delegaci\u00f3n de Jap\u00f3n, D\u00fao Aruma, Los Palmeras, Tango Corrupto, Soledad.<\/p>\n<p><strong>Domingo 28<\/strong>: Leandro Lovato, D\u00fao Celesta, Juan Fuentes, Franco Orozco, Paola Bernal, Cuarteto Kare, Ceibo, Bel\u00e9n Herrera, Abel Pintos.<\/p>\n","protected":false},"excerpt":{"rendered":"<p>\nComienza hoy la 64ta. edici\u00f3n del Festival Nacional del Folclore  <\/p>\n","protected":false},"author":1,"featured_media":20820,"comment_status":"closed","ping_status":"closed","sticky":false,"template":"","format":"standard","meta":[],"categories":[14],"tags":[],"_links":{"self":[{"href":"https:\/\/latecordoba.com\/index.php\/wp-json\/wp\/v2\/posts\/20819"}],"collection":[{"href":"https:\/\/latecordoba.com\/index.php\/wp-json\/wp\/v2\/posts"}],"about":[{"href":"https:\/\/latecordoba.com\/index.php\/wp-json\/wp\/v2\/types\/post"}],"author":[{"embeddable":true,"href":"https:\/\/latecordoba.com\/index.php\/wp-json\/wp\/v2\/users\/1"}],"replies":[{"embeddable":true,"href":"https:\/\/latecordoba.com\/index.php\/wp-json\/wp\/v2\/comments?post=20819"}],"version-history":[{"count":0,"href":"https:\/\/latecordoba.com\/index.php\/wp-json\/wp\/v2\/posts\/20819\/revisions"}],"wp:featuredmedia":[{"embeddable":true,"href":"https:\/\/latecordoba.com\/index.php\/wp-json\/wp\/v2\/media\/20820"}],"wp:attachment":[{"href":"https:\/\/latecordoba.com\/index.php\/wp-json\/wp\/v2\/media?parent=20819"}],"wp:term":[{"taxonomy":"category","embeddable":true,"href":"https:\/\/latecordoba.com\/index.php\/wp-json\/wp\/v2\/categories?post=20819"},{"taxonomy":"post_tag","embeddable":true,"href":"https:\/\/latecordoba.com\/index.php\/wp-json\/wp\/v2\/tags?post=20819"}],"curies":[{"name":"wp","href":"https:\/\/api.w.org\/{rel}","templated":true}]}}