{"id":20806,"date":"2024-01-20T15:58:25","date_gmt":"2024-01-20T15:58:25","guid":{"rendered":"https:\/\/viapais.com.ar\/tucuman\/la-provincia-y-aetat-firmaron-un-convenio-para-garantizar-continuidad-del-servicio-de-transporte-en-tucuman\/"},"modified":"2024-01-20T15:58:25","modified_gmt":"2024-01-20T15:58:25","slug":"la-provincia-y-aetat-firmaron-un-convenio-para-garantizar-continuidad-del-servicio-de-transporte-en-tucuman","status":"publish","type":"post","link":"https:\/\/latecordoba.com\/index.php\/2024\/01\/20\/la-provincia-y-aetat-firmaron-un-convenio-para-garantizar-continuidad-del-servicio-de-transporte-en-tucuman\/","title":{"rendered":"La provincia y AETAT firmaron un convenio para garantizar continuidad del servicio de transporte en Tucum\u00e1n"},"content":{"rendered":"\n<div><img decoding=\"async\" src=\"http:\/\/latecordoba.com\/wp-content\/uploads\/2024\/01\/la-provincia-y-aetat-firmaron-un-convenio-para-garantizar-continuidad-del-servicio-de-transporte-en-tucuman.jpg\" class=\"ff-og-image-inserted\"><\/div>\n<section readability=\"59\">\n<p>En una reuni\u00f3n clave para abordar la crisis en el servicio de transporte p\u00fablico en Tucum\u00e1n, el ministro de Econom\u00eda, <b>Daniel Abad<\/b>, se reuni\u00f3 con los representantes de la Asociaci\u00f3n de Empresarios del Transporte Automotor de Tucum\u00e1n (AETAT). La cita, encabezada por el presidente de la asociaci\u00f3n, <b>Daniel Orell<\/b>, y el vicepresidente<b> Jorge Berreta<\/b>, result\u00f3 en la firma de un significativo convenio con el objetivo de garantizar la continuidad y sostenibilidad operativa del transporte en la provincia.<\/p>\n<p>En sus declaraciones, el ministro Abad expres\u00f3 su preocupaci\u00f3n por la situaci\u00f3n actual del servicio de transporte en la provincia: \u201cLa Provincia est\u00e1 preocupada por el tema de la restricci\u00f3n del servicio de transporte, despidos y suspensi\u00f3n de personal como consecuencia de que no se resuelve a nivel nacional de los subsidios al transporte\u201d. Para abordar esta problem\u00e1tica, anunci\u00f3 una ayuda extraordinaria por 90 d\u00edas, sujeta a disponibilidad de fondos de la tesorer\u00eda.<\/p>\n<p>Abad detall\u00f3 las condiciones del acuerdo, destacando que la ayuda excepcional est\u00e1 condicionada a la normalizaci\u00f3n del servicio de transporte p\u00fablico, la prohibici\u00f3n de despidos durante los 90 d\u00edas y la colaboraci\u00f3n mutua en la aplicaci\u00f3n de los fondos de subsidio proporcionados por la Provincia.<b> \u201cEl objetivo del convenio es controlar c\u00f3mo se aplican los subsidios a la espera de c\u00f3mo resuelve la Naci\u00f3n el tema de los subsidios\u201d<\/b>, a\u00f1adi\u00f3.<\/p>\n<p>A la reuni\u00f3n asistieron tambi\u00e9n el secretario de Transporte, Vicente Nicastro, los legisladores<b> Tulio Caponio<\/b> y <b>Sara Assan<\/b>, as\u00ed como la directora de Auditor\u00eda,<b> Angela Corti<\/b>. Jorge Berreta, vicepresidente de AETAT, destac\u00f3 la importancia del acuerdo al afirmar: \u201cHemos firmado un convenio para que no se interrumpa, ya que es un servicio vital e indispensable para todos los tucumanos\u201d.<\/p>\n<p>Berreta subray\u00f3 que el convenio permitir\u00e1 evaluar diariamente las operaciones de transporte, asegurando que se preste el servicio con los gastos b\u00e1sicos operativos. Adem\u00e1s, resalt\u00f3 que este esfuerzo conjunto evitar\u00e1 \u201cque no se interrumpa el servicio, que no haya medidas de fuerza y podamos, entre ambas partes, afrontar este servicio que involucra la reinstalaci\u00f3n o el servicio normal, o dejar de lado las restricciones en San Miguel de Tucum\u00e1n\u201d.<\/p>\n<p>En sus palabras finales, Berreta expres\u00f3 su preocupaci\u00f3n por la falta de soluciones desde la Municipalidad, indicando que \u201cel sistema de transporte est\u00e1 en un punto l\u00edmite para prestar el servicio\u201d. La firma de este convenio representa un paso significativo hacia la estabilizaci\u00f3n y mejora del servicio de transporte en la provincia de Tucum\u00e1n.<\/p>\n<\/section>\n<div class=\"noreadme-audima\">\n<h2>Temas Relacionados<\/h2>\n<\/div>\n","protected":false},"excerpt":{"rendered":"<p>En una reuni\u00f3n clave para abordar la crisis en el servicio de transporte p\u00fablico en Tucum\u00e1n, el ministro de Econom\u00eda, Daniel Abad, se reuni\u00f3 con los representantes de la Asociaci\u00f3n de Empresarios del Transporte Automotor de Tucum\u00e1n (AETAT). La cita, encabezada por el presidente de la asociaci\u00f3n, Daniel Orell, y el vicepresidente Jorge Berreta, result\u00f3 [&hellip;]<\/p>\n","protected":false},"author":1,"featured_media":20807,"comment_status":"closed","ping_status":"closed","sticky":false,"template":"","format":"standard","meta":[],"categories":[15],"tags":[],"_links":{"self":[{"href":"https:\/\/latecordoba.com\/index.php\/wp-json\/wp\/v2\/posts\/20806"}],"collection":[{"href":"https:\/\/latecordoba.com\/index.php\/wp-json\/wp\/v2\/posts"}],"about":[{"href":"https:\/\/latecordoba.com\/index.php\/wp-json\/wp\/v2\/types\/post"}],"author":[{"embeddable":true,"href":"https:\/\/latecordoba.com\/index.php\/wp-json\/wp\/v2\/users\/1"}],"replies":[{"embeddable":true,"href":"https:\/\/latecordoba.com\/index.php\/wp-json\/wp\/v2\/comments?post=20806"}],"version-history":[{"count":0,"href":"https:\/\/latecordoba.com\/index.php\/wp-json\/wp\/v2\/posts\/20806\/revisions"}],"wp:featuredmedia":[{"embeddable":true,"href":"https:\/\/latecordoba.com\/index.php\/wp-json\/wp\/v2\/media\/20807"}],"wp:attachment":[{"href":"https:\/\/latecordoba.com\/index.php\/wp-json\/wp\/v2\/media?parent=20806"}],"wp:term":[{"taxonomy":"category","embeddable":true,"href":"https:\/\/latecordoba.com\/index.php\/wp-json\/wp\/v2\/categories?post=20806"},{"taxonomy":"post_tag","embeddable":true,"href":"https:\/\/latecordoba.com\/index.php\/wp-json\/wp\/v2\/tags?post=20806"}],"curies":[{"name":"wp","href":"https:\/\/api.w.org\/{rel}","templated":true}]}}