{"id":20802,"date":"2024-01-20T04:03:33","date_gmt":"2024-01-20T04:03:33","guid":{"rendered":"https:\/\/viapais.com.ar\/cordoba\/la-mona-jimenez-invitado-de-lujo-en-el-circo-de-flavio-mendoza-se-viene-algo-juntos\/"},"modified":"2024-01-20T04:03:33","modified_gmt":"2024-01-20T04:03:33","slug":"video-la-mona-jimenez-invitado-de-lujo-en-el-circo-de-flavio-mendoza-se-viene-algo-juntos","status":"publish","type":"post","link":"https:\/\/latecordoba.com\/index.php\/2024\/01\/20\/video-la-mona-jimenez-invitado-de-lujo-en-el-circo-de-flavio-mendoza-se-viene-algo-juntos\/","title":{"rendered":"Video: la Mona Jim\u00e9nez, invitado de lujo en el circo de Flavio Mendoza; \u00bfse viene algo juntos?"},"content":{"rendered":"<br \/>\n<section readability=\"20.617021276596\">\n<p><a href=\"https:\/\/viapais.com.ar\/entretenimiento\/el-sencillo-regalo-que-flavio-mendoza-le-dio-a-su-hijo-dionisio-y-que-causo-sorpresa-en-las-redes\/\" target=\"_blank\" rel=\"noopener\"><b>Flavio Mendoza<\/b><\/a><b> y su circo<\/b> siguen siendo una gran atracci\u00f3n en la ciudad de C\u00f3rdoba, con<a href=\"https:\/\/viapais.com.ar\/entretenimiento\/la-tremenda-pirueta-de-flavio-mendoza-y-su-hijo-dionisio-que-genero-polemica-en-las-redes\/\" target=\"_blank\" rel=\"noopener\"><b> un espect\u00e1culo que da continuidad <\/b><\/a>al desplegado en visperas de Navidad, y que se extiende por todo el verano. Con <b>invitados de lujo que no quieren perderse el show, en este caso <\/b><a href=\"https:\/\/viapais.com.ar\/cordoba\/la-mona-jimenez-filmo-un-video-en-un-parque-acuatico-de-cordoba-donde-queda-y-cuanto-salen-las-entradas\/\" target=\"_blank\" rel=\"noopener\"><b>Carlos la Mona Jim\u00e9nez.<\/b><\/a><\/p>\n<article class=\"article card \">\n<div class=\"article-inner \">\n<div class=\"article-image \"><a href=\"https:\/\/viapais.com.ar\/cordoba\/la-mona-jimenez-cumple-73-anos-y-dejo-una-emotiva-reflexion-tras-sus-internaciones\/\" title=\"La Mona\"><\/p>\n<figure><picture><img alt=\"La Mona\" class=\" block \" src=\"http:\/\/latecordoba.com\/wp-content\/uploads\/2024\/01\/video-la-mona-jimenez-invitado-de-lujo-en-el-circo-de-flavio-mendoza-se-viene-algo-juntos.jpg\" sizes=\"auto\" loading=\"lazy\" data-src=\"http:\/\/latecordoba.com\/wp-content\/uploads\/2024\/01\/video-la-mona-jimenez-invitado-de-lujo-en-el-circo-de-flavio-mendoza-se-viene-algo-juntos.jpg\" width=\"307px\" fetchpriority=\"low\" decoding=\"async\" height=\"173px\"><\/picture><\/figure>\n<p><\/a><\/div>\n<\/div>\n<\/article>\n<p>Este viernes el cuartetero dijo presente y al concluir el espect\u00e1culo subi\u00f3 al escenario en medio de la<b> ovasi\u00f3n del p\u00fablico, y los elogios de Flavio: \u201cTe admiro un mont\u00f3n por la alegr\u00eda que le transmit\u00eds a la gente, sos el uno\u201d.<\/b><\/p>\n<figure><picture><img alt=\"La Mona disfrut\u00f3 del espect\u00e1culo del verano, el Circo del \u00c1nima.\" class=\" block \" src=\"http:\/\/latecordoba.com\/wp-content\/uploads\/2024\/01\/video-la-mona-jimenez-invitado-de-lujo-en-el-circo-de-flavio-mendoza-se-viene-algo-juntos-1.jpg\" sizes=\"auto\" loading=\"lazy\" data-src=\"http:\/\/latecordoba.com\/wp-content\/uploads\/2024\/01\/video-la-mona-jimenez-invitado-de-lujo-en-el-circo-de-flavio-mendoza-se-viene-algo-juntos-1.jpg\" width=\"1023px\" fetchpriority=\"low\" decoding=\"async\" height=\"941px\"><\/picture><figcaption class>La Mona disfrut\u00f3 del espect\u00e1culo del verano, el Circo del \u00c1nima. Foto: Circo del \u00c1nim<\/figcaption><\/figure>\n<p>A su vez el Mandam\u00e1s, quien viene de otro \u00e9xito con el <b>festival Bum Bum<\/b>, le agradeci\u00f3 por el despliegue visual del Circo del \u00c1nima. <b>\u201cLa gente las paso muy bien, es un espect\u00e1culo hermoso\u201d<\/b>, resalt\u00f3 el cuartetero.<\/p>\n<article class=\"article card \">\n<div class=\"article-inner \">\n<div class=\"article-image \"><a href=\"https:\/\/viapais.com.ar\/cordoba\/artime-dijo-que-la-mona-jimenez-y-rodrigo-son-de-belgrano-y-abrio-la-polemica-en-redes\/\" title=\"Luis Fabi\u00e1n Artime\"><\/p>\n<figure><picture><img alt=\"Luis Fabi\u00e1n Artime\" class=\" block \" src=\"http:\/\/latecordoba.com\/wp-content\/uploads\/2024\/01\/video-la-mona-jimenez-invitado-de-lujo-en-el-circo-de-flavio-mendoza-se-viene-algo-juntos-2.jpg\" sizes=\"auto\" loading=\"lazy\" data-src=\"http:\/\/latecordoba.com\/wp-content\/uploads\/2024\/01\/video-la-mona-jimenez-invitado-de-lujo-en-el-circo-de-flavio-mendoza-se-viene-algo-juntos-2.jpg\" width=\"307px\" fetchpriority=\"low\" decoding=\"async\" height=\"173px\"><\/picture><\/figure>\n<p><\/a><\/div>\n<\/div>\n<\/article>\n<h2 class><b>\u00bfUN HOMENAJE DE FLAVIO A LA MONA?<\/b><\/h2>\n<p>Flavio Mendoza y La Mona Jim\u00e9nez ya se reunieron en una cena, un acercamiento para un <b>encarar un show estilo homenaje, <\/b>como el que se tributa a las grandes figuras.<\/p>\n<\/section>\n<div class=\"noreadme-audima\">\n<h2>Temas Relacionados<\/h2>\n<\/div>\n","protected":false},"excerpt":{"rendered":"<p>Flavio Mendoza y su circo siguen siendo una gran atracci\u00f3n en la ciudad de C\u00f3rdoba, con un espect\u00e1culo que da continuidad al desplegado en visperas de Navidad, y que se extiende por todo el verano. Con invitados de lujo que no quieren perderse el show, en este caso Carlos la Mona Jim\u00e9nez. Este viernes el [&hellip;]<\/p>\n","protected":false},"author":1,"featured_media":20803,"comment_status":"closed","ping_status":"closed","sticky":false,"template":"","format":"standard","meta":[],"categories":[15],"tags":[],"_links":{"self":[{"href":"https:\/\/latecordoba.com\/index.php\/wp-json\/wp\/v2\/posts\/20802"}],"collection":[{"href":"https:\/\/latecordoba.com\/index.php\/wp-json\/wp\/v2\/posts"}],"about":[{"href":"https:\/\/latecordoba.com\/index.php\/wp-json\/wp\/v2\/types\/post"}],"author":[{"embeddable":true,"href":"https:\/\/latecordoba.com\/index.php\/wp-json\/wp\/v2\/users\/1"}],"replies":[{"embeddable":true,"href":"https:\/\/latecordoba.com\/index.php\/wp-json\/wp\/v2\/comments?post=20802"}],"version-history":[{"count":0,"href":"https:\/\/latecordoba.com\/index.php\/wp-json\/wp\/v2\/posts\/20802\/revisions"}],"wp:featuredmedia":[{"embeddable":true,"href":"https:\/\/latecordoba.com\/index.php\/wp-json\/wp\/v2\/media\/20803"}],"wp:attachment":[{"href":"https:\/\/latecordoba.com\/index.php\/wp-json\/wp\/v2\/media?parent=20802"}],"wp:term":[{"taxonomy":"category","embeddable":true,"href":"https:\/\/latecordoba.com\/index.php\/wp-json\/wp\/v2\/categories?post=20802"},{"taxonomy":"post_tag","embeddable":true,"href":"https:\/\/latecordoba.com\/index.php\/wp-json\/wp\/v2\/tags?post=20802"}],"curies":[{"name":"wp","href":"https:\/\/api.w.org\/{rel}","templated":true}]}}