{"id":20773,"date":"2024-01-19T08:06:00","date_gmt":"2024-01-19T08:06:00","guid":{"rendered":"https:\/\/viapais.com.ar\/carlos-paz\/verano-en-carlos-paz-calor-y-sol-para-este-viernes\/"},"modified":"2024-01-19T08:06:00","modified_gmt":"2024-01-19T08:06:00","slug":"verano-en-carlos-paz-calor-y-sol-para-este-viernes","status":"publish","type":"post","link":"https:\/\/latecordoba.com\/index.php\/2024\/01\/19\/verano-en-carlos-paz-calor-y-sol-para-este-viernes\/","title":{"rendered":"Verano en Carlos Paz: calor y sol para este viernes"},"content":{"rendered":"\n<p>El<a href=\"https:\/\/www.smn.gob.ar\/\" target=\"_blank\" rel=\"noopener\"> <b>Servicio Meteorol\u00f3gico Nacional <\/b><\/a>prev\u00e9 para este <i><b>viernes <\/b><\/i>buen tiempo en <b>Carlos Paz y Punilla<\/b>, con <i>clima c\u00e1lido y templado <\/i>durante la jornada.<\/p>\n<article class=\"article card \">\n<div class=\"article-inner \">\n<div class=\"article-image \"><a href=\"https:\/\/viapais.com.ar\/carlos-paz\/pabellon-tornu-una-obra-de-teatro-inmersiva-en-el-ex-hospital-de-santa-maria-de-punilla\/\" title=\"El elenco de &quot;Pabell\u00f3n Torn\u00fa&quot;\"><\/p>\n<figure><picture><img alt=\"El elenco de &quot;Pabell\u00f3n Torn\u00fa&quot;\" class=\" block \" src=\"http:\/\/latecordoba.com\/wp-content\/uploads\/2024\/01\/verano-en-carlos-paz-calor-y-sol-para-este-viernes.jpg\" sizes=\"auto\" loading=\"lazy\" data-src=\"http:\/\/latecordoba.com\/wp-content\/uploads\/2024\/01\/verano-en-carlos-paz-calor-y-sol-para-este-viernes.jpg\" width=\"307px\" fetchpriority=\"low\" decoding=\"async\" height=\"173px\"><\/picture><\/figure>\n<p><\/a><\/div>\n<\/div>\n<\/article>\n<p>El <b>cielo <\/b>permanecer\u00e1 parcialmente nublado y <b>soleado <\/b>durante toda la jornada, en tanto que hacia la tarde los <i>vientos <\/i>ser\u00e1n moderados con <i>23 y 33 km\/h.<\/i><\/p>\n<figure><picture><img alt=\"Turismo r\u00edo fantasio Carlos Paz. (La Voz)\" class=\" block \" src=\"http:\/\/latecordoba.com\/wp-content\/uploads\/2024\/01\/verano-en-carlos-paz-calor-y-sol-para-este-viernes-1.jpg\" sizes=\"auto\" loading=\"lazy\" data-src=\"http:\/\/latecordoba.com\/wp-content\/uploads\/2024\/01\/verano-en-carlos-paz-calor-y-sol-para-este-viernes-1.jpg\" width=\"1023px\" fetchpriority=\"low\" decoding=\"async\" height=\"682px\"><\/picture><figcaption class>Turismo r\u00edo fantasio Carlos Paz. (La Voz)<\/figcaption><\/figure>\n<figure><picture><img alt=\"Turismo r\u00edo fantasio Carlos Paz. (La Voz)\" class=\" block \" src=\"http:\/\/latecordoba.com\/wp-content\/uploads\/2024\/01\/verano-en-carlos-paz-calor-y-sol-para-este-viernes-2.jpg\" sizes=\"auto\" loading=\"lazy\" data-src=\"http:\/\/latecordoba.com\/wp-content\/uploads\/2024\/01\/verano-en-carlos-paz-calor-y-sol-para-este-viernes-2.jpg\" width=\"1023px\" fetchpriority=\"low\" decoding=\"async\" height=\"682px\"><\/picture><figcaption class>Turismo r\u00edo fantasio Carlos Paz. (La Voz)<\/figcaption><\/figure>\n<p>La <b>temperatura m\u00ednima ser\u00e1 de 16 grados y la m\u00e1xima de 30<\/b>. Se espera para el fin de semana un clima similar, con calor y agradables temperaturas para disfrutar el verano en la ciudad.<\/p>\n<article class=\"article card \">\n<div class=\"article-inner \">\n<div class=\"article-image \"><a href=\"https:\/\/viapais.com.ar\/carlos-paz\/carlos-paz-agentes-municipales-percibiran-una-recomposicion-salarial\/\" title=\"Municipales percibir\u00e1n una recomposici\u00f3n salarial del 30 por ciento\"><\/p>\n<figure><picture><img alt=\"Municipales percibir\u00e1n una recomposici\u00f3n salarial del 30 por ciento\" class=\" block \" src=\"http:\/\/latecordoba.com\/wp-content\/uploads\/2024\/01\/verano-en-carlos-paz-calor-y-sol-para-este-viernes-3.jpg\" sizes=\"auto\" loading=\"lazy\" data-src=\"http:\/\/latecordoba.com\/wp-content\/uploads\/2024\/01\/verano-en-carlos-paz-calor-y-sol-para-este-viernes-3.jpg\" width=\"307px\" fetchpriority=\"low\" decoding=\"async\" height=\"173px\"><\/picture><\/figure>\n<p><\/a><\/div>\n<\/div>\n<\/article>\n","protected":false},"excerpt":{"rendered":"<p>El Servicio Meteorol\u00f3gico Nacional prev\u00e9 para este viernes buen tiempo en Carlos Paz y Punilla, con clima c\u00e1lido y templado durante la jornada. El cielo permanecer\u00e1 parcialmente nublado y soleado durante toda la jornada, en tanto que hacia la tarde los vientos ser\u00e1n moderados con 23 y 33 km\/h. Turismo r\u00edo fantasio Carlos Paz. (La [&hellip;]<\/p>\n","protected":false},"author":1,"featured_media":20774,"comment_status":"closed","ping_status":"closed","sticky":false,"template":"","format":"standard","meta":[],"categories":[15],"tags":[],"_links":{"self":[{"href":"https:\/\/latecordoba.com\/index.php\/wp-json\/wp\/v2\/posts\/20773"}],"collection":[{"href":"https:\/\/latecordoba.com\/index.php\/wp-json\/wp\/v2\/posts"}],"about":[{"href":"https:\/\/latecordoba.com\/index.php\/wp-json\/wp\/v2\/types\/post"}],"author":[{"embeddable":true,"href":"https:\/\/latecordoba.com\/index.php\/wp-json\/wp\/v2\/users\/1"}],"replies":[{"embeddable":true,"href":"https:\/\/latecordoba.com\/index.php\/wp-json\/wp\/v2\/comments?post=20773"}],"version-history":[{"count":0,"href":"https:\/\/latecordoba.com\/index.php\/wp-json\/wp\/v2\/posts\/20773\/revisions"}],"wp:featuredmedia":[{"embeddable":true,"href":"https:\/\/latecordoba.com\/index.php\/wp-json\/wp\/v2\/media\/20774"}],"wp:attachment":[{"href":"https:\/\/latecordoba.com\/index.php\/wp-json\/wp\/v2\/media?parent=20773"}],"wp:term":[{"taxonomy":"category","embeddable":true,"href":"https:\/\/latecordoba.com\/index.php\/wp-json\/wp\/v2\/categories?post=20773"},{"taxonomy":"post_tag","embeddable":true,"href":"https:\/\/latecordoba.com\/index.php\/wp-json\/wp\/v2\/tags?post=20773"}],"curies":[{"name":"wp","href":"https:\/\/api.w.org\/{rel}","templated":true}]}}