{"id":20761,"date":"2024-01-18T14:00:04","date_gmt":"2024-01-18T14:00:04","guid":{"rendered":"https:\/\/www.puntal.com.ar\/agenda-verano\/jueves-musica-n209881"},"modified":"2024-01-18T14:00:04","modified_gmt":"2024-01-18T14:00:04","slug":"jueves-de-musica","status":"publish","type":"post","link":"https:\/\/latecordoba.com\/index.php\/2024\/01\/18\/jueves-de-musica\/","title":{"rendered":"Jueves de m\u00fasica"},"content":{"rendered":"\n<div><img decoding=\"async\" src=\"http:\/\/latecordoba.com\/wp-content\/uploads\/2024\/01\/jueves-de-musica.jpg\" class=\"ff-og-image-inserted\"><\/div>\n<div class=\"cuerpo\" data-twitter-link readability=\"45\">\n<p> Hoy a las 20hs. en el C.C. Ojo de Barro (Bol\u00edvar 373) sonar\u00e1 rock en vivo de la mano de la ascendente banda rockera del Oeste de Buenos Aires Los Notables con la participaci\u00f3n del grupo invitado Capit\u00e1n Astrolabio. Entrada gral. $1500. <\/p>\n<p><strong>TANGO <\/strong><\/p>\n<p>Hoy a las 20.30hs. en la Herradura del Andino, en la continuidad del ciclo Un Verano en la Estaci\u00f3n, otra Noche de Tango con las voces de Carlos Palacios, Seide Ceresole, Antonio Jos\u00e9, Carlos Gallo, Sergio Kogon, Coco Lay, Juan Megale y Walter Mosquera, acompa\u00f1ados por los m\u00fasicos Pablo Patta en piano y Juan C. Zabala en guitarra. Coordina: Juan C. Ameri. No se suspende por mal tiempo. <\/p>\n<p><strong>NOCHES BAJO EL MISMO CIELO <\/strong><\/p>\n<p>Esta noche a las 22hs. en la Plaza del Pueblo (Viejo Mercado) y en la continuidad del ciclo Noches bajo el mismo cielo, se presenta el d\u00fao conformado por los artistas locales Roc\u00edo Toledo y Renzo Rodr\u00edguez. No se suspende por mal tiempo. <\/p>\n<p>Dupla conformada por Renzo Rodr\u00edguez (bajo) y Roc\u00edo Toledo (voz) que aborda un horizonte de canciones de ra\u00edz folcl\u00f3rica, a partir de la interpretaci\u00f3n sentida de diversos referentes de la poes\u00eda y de la m\u00fasica latinoamericana, abrazando la m\u00fasica popular a trav\u00e9s de una b\u00fasqueda expresiva de posibilidades sonoras. <\/p>\n<p>En esta oportunidad presentan &#8220;Encuentro&#8221;, donde las canciones elegidas cobijan los primeros pasos del d\u00fao. Canciones se dicen, canciones-refugio, canciones-abrazo. Porque, como dec\u00eda Fontanarrosa: encontrarse es Cultura. <\/p>\n<\/div>\n","protected":false},"excerpt":{"rendered":"<p>\nContin\u00faa hoy la programaci\u00f3n cultural de verano  <\/p>\n","protected":false},"author":1,"featured_media":20762,"comment_status":"closed","ping_status":"closed","sticky":false,"template":"","format":"standard","meta":[],"categories":[14],"tags":[],"_links":{"self":[{"href":"https:\/\/latecordoba.com\/index.php\/wp-json\/wp\/v2\/posts\/20761"}],"collection":[{"href":"https:\/\/latecordoba.com\/index.php\/wp-json\/wp\/v2\/posts"}],"about":[{"href":"https:\/\/latecordoba.com\/index.php\/wp-json\/wp\/v2\/types\/post"}],"author":[{"embeddable":true,"href":"https:\/\/latecordoba.com\/index.php\/wp-json\/wp\/v2\/users\/1"}],"replies":[{"embeddable":true,"href":"https:\/\/latecordoba.com\/index.php\/wp-json\/wp\/v2\/comments?post=20761"}],"version-history":[{"count":0,"href":"https:\/\/latecordoba.com\/index.php\/wp-json\/wp\/v2\/posts\/20761\/revisions"}],"wp:featuredmedia":[{"embeddable":true,"href":"https:\/\/latecordoba.com\/index.php\/wp-json\/wp\/v2\/media\/20762"}],"wp:attachment":[{"href":"https:\/\/latecordoba.com\/index.php\/wp-json\/wp\/v2\/media?parent=20761"}],"wp:term":[{"taxonomy":"category","embeddable":true,"href":"https:\/\/latecordoba.com\/index.php\/wp-json\/wp\/v2\/categories?post=20761"},{"taxonomy":"post_tag","embeddable":true,"href":"https:\/\/latecordoba.com\/index.php\/wp-json\/wp\/v2\/tags?post=20761"}],"curies":[{"name":"wp","href":"https:\/\/api.w.org\/{rel}","templated":true}]}}