{"id":20759,"date":"2024-01-18T14:01:00","date_gmt":"2024-01-18T14:01:00","guid":{"rendered":"https:\/\/www.puntal.com.ar\/cine\/ruffalo-y-dafoe-una-onirica-y-extravagante-iniciacion-pobres-criaturas-n209882"},"modified":"2024-01-18T14:01:00","modified_gmt":"2024-01-18T14:01:00","slug":"ruffalo-y-dafoe-en-una-onirica-y-extravagante-iniciacion-en-pobres-criaturas","status":"publish","type":"post","link":"https:\/\/latecordoba.com\/index.php\/2024\/01\/18\/ruffalo-y-dafoe-en-una-onirica-y-extravagante-iniciacion-en-pobres-criaturas\/","title":{"rendered":"Ruffalo y Dafoe en una on\u00edrica y extravagante iniciaci\u00f3n en &#8220;Pobres criaturas&#8221;"},"content":{"rendered":"\n<div><img decoding=\"async\" src=\"http:\/\/latecordoba.com\/wp-content\/uploads\/2024\/01\/ruffalo-y-dafoe-en-una-onirica-y-extravagante-iniciacion-en-pobres-criaturas.jpg\" class=\"ff-og-image-inserted\"><\/div>\n<p> &#8220;Para m\u00ed, la pel\u00edcula es muy rica y toca muchas cosas. La veo como una pel\u00edcula de liberaci\u00f3n. Es una pel\u00edcula sobre el despertar y sobre cuestionar cosas que tomamos como convenciones. Y es all\u00ed donde ocurre la liberaci\u00f3n y se encuentra con su propia naturaleza y se la acepta. No se trata de una pel\u00edcula pol\u00e9mica, sino de una f\u00e1bula que presenta temas y la gente los deriva hacia el significado que cada uno le quiera dar&#8221;, sostuvo Dafoe ante una consulta de T\u00e9lam en una entrevista con medios internacionales.<\/p>\n<p>&#8220;Es interesante -agreg\u00f3 Ruffalo a esta agencia, en la misma rueda de prensa- que ninguno de los personajes se mantenga igual a trav\u00e9s de este viaje. Ella (el personaje de Stone) se presenta de una manera y todos quieren cambiarla de alguna forma, pero tambi\u00e9n todos est\u00e1n atascados en cuanto a las convenciones que ya no funcionan m\u00e1s en comparaci\u00f3n a alguien que se muestra realmente viva. Eso es lo que tomo de esta pel\u00edcula&#8221;.<\/p>\n<p>Ganadora del Le\u00f3n de Oro en el Festival de Venecia y como Mejor Comedia o Musical en los Globo de Oro, premios a los que fueron nominados como actores de reparto Dafoe y Ruffalo, la nueva entrega del aclamado director griego pone a la galardonada Emma Stone en el papel de Bella Baxter, una mujer que vive con un retraso madurativo luego de una cirug\u00eda en la que, luego de muerta, le injertan el cerebro de un beb\u00e9.<\/p>\n<div contenteditable=\"false\" class=\"embed_cont type_freetext\" rel=\"freetext\" id=\"embed9671_wrap\" data-provider=\"YouTube\" readability=\"32\">\n<p> Pobres Criaturas | Tr\u00e1iler Oficial | Subtitulado<span onclick=\"parent.parent.TinyMCETdcuerpo.preview_embed('embed9671')\" class=\"embed_colapse less\" id=\"embed9671_colapse\"><\/span><span onclick=\"parent.parent.TinyMCETdcuerpo.delete_embed('embed9671')\" class=\"embed_delete less\" id=\"embed9671_delete\"><\/span><\/p>\n<div id=\"embed9671_content\" class=\"embed_content\">\n<p> <iframe loading=\"lazy\" width=\"200\" height=\"113\" src=\"https:\/\/www.youtube.com\/embed\/HGK_FyxBs2M?feature=oembed\" frameborder=\"0\" allow=\"accelerometer; autoplay; clipboard-write; encrypted-media; gyroscope; picture-in-picture; web-share\" allowfullscreen title=\"Pobres Criaturas | Tr\u00e1iler Oficial | Subtitulado\">[embedded content]<\/iframe><\/p>\n<\/p><\/div>\n<\/p><\/div>\n<p>&#8220;He visto las pel\u00edculas de Yorgos, me parecen incre\u00edbles y sorprendentes. Yo ten\u00eda miedo de no poder estar a la altura de lo que \u00e9l quer\u00eda&#8230; los di\u00e1logos, el cambio f\u00edsico, el baile&#8230; nunca antes lo hab\u00eda hecho y no quer\u00eda ser el \u00fanico del elenco que estuviera mal (risas). As\u00ed que primero pens\u00e9 en rechazarlo, pero cuando se lo dije, \u00e9l rio y me dijo: &#8216;Vos sos Duncan&#8217;. Me sent\u00ed muy agradecido y me sorprendi\u00f3 la fuerza de \u00e9l para verme&#8221;, confi\u00f3 Ruffalo.<\/p>\n<p>El actor nominado tres veces a los premios de la Academia de Estados Unidos interpreta al abogado Duncan Wedderburn, un dandy que se enamora y se lleva de viaje a Bella. Encantado por su inocencia y su lujuria (las escenas de sexo son un tanto excesivas en el filme), Wedderburn comienza a perder la cordura, mientras su amante reconoce y se reconoce en el mundo.<\/p>\n<p>&#8220;El truco es hacer crecer a un personaje que tiene emociones tan extremas y en alg\u00fan punto es algo delicado, honesto y profundo. Tiene una conexi\u00f3n con la verdad. Mi desaf\u00edo era mantener al barco cerca de esa costa dentro de lo posible&#8221;, dijo Ruffalo.<\/p>\n<p>Para el papel, Lanthimos no le pidi\u00f3 nada en especial. Le mostr\u00f3 videos de la bailarina alemana Pina Bausch, por ejemplo, y coment\u00f3 que si bien no le dec\u00eda nada, \u00e9l iba captando lo que le estaba pidiendo para construir el personaje, por fuera de lo que estaba en el guion. As\u00ed, entendi\u00f3 que la historia deb\u00eda contarla de manera f\u00edsica y con comedia y no tanto con los di\u00e1logos.<\/p>\n<p>&#8220;Con la comedia se puede trabajar. Hay una din\u00e1mica poco t\u00edpica en cada personaje. Los personajes est\u00e1n envueltos o &#8216;desenvueltos&#8217; por Bella. Ellos deben cambiar por ella o por la relaci\u00f3n que mantienen con ella. Vemos tambi\u00e9n que le quieren cambiar las normas y tienen un final terrible. Es un viaje raro, gracioso, con un mensaje profundo si le prest\u00e1s atenci\u00f3n&#8221;, se\u00f1al\u00f3 Ruffalo.<\/p>\n<p>Dafoe interpreta al cirujano que opera a Bella y que, luego de ello, la adopta como su propia hija. God, as\u00ed le dicen, fue un experimento de su propio padre, quien lo mutil\u00f3 y deform\u00f3 en pos de la ciencia. God mismo se autodefine como &#8220;un hombre de ciencia&#8221;, aunque no puede dejar de lado el amor paternal que siente por Bella.<\/p>\n<p>&#8220;Yo no encontr\u00e9 a mi personaje tan extremo -dijo Dafoe-, aunque s\u00ed hace cosas extremas. Es muy racionalista y objetivo. En cuanto al decorado de la \u00c9poca Victoriana, cuando entrabas en la casa, todo era fant\u00e1stico. Cada detalle de lo construido era fant\u00e1stico, incluso la comida. Todo te transportaba a un tiempo espec\u00edfico, eso hac\u00eda que no hubiera nada impostado y realmente era una ayuda para poder actuar y estar en ese mundo&#8221;.<\/p>\n<p>La est\u00e9tica del filme tambi\u00e9n es llamativa. Si bien los planos angulares contin\u00faan siendo la marca registrada de Lanthimos (&#8220;Langosta&#8221;, 2015; &#8220;El sacrificio del ciervo sagrado&#8221;, 2017; &#8220;La favorita&#8221;, 2018), pareciera como si los colores saturados y la exageraci\u00f3n casi de caricatura al estilo Tim Burton hubieran invadido la pantalla, creando un universo entre llamativo y empalagoso.<\/p>\n<p>Para ese clima tambi\u00e9n aporta el vestuario y maquillaje de Dafoe, quien aparece completamente deformado delante de c\u00e1mara.<\/p>\n<p>&#8220;La parte del maquillaje es bastante sencilla. Te sent\u00e1s en una silla durante un mont\u00f3n de tiempo mientras mir\u00e1s en el espejo c\u00f3mo vas desapareciendo. Como no pod\u00e9s dormir, no queda otra que meditar. Lo mismo cuando te visten: el vestuario te transforma. Y las pr\u00f3tesis corporales cambian todo, hasta la forma de caminar, eso abre la puerta para pretender lo que va a pasar. Eso te hace salir de vos y traer cosas que no son tuyas. Eso me encanta porque dispara la imaginaci\u00f3n; te llevan a otro mundo y es lo que necesit\u00e1s cuando cre\u00e1s un personaje&#8221;, apunt\u00f3 el actor.<\/p>\n<p>La pel\u00edcula se posiciona pol\u00edticamente y es quiz\u00e1 all\u00ed donde radica su falla. No porque no pueda o deba hacerlo, sino por c\u00f3mo recae en situaciones y explicaciones que ya est\u00e1n sobreentendidas. Adem\u00e1s, utiliza varios lugares comunes y hasta echa mano de los estereotipos del progresismo para all\u00ed anclar su narrativa y su justificaci\u00f3n de ser. Si bien la cr\u00edtica a la sociedad actual se encuentra en las pel\u00edculas anteriores de Lanthimos, es en &#8220;Pobres criaturas&#8221; en la que adolece un tanto de los giros sorpresivos que son su signo distintivo.<\/p>\n<p>Sin embargo, tanto Dafoe como Ruffalo no le quitan el tinte pol\u00edtico a la historia y la sit\u00faan en un plano on\u00edrico del &#8220;comming of age&#8221; que apunta a derrumbar las paredes que separan a las minor\u00edas de la sociedad.<\/p>\n<p>&#8220;Tengo dos hijas -coment\u00f3 Ruffalo- y cuando las cri\u00e1s lo ves todo de manera diferente. Veo las condiciones para ellas en el mundo, el color de su ropa o qu\u00e9 se ponen. Eso es horrible para las mujeres, y eso que tienen 10 a\u00f1os. Es pol\u00edtica la pel\u00edcula, pero es algo m\u00e1s profundo tambi\u00e9n sobre la sociedad. Bella quiere una nueva vida y los hombres esperan imponer sus condiciones. Hoy uno se debe preguntar qu\u00e9 lugar quiere ocupar en el mundo&#8221;.<\/p>\n","protected":false},"excerpt":{"rendered":"<p>\nLos reconocidos actores cuentan de la pel\u00edcula que hoy se estrena en el pa\u00eds  <\/p>\n","protected":false},"author":1,"featured_media":20760,"comment_status":"closed","ping_status":"closed","sticky":false,"template":"","format":"standard","meta":[],"categories":[14],"tags":[],"_links":{"self":[{"href":"https:\/\/latecordoba.com\/index.php\/wp-json\/wp\/v2\/posts\/20759"}],"collection":[{"href":"https:\/\/latecordoba.com\/index.php\/wp-json\/wp\/v2\/posts"}],"about":[{"href":"https:\/\/latecordoba.com\/index.php\/wp-json\/wp\/v2\/types\/post"}],"author":[{"embeddable":true,"href":"https:\/\/latecordoba.com\/index.php\/wp-json\/wp\/v2\/users\/1"}],"replies":[{"embeddable":true,"href":"https:\/\/latecordoba.com\/index.php\/wp-json\/wp\/v2\/comments?post=20759"}],"version-history":[{"count":0,"href":"https:\/\/latecordoba.com\/index.php\/wp-json\/wp\/v2\/posts\/20759\/revisions"}],"wp:featuredmedia":[{"embeddable":true,"href":"https:\/\/latecordoba.com\/index.php\/wp-json\/wp\/v2\/media\/20760"}],"wp:attachment":[{"href":"https:\/\/latecordoba.com\/index.php\/wp-json\/wp\/v2\/media?parent=20759"}],"wp:term":[{"taxonomy":"category","embeddable":true,"href":"https:\/\/latecordoba.com\/index.php\/wp-json\/wp\/v2\/categories?post=20759"},{"taxonomy":"post_tag","embeddable":true,"href":"https:\/\/latecordoba.com\/index.php\/wp-json\/wp\/v2\/tags?post=20759"}],"curies":[{"name":"wp","href":"https:\/\/api.w.org\/{rel}","templated":true}]}}