{"id":20753,"date":"2024-01-18T13:10:41","date_gmt":"2024-01-18T13:10:41","guid":{"rendered":"https:\/\/www.eldiariodeturismo.com.ar\/?p=241443"},"modified":"2024-01-18T13:10:41","modified_gmt":"2024-01-18T13:10:41","slug":"fernando-zubillaga-gualeguaychu-es-el-lugar-optimo-para-el-disfrute-de-la-familia","status":"publish","type":"post","link":"https:\/\/latecordoba.com\/index.php\/2024\/01\/18\/fernando-zubillaga-gualeguaychu-es-el-lugar-optimo-para-el-disfrute-de-la-familia\/","title":{"rendered":"Fernando Zubillaga: \u201cGualeguaych\u00fa es el lugar \u00f3ptimo para el disfrute de la familia\u201d"},"content":{"rendered":"<br \/>\n<h5 class=\"MsoNormal\"><b><span>Fernando Zubillaga, <\/span><\/b><span>flamante<b> presidente del Consejo Mixto Gualeguaych\u00fa Turismo<\/b>, nos cuenta c\u00f3mo se est\u00e1 desarrollando esta temporada de verano, plena de actividades y m\u00faltiples atractivos para disfrutar las vacaciones.<\/span><\/h5>\n<h5 class=\"MsoNormal\"><span>Coment\u00f3 que luego de la crecida de los r\u00edos Gualeguaych\u00fa y Uruguay, la bajante permiti\u00f3 poner a punto la mayor\u00eda de las playas desarroll\u00e1ndose la primera quincena de enero con el mayor n\u00famero de prestadores de playa operativos.<\/span><\/h5>\n<h5 class=\"MsoNormal\"><span>El pasado 6 de enero se realiz\u00f3 la apertura del <b>Carnaval del Pa\u00eds<\/b> y <b>Gualeguaych\u00fa<\/b> ya est\u00e1 teniendo una importante temporada con el turismo como protagonista y motor de la econom\u00eda local, disfrutando los atractivos de la localidad: la naturaleza, las termas, las playas, el Camino del Vino Entrerriano con sus bodegas y vi\u00f1edos, su patrimonio hist\u00f3rico cultural, las comparsas y la caracter\u00edstica cordialidad de su gente.<\/span><\/h5>\n<h5 class=\"MsoNormal\"><b><span>Zubillaga <\/span><\/b><span>indic\u00f3 que para <b>Gualeguaych\u00fa<\/b> el turismo es una pol\u00edtica de Estado y que en el primer mes de esta gesti\u00f3n fue necesario plantear un ordenamiento y reglas claras para todos los actores que atraviesan la ciudad tur\u00edstica. Adelant\u00f3 que est\u00e1n poniendo en funcionamiento un <b>Bus Tur\u00edstico<\/b> para realizar recorridos por el casco hist\u00f3rico con visita a los museos del Carnaval y la Azotea de Lapalma, y pasando por antiguos mercados y el recuperado Frigor\u00edfico Gualeguaych\u00fa. M\u00faltiples acciones para posicionar a <b>Gualeguaych\u00fa<\/b> como uno de los destinos m\u00e1s elegidos del pa\u00eds y para visitar durante todo el a\u00f1o.<\/span><\/h5>\n<h4>&nbsp;<\/h4>\n<figure class=\"wp-block-embed is-type-video is-provider-youtube wp-block-embed-youtube wp-embed-aspect-16-9 wp-has-aspect-ratio\">\n<div class=\"wp-block-embed__wrapper\">\n<div class=\"fitvids-video\"><iframe loading=\"lazy\" title=\"Fernando Zubillaga, Consejo Mixto Gualeguaych\u00fa Turismo \u2010 El Diario de Turismo 11-01-2024\" width=\"800\" height=\"450\" src=\"https:\/\/www.youtube.com\/embed\/t9X0oRu2n-A?feature=oembed\" frameborder=\"0\" allow=\"accelerometer; autoplay; clipboard-write; encrypted-media; gyroscope; picture-in-picture; web-share\" allowfullscreen>[embedded content]<\/iframe><\/div>\n<\/div>\n<\/figure>\n<p><img loading=\"lazy\" decoding=\"async\" class=\"aligncenter wp-image-241464 size-full\" src=\"http:\/\/latecordoba.com\/wp-content\/uploads\/2024\/01\/fernando-zubillaga-gualeguaychu-es-el-lugar-optimo-para-el-disfrute-de-la-familia.jpg\" alt width=\"600\" height=\"228\" srcset=\"http:\/\/latecordoba.com\/wp-content\/uploads\/2024\/01\/fernando-zubillaga-gualeguaychu-es-el-lugar-optimo-para-el-disfrute-de-la-familia.jpg 600w, https:\/\/www.eldiariodeturismo.com.ar\/wp-content\/uploads\/2024\/01\/Gualeguaychu1-300x114.jpg 300w\" sizes=\"(max-width: 600px) 100vw, 600px\"><\/p>\n<p><a href=\"https:\/\/www.gualeguaychu.tur.ar\/\" target=\"_blank\" rel=\"noopener\"><img loading=\"lazy\" decoding=\"async\" class=\"aligncenter wp-image-241445 size-full\" src=\"http:\/\/latecordoba.com\/wp-content\/uploads\/2024\/01\/fernando-zubillaga-gualeguaychu-es-el-lugar-optimo-para-el-disfrute-de-la-familia-1.jpg\" alt width=\"500\" height=\"281\" srcset=\"http:\/\/latecordoba.com\/wp-content\/uploads\/2024\/01\/fernando-zubillaga-gualeguaychu-es-el-lugar-optimo-para-el-disfrute-de-la-familia-3.jpg 500w, https:\/\/www.eldiariodeturismo.com.ar\/wp-content\/uploads\/2024\/01\/CONSEJO-MIXTO-DE-TURISMO-DE-GUALEGUAYCHU-300x169.jpg 300w\" sizes=\"(max-width: 500px) 100vw, 500px\"><\/a><\/p>\n<h5><strong><a href=\"https:\/\/radiotrendtopic.com.ar\/web\/\" target=\"_blank\" rel=\"noopener\"><img loading=\"lazy\" decoding=\"async\" class=\"size-full wp-image-215708 alignright\" src=\"http:\/\/latecordoba.com\/wp-content\/uploads\/2024\/01\/fernando-zubillaga-gualeguaychu-es-el-lugar-optimo-para-el-disfrute-de-la-familia-2.jpg\" alt width=\"208\" height=\"199\"><\/a><\/strong><\/h5>\n<h5>&nbsp;<\/h5>\n<h5><strong>El Diar<\/strong><strong>io de&nbsp;Turismo Radio<\/strong>&nbsp;<strong>en Radio Trend Topic, pod\u00e9s escucharnos en vivo&nbsp; en&nbsp;&nbsp;<a href=\"https:\/\/radiotrendtopic.com.ar\/web\/\" target=\"_blank\" rel=\"noopener\">radiotrendtopic.com.ar<\/a><\/strong><\/h5>\n<h5><strong>Programa 509 del 11 de enero de 2024<\/strong><\/h5>\n","protected":false},"excerpt":{"rendered":"<p> Fernando Zubillaga, flamante presidente del Consejo Mixto Gualeguaych\u00fa Turismo, nos cuenta c\u00f3mo se est\u00e1 desarrollando esta temporada de verano, plena  <\/p>\n","protected":false},"author":1,"featured_media":20754,"comment_status":"open","ping_status":"closed","sticky":false,"template":"","format":"standard","meta":[],"categories":[19],"tags":[],"_links":{"self":[{"href":"https:\/\/latecordoba.com\/index.php\/wp-json\/wp\/v2\/posts\/20753"}],"collection":[{"href":"https:\/\/latecordoba.com\/index.php\/wp-json\/wp\/v2\/posts"}],"about":[{"href":"https:\/\/latecordoba.com\/index.php\/wp-json\/wp\/v2\/types\/post"}],"author":[{"embeddable":true,"href":"https:\/\/latecordoba.com\/index.php\/wp-json\/wp\/v2\/users\/1"}],"replies":[{"embeddable":true,"href":"https:\/\/latecordoba.com\/index.php\/wp-json\/wp\/v2\/comments?post=20753"}],"version-history":[{"count":0,"href":"https:\/\/latecordoba.com\/index.php\/wp-json\/wp\/v2\/posts\/20753\/revisions"}],"wp:featuredmedia":[{"embeddable":true,"href":"https:\/\/latecordoba.com\/index.php\/wp-json\/wp\/v2\/media\/20754"}],"wp:attachment":[{"href":"https:\/\/latecordoba.com\/index.php\/wp-json\/wp\/v2\/media?parent=20753"}],"wp:term":[{"taxonomy":"category","embeddable":true,"href":"https:\/\/latecordoba.com\/index.php\/wp-json\/wp\/v2\/categories?post=20753"},{"taxonomy":"post_tag","embeddable":true,"href":"https:\/\/latecordoba.com\/index.php\/wp-json\/wp\/v2\/tags?post=20753"}],"curies":[{"name":"wp","href":"https:\/\/api.w.org\/{rel}","templated":true}]}}