{"id":20749,"date":"2024-01-18T12:31:35","date_gmt":"2024-01-18T12:31:35","guid":{"rendered":"https:\/\/viapais.com.ar\/provincia-buenos-aires\/extrano-terriblemente-a-mi-hijo-el-lamento-de-la-madre-de-fernando-baez-sosa-a-cuatro-anos-del-crimen\/"},"modified":"2024-01-18T12:31:35","modified_gmt":"2024-01-18T12:31:35","slug":"extrano-terriblemente-a-mi-hijo-el-lamento-de-la-madre-de-fernando-baez-sosa-a-cuatro-anos-del-crimen","status":"publish","type":"post","link":"https:\/\/latecordoba.com\/index.php\/2024\/01\/18\/extrano-terriblemente-a-mi-hijo-el-lamento-de-la-madre-de-fernando-baez-sosa-a-cuatro-anos-del-crimen\/","title":{"rendered":"\u201cExtra\u00f1o terriblemente a mi hijo\u201d, el lamento de la madre de Fernando B\u00e1ez Sosa, a cuatro a\u00f1os del crimen"},"content":{"rendered":"\n<p><b>Graciela Sosa, madre de <\/b><a href=\"https:\/\/viapais.com.ar\/provincia-buenos-aires\/crimen-de-fernando-en-villa-gesell-un-nuevo-aniversario-atravesado-por-la-expectativa-por-el-fallo-de-casacion\/\" target=\"_blank\" rel=\"noopener\"><b>Fernando B\u00e1ez Sosa<\/b><\/a> -asesinado a golpes hace cuatro a\u00f1os a la salida de un boliche de Villa Gesell- <b>confes\u00f3 este jueves que \u201cel tiempo se detuvo\u201d para ella y su esposo cuando mataron a su hijo, a quien extra\u00f1a \u201cterriblemente\u201d<\/b>, a la vez que manifest\u00f3 que \u201cconf\u00eda\u201d en que el Tribunal de Casaci\u00f3n Penal bonaerense har\u00e1 justicia al resolver las apelaciones de las condenas a prisi\u00f3n perpetua de cinco de los involucrados en el hecho y de otros tres que recibieron 15 a\u00f1os de c\u00e1rcel.<\/p>\n<article class=\"article card videoCard \">\n<div class=\"article-inner \">\n<div class=\"article-image \"><a href=\"https:\/\/viapais.com.ar\/provincia-buenos-aires\/crimen-de-fernando-en-villa-gesell-un-nuevo-aniversario-atravesado-por-la-expectativa-por-el-fallo-de-casacion\/\" title=\"Virginia P\u00e9rez Antonelli\"><\/p>\n<figure><picture><img alt=\"Virginia P\u00e9rez Antonelli\" class=\" block \" src=\"http:\/\/latecordoba.com\/wp-content\/uploads\/2024\/01\/extrano-terriblemente-a-mi-hijo-el-lamento-de-la-madre-de-fernando-baez-sosa-a-cuatro-anos-del-crimen.webp\" sizes=\"auto\" loading=\"lazy\" data-src=\"http:\/\/latecordoba.com\/wp-content\/uploads\/2024\/01\/extrano-terriblemente-a-mi-hijo-el-lamento-de-la-madre-de-fernando-baez-sosa-a-cuatro-anos-del-crimen.webp\" width=\"307px\" fetchpriority=\"low\" decoding=\"async\" height=\"173px\"><\/picture><\/figure>\n<p><\/a><\/div>\n<\/div>\n<\/article>\n<figure><picture><img alt=\"Los padres de Fernando B\u00e1ez Sosa.\" class=\" block \" src=\"http:\/\/latecordoba.com\/wp-content\/uploads\/2024\/01\/extrano-terriblemente-a-mi-hijo-el-lamento-de-la-madre-de-fernando-baez-sosa-a-cuatro-anos-del-crimen.jpg\" sizes=\"auto\" loading=\"lazy\" data-src=\"http:\/\/latecordoba.com\/wp-content\/uploads\/2024\/01\/extrano-terriblemente-a-mi-hijo-el-lamento-de-la-madre-de-fernando-baez-sosa-a-cuatro-anos-del-crimen.jpg\" width=\"1023px\" fetchpriority=\"low\" decoding=\"async\" height=\"681px\"><\/picture><figcaption class>Los padres de Fernando B\u00e1ez Sosa.<\/figcaption><\/figure>\n<p>Para las 20 de este jueves, cuando se cumplen cuatro a\u00f1os del crimen de Fernando, Graciela y su esposo, Silvino B\u00e1ez, convocaron a una concentraci\u00f3n y misa interreligiosa en las escalinatas de la Facultad de Derecho de la Universidad de Buenos Aires (UBA), sobre la avenida Figueroa Alcorta 2263, en el barrio porte\u00f1o de Recoleta.<\/p>\n<p><b>\u201dSeguimos igual, hasta peor. Nunca pens\u00e9 que con el correr del tiempo ir\u00eda empeorando. Me siento bajoneada, pasaron las fiestas de Navidad y A\u00f1o Nuevo, que fueron muy dif\u00edciles para nosotros\u201d<\/b>, dijo Graciela Sosa en di\u00e1logo con <i>T\u00e9lam.<\/i><\/p>\n<p>Los padres de Fernando esperan que sea favorable el fallo de la Sala 2 del Tribunal de Casaci\u00f3n Penal bonaerense, a cargo de los jueces Mario Kohan, Fernando Mancini Hebeca y Mar\u00eda Florencia Budi\u00f1o, al momento de resolver las apelaciones presentadas por sus abogados, Fernando Burlando, Fabi\u00e1n y Facundo Am\u00e9ndola, y la fiscal\u00eda, que reclaman que los ocho involucrados en el crimen reciban la pena de prisi\u00f3n perpetua como coautores del \u201chomicidio doblemente agravado por el concurso premeditado por dos o m\u00e1s personas y por alevos\u00eda en concurso ideal de lesiones leves\u201d.<\/p>\n<p>Asimismo, el tribunal bonaerense debe analizar una serie de nulidades y planteos, adem\u00e1s del pedido de revisi\u00f3n de las penas impuestas por el Tribunal Oral en lo Criminal 1 de Dolores, presentados por el defensor Hugo Tomei, quien desde el inicio de la investigaci\u00f3n cuestion\u00f3 la legalidad del proceso.<\/p>\n<p>\u201dCuando se hace larga la espera se generan muchas cosas, pero conf\u00edo en que se har\u00e1 justicia por Fernando. Habiendo tantas pruebas, conf\u00edo en que se har\u00e1 justicia\u201d, expres\u00f3 Graciela.<\/p>\n<p><b>\u201dExtra\u00f1o terriblemente a mi hijo. Ya son cuatro a\u00f1os y para nosotros el tiempo se detuvo, no somos los mismos que \u00e9ramos antes. Vamos a llevar un duelo para siempre, por lo que tratamos de convivir con tanto dolor. No encontramos una raz\u00f3n o un motivo para vivir en paz\u201d<\/b>, asever\u00f3 la mujer.<\/p>\n<p>Por el crimen de B\u00e1ez Sosa fueron sentenciados de manera un\u00e1nime a prisi\u00f3n perpetua M\u00e1ximo Thomsen (24), Ciro Pertossi (23), Enzo Comelli (23), Mat\u00edas Benicelli (24) y Luciano Pertossi (22).<\/p>\n<figure><picture><img alt=\"Los rugbiers condenados por el asesinato de Fernando B\u00e1ez Sosa.\" class=\" block \" src=\"http:\/\/latecordoba.com\/wp-content\/uploads\/2024\/01\/extrano-terriblemente-a-mi-hijo-el-lamento-de-la-madre-de-fernando-baez-sosa-a-cuatro-anos-del-crimen-1.jpg\" sizes=\"auto\" loading=\"lazy\" data-src=\"http:\/\/latecordoba.com\/wp-content\/uploads\/2024\/01\/extrano-terriblemente-a-mi-hijo-el-lamento-de-la-madre-de-fernando-baez-sosa-a-cuatro-anos-del-crimen-1.jpg\" width=\"1023px\" fetchpriority=\"low\" decoding=\"async\" height=\"575px\"><\/picture><figcaption class>Los rugbiers condenados por el asesinato de Fernando B\u00e1ez Sosa. Foto: Archivos<\/figcaption><\/figure>\n<p>Los jueces Mar\u00eda Claudia Castro, Emiliano Lazzari y Christian Rabaia del TOC 1 de Dolores condenaron adem\u00e1s a Blas Cinalli (22), Ayrton Viollaz (24) y Lucas Pertossi (24) a 15 a\u00f1os de c\u00e1rcel al considerarlos \u201cpart\u00edcipes secundarios\u201d del homicidio doblemente agravado.<\/p>\n<p><b>El crimen de Fernando ocurri\u00f3 la madrugada del 18 de enero del 2020 a la salida del boliche \u201cLe Brique\u201d<\/b>, en pleno centro de Villa Gesell, donde el joven fue atacado por un grupo de muchachos con los que se hab\u00eda producido un incidente previo en el interior.<\/p>\n<figure><picture><img alt=\"El boliche Le Brique, donde comenz\u00f3 la pelea fatal. Foto: Federico Lopez Claro\" class=\" block \" src=\"http:\/\/latecordoba.com\/wp-content\/uploads\/2024\/01\/extrano-terriblemente-a-mi-hijo-el-lamento-de-la-madre-de-fernando-baez-sosa-a-cuatro-anos-del-crimen-2.jpg\" sizes=\"auto\" loading=\"lazy\" data-src=\"http:\/\/latecordoba.com\/wp-content\/uploads\/2024\/01\/extrano-terriblemente-a-mi-hijo-el-lamento-de-la-madre-de-fernando-baez-sosa-a-cuatro-anos-del-crimen-2.jpg\" width=\"1023px\" fetchpriority=\"low\" decoding=\"async\" height=\"688px\"><\/picture><figcaption class>El boliche Le Brique, donde comenz\u00f3 la pelea fatal. Foto: Federico Lopez Claro<\/figcaption><\/figure>\n<p>El ataque qued\u00f3 filmado por al menos una decena de c\u00e1maras de seguridad municipales y de tel\u00e9fonos celulares de eventuales testigos, lo que fue clave para individualizar a los agresores.<\/p>\n","protected":false},"excerpt":{"rendered":"<p>Graciela Sosa, madre de Fernando B\u00e1ez Sosa -asesinado a golpes hace cuatro a\u00f1os a la salida de un boliche de Villa Gesell- confes\u00f3 este jueves que \u201cel tiempo se detuvo\u201d para ella y su esposo cuando mataron a su hijo, a quien extra\u00f1a \u201cterriblemente\u201d, a la vez que manifest\u00f3 que \u201cconf\u00eda\u201d en que el Tribunal [&hellip;]<\/p>\n","protected":false},"author":1,"featured_media":20750,"comment_status":"closed","ping_status":"closed","sticky":false,"template":"","format":"standard","meta":[],"categories":[15],"tags":[],"_links":{"self":[{"href":"https:\/\/latecordoba.com\/index.php\/wp-json\/wp\/v2\/posts\/20749"}],"collection":[{"href":"https:\/\/latecordoba.com\/index.php\/wp-json\/wp\/v2\/posts"}],"about":[{"href":"https:\/\/latecordoba.com\/index.php\/wp-json\/wp\/v2\/types\/post"}],"author":[{"embeddable":true,"href":"https:\/\/latecordoba.com\/index.php\/wp-json\/wp\/v2\/users\/1"}],"replies":[{"embeddable":true,"href":"https:\/\/latecordoba.com\/index.php\/wp-json\/wp\/v2\/comments?post=20749"}],"version-history":[{"count":0,"href":"https:\/\/latecordoba.com\/index.php\/wp-json\/wp\/v2\/posts\/20749\/revisions"}],"wp:featuredmedia":[{"embeddable":true,"href":"https:\/\/latecordoba.com\/index.php\/wp-json\/wp\/v2\/media\/20750"}],"wp:attachment":[{"href":"https:\/\/latecordoba.com\/index.php\/wp-json\/wp\/v2\/media?parent=20749"}],"wp:term":[{"taxonomy":"category","embeddable":true,"href":"https:\/\/latecordoba.com\/index.php\/wp-json\/wp\/v2\/categories?post=20749"},{"taxonomy":"post_tag","embeddable":true,"href":"https:\/\/latecordoba.com\/index.php\/wp-json\/wp\/v2\/tags?post=20749"}],"curies":[{"name":"wp","href":"https:\/\/api.w.org\/{rel}","templated":true}]}}