{"id":19758,"date":"2023-12-24T02:55:00","date_gmt":"2023-12-24T02:55:00","guid":{"rendered":"https:\/\/www.puntal.com.ar\/cine\/las-diez-peliculas-nacionales-y-extranjeras-imprescindibles-2023-n208194"},"modified":"2023-12-24T02:55:00","modified_gmt":"2023-12-24T02:55:00","slug":"las-diez-peliculas-nacionales-y-extranjeras-imprescindibles-de-2023","status":"publish","type":"post","link":"https:\/\/latecordoba.com\/index.php\/2023\/12\/24\/las-diez-peliculas-nacionales-y-extranjeras-imprescindibles-de-2023\/","title":{"rendered":"Las diez pel\u00edculas nacionales y extranjeras imprescindibles de 2023"},"content":{"rendered":"\n<div><img decoding=\"async\" src=\"http:\/\/latecordoba.com\/wp-content\/uploads\/2023\/12\/las-diez-peliculas-nacionales-y-extranjeras-imprescindibles-de-2023.jpg\" class=\"ff-og-image-inserted\"><\/div>\n<p> Sin embargo, entre las decenas de t\u00edtulos que se estrenaron en el a\u00f1o, la selecci\u00f3n realizada por T\u00e9lam no s\u00f3lo se basa en la recaudaci\u00f3n, sino tambi\u00e9n los temas tratados y las visiones novedosas que algunos directores aportaron sobre varios temas, adem\u00e1s de reunir un buen consenso en festivales y mercados, como por ejemplo fue el caso de &#8220;Los delincuentes&#8221;, de Rodrigo Moreno, o &#8220;1976&#8221;, de la chilena Manuela Martelli.<\/p>\n<p>Las diez pel\u00edculas del a\u00f1o<\/p>\n<p><strong>-\u201cAsteroid City\u201d, de Wes Anderson (Estados Unidos)<\/strong><\/p>\n<p>Ubicada en la d\u00e9cada del cincuenta en el desierto de los Estados Unidos, una sinopsis posible podr\u00eda se\u00f1alar que en el comienzo hay un maestro de ceremonias que presenta lo que va a pasar en pantalla.<\/p>\n<p>Inmediatamente se empieza a desarrollar la acci\u00f3n, con un dramaturgo que desarrolla una historia que se exhibir\u00e1 (\u00bfo se exhibe?) en la televisi\u00f3n, el relato sobre &#8220;Asteroid City&#8221;, un pueblo de apenas 87 habitantes con un hotel, un bar, una estaci\u00f3n de servicio, una escuela, un observatorio astron\u00f3mico y una base militar.<\/p>\n<p>Por la propia l\u00f3gica de la pel\u00edcula parece natural que se presente un extraterrestre, lo que obliga al gobierno a poner en cuarentena a los exc\u00e9ntricos habitantes y visitantes del pueblo.<\/p>\n<p>En la puesta, los decorados tienen la misma importancia o m\u00e1s que el despliegue de estrellas (Scarlett Johansson, Tilda Swinton, Steve Carell, Tom Hanks, entre otros), porque los lugares son un elemento central del armado andersoniano, en tanto le permiten el dise\u00f1o, la maqueta totalmente artificial, irreal, que para el realizador son imprescindibles para contener peque\u00f1os relatos que hacen a un todo.<\/p>\n<p>De eso se trata justamente, de una totalidad que explora a conciencia y de manera absolutamente arbitraria las posibilidades del artificio.<\/p>\n<div contenteditable=\"false\" class=\"embed_cont type_freetext\" rel=\"freetext\" id=\"embed1018_wrap\" data-provider=\"YouTube\" readability=\"32\">\n<p> Asteroid City (2023) &#8211; Tr\u00e1iler Subtitulado en Espa\u00f1ol<span onclick=\"parent.parent.TinyMCETdcuerpo.preview_embed('embed1018')\" class=\"embed_colapse less\" id=\"embed1018_colapse\"><\/span><span onclick=\"parent.parent.TinyMCETdcuerpo.delete_embed('embed1018')\" class=\"embed_delete less\" id=\"embed1018_delete\"><\/span><\/p>\n<div id=\"embed1018_content\" class=\"embed_content\">\n<p> <iframe loading=\"lazy\" width=\"200\" height=\"113\" src=\"https:\/\/www.youtube.com\/embed\/8ZUSe4Sj5XA?feature=oembed\" frameborder=\"0\" allow=\"accelerometer; autoplay; clipboard-write; encrypted-media; gyroscope; picture-in-picture; web-share\" allowfullscreen title=\"Asteroid City (2023) - Tr\u00e1iler Subtitulado en Espa\u00f1ol\">[embedded content]<\/iframe><\/p>\n<\/p><\/div>\n<\/p><\/div>\n<p><strong> -\u201cBarbie\u201d, de Greta Gerwig (Estados Unidos)<\/strong><\/p>\n<p>Greta Gerwig retoma sus queridas narrativas de iniciaci\u00f3n con un giro m\u00e1s adulto y de comedia en &#8220;Barbie&#8221;, con la brillante dupla protag\u00f3nica de Margot Robbie y Ryan Gosling.<\/p>\n<p>Gimnasta, f\u00edsica, doctora, bailarina, abogada, escritora o presidente: las posibilidades que ofrec\u00eda la invenci\u00f3n de la mu\u00f1eca en 1959 fueron multiplic\u00e1ndose, mientras tambi\u00e9n crec\u00edan las cr\u00edticas por considerarla una clara mala influencia en relaci\u00f3n a la diversidad corporal y a los est\u00e1ndares de belleza hegem\u00f3nicos.<\/p>\n<p>Ese halo de contradicciones da rienda suelta a esta primera adaptaci\u00f3n cinematogr\u00e1fica en carne y hueso de la mu\u00f1eca, ambientada en Barbie Land, en la que la protagonista (Robbie) -junto a su eterno amigovio Ken (Gosling) y las muchas versiones de ambos- pasa los d\u00edas creyendo que hab\u00eda conseguido con su mera existencia la equidad entre ni\u00f1as y ni\u00f1os, y por ende entre mujeres y varones, en el mundo real.<\/p>\n<p>Pero cuando sus pies, siempre en puntitas, tocan el suelo y la perfecci\u00f3n de su rutina se descontrola, Barbie sospecha que algo anda mal, y pronto descubre que la tristeza y los pensamientos negativos de su due\u00f1a son el motivo detr\u00e1s de estas fallas en el tejido espacial que, sin mucha l\u00f3gica ni necesidad de explicaciones, las separa.<\/p>\n<p>Gerwig da en la tecla con esta mirada original de la igualdad entre g\u00e9neros en todas sus expresiones sociales. Se trata de un n\u00facleo contempor\u00e1neo que, a la vez, apela a la cultura pop, a la exageraci\u00f3n, al ritmo vertiginoso de estos tiempos y a la nostalgia de generaciones y generaciones enteras.<\/p>\n<div contenteditable=\"false\" class=\"embed_cont type_freetext\" rel=\"freetext\" id=\"embed7017_wrap\" data-provider=\"YouTube\" readability=\"32\">\n<p> Barbie | Tr\u00e1iler Oficial | Subtitulado<span onclick=\"parent.parent.TinyMCETdcuerpo.preview_embed('embed7017')\" class=\"embed_colapse less\" id=\"embed7017_colapse\"><\/span><span onclick=\"parent.parent.TinyMCETdcuerpo.delete_embed('embed7017')\" class=\"embed_delete less\" id=\"embed7017_delete\"><\/span><\/p>\n<div id=\"embed7017_content\" class=\"embed_content\">\n<p> <iframe loading=\"lazy\" width=\"200\" height=\"113\" src=\"https:\/\/www.youtube.com\/embed\/eUP3hlBel5I?feature=oembed\" frameborder=\"0\" allow=\"accelerometer; autoplay; clipboard-write; encrypted-media; gyroscope; picture-in-picture; web-share\" allowfullscreen title=\"Barbie | Tr\u00e1iler Oficial | Subtitulado\">[embedded content]<\/iframe><\/p>\n<\/p><\/div>\n<\/p><\/div>\n<p><strong> -&#8220;Cuando acecha la maldad&#8221;, de Demian Rugna (Argentina)<\/strong><\/p>\n<p>La de Rugna se convirti\u00f3 en la pel\u00edcula de terror argentina m\u00e1s vista de la historia, tras haber pasado por 650 salas de Estados Unidos y transformarse en la primera latinoamericana en ganar en el Festival de Sitges. M\u00e1s all\u00e1 de las condecoraciones, la historia cuenta que en un campo aparece un pose\u00eddo con el que hay que seguir una serie de reglas para que ese demonio no salga del cuerpo ni contagie su maldad. Dos hermanos, con un sinuoso pasado, son los que intentar\u00e1n vencer al demonio en un fin de semana infernal. Lo atrapante de la cinta es el ritmo vertiginoso que impide levantarse del asiento. La cinta cuenta con escenas memorables, que se apoyan en el enga\u00f1o al espectador en varias otras, m\u00e1s la sutil y jugada apuesta por empezar la historia directamente desde la acci\u00f3n del segundo acto.<\/p>\n<div contenteditable=\"false\" class=\"embed_cont type_freetext\" rel=\"freetext\" id=\"embed4767_wrap\" data-provider=\"YouTube\" readability=\"32\">\n<p> Trailer de Cuando acecha la maldad \u2014 When Evil Lurks subtitulado en ingl\u00e9s (HD)<span onclick=\"parent.parent.TinyMCETdcuerpo.preview_embed('embed4767')\" class=\"embed_colapse less\" id=\"embed4767_colapse\"><\/span><span onclick=\"parent.parent.TinyMCETdcuerpo.delete_embed('embed4767')\" class=\"embed_delete less\" id=\"embed4767_delete\"><\/span><\/p>\n<div id=\"embed4767_content\" class=\"embed_content\">\n<p> <iframe loading=\"lazy\" width=\"200\" height=\"113\" src=\"https:\/\/www.youtube.com\/embed\/W3blxPzubNk?feature=oembed\" frameborder=\"0\" allow=\"accelerometer; autoplay; clipboard-write; encrypted-media; gyroscope; picture-in-picture; web-share\" allowfullscreen title=\"Trailer de Cuando acecha la maldad \u2014 When Evil Lurks subtitulado en ingl\u00e9s (HD)\">[embedded content]<\/iframe><\/p>\n<\/p><\/div>\n<\/p><\/div>\n<p><strong> -&#8220;El despenador&#8221;, de Miguel Kohan (Argentina)<\/strong><\/p>\n<p>En la Puna corre el mito de un personaje llamado El Despenador, quien le daba muerte a los moribundos para evitar el sufrimiento y que la Muerte se propague a trav\u00e9s del aliento. Kohan utliza la figura de un antrop\u00f3logo que se descubre a s\u00ed mismo mientras investiga en la inmensidad del altiplano. La pel\u00edcula fluct\u00faa con tomas y sonidos que parecieran ser sacadas del registro documental, pero que se encuentran editadas y montadas a la perfecci\u00f3n con una ficci\u00f3n de momentos lyncheanos. Con apuestas por momentos al surrealismo y a lo on\u00edrico, mientras su protagonista viaja solo por una ruta des\u00e9rtica para aparecer en rituales locales, en los cuales se pierde en una inveros\u00edmil muchedumbre. Cine de autor por excelencia, deja ribetes de una experiencia que vale la pena asumir para comprender la profundidad de las tem\u00e1ticas.<\/p>\n<div contenteditable=\"false\" class=\"embed_cont type_freetext\" rel=\"freetext\" id=\"embed860_wrap\" data-provider=\"YouTube\">\n<p> El despenador &#8211; Tr\u00e1iler<span onclick=\"parent.parent.TinyMCETdcuerpo.preview_embed('embed860')\" class=\"embed_colapse less\" id=\"embed860_colapse\"><\/span><span onclick=\"parent.parent.TinyMCETdcuerpo.delete_embed('embed860')\" class=\"embed_delete less\" id=\"embed860_delete\"><\/span><\/p>\n<div id=\"embed860_content\" class=\"embed_content\">\n<p> <iframe loading=\"lazy\" width=\"200\" height=\"113\" src=\"https:\/\/www.youtube.com\/embed\/QzeUYDDMWRk?feature=oembed\" frameborder=\"0\" allow=\"accelerometer; autoplay; clipboard-write; encrypted-media; gyroscope; picture-in-picture; web-share\" allowfullscreen title=\"El despenador - Tr\u00e1iler\">[embedded content]<\/iframe><\/p>\n<\/p><\/div>\n<\/p><\/div>\n<p><strong> -\u201cEl juicio\u201d, de Ulises de la Orden (Argentina)<\/strong><\/p>\n<p>Ulises de la Orden aborda el Juicio a las Juntas militares por delitos de lesa humanidad durante la \u00faltima dictadura y adem\u00e1s, mantiene en agenda, al igual que la ficci\u00f3n &#8220;Argentina, 1985&#8221;, la necesidad de renovar la memoria sobre el per\u00edodo m\u00e1s oscuro de la historia del pa\u00eds.<\/p>\n<p>La pel\u00edcula es un minucioso y estremecedor recorrido sobre el accionar de la dictadura entre 1976 y 1983 a partir del registro que hizo la entonces Argentina Televisora Color (ATC), de las 90 jornadas del proceso llevado a cabo entre el 22 de abril y el 9 de diciembre de 1985 y en el que se lleg\u00f3 al hist\u00f3rico fallo condenatorio de los comandantes.<\/p>\n<p>Las 530 horas del material audiovisual original tomadas en el formato u-matic por el canal estatal, en la pel\u00edcula de De la Orden son reducidos a 177 minutos imprescindibles para entender la magnitud de los cr\u00edmenes del Terrorismo de Estado durante el llamado &#8220;Proceso de Reorganizaci\u00f3n Nacional&#8221;.<\/p>\n<div contenteditable=\"false\" class=\"embed_cont type_freetext\" rel=\"freetext\" id=\"embed7892_wrap\" data-provider=\"YouTube\">\n<p> El juicio &#8211; Trailer<span onclick=\"parent.parent.TinyMCETdcuerpo.preview_embed('embed7892')\" class=\"embed_colapse less\" id=\"embed7892_colapse\"><\/span><span onclick=\"parent.parent.TinyMCETdcuerpo.delete_embed('embed7892')\" class=\"embed_delete less\" id=\"embed7892_delete\"><\/span><\/p>\n<div id=\"embed7892_content\" class=\"embed_content\">\n<p> <iframe loading=\"lazy\" width=\"200\" height=\"113\" src=\"https:\/\/www.youtube.com\/embed\/oLemh24NCEg?feature=oembed\" frameborder=\"0\" allow=\"accelerometer; autoplay; clipboard-write; encrypted-media; gyroscope; picture-in-picture; web-share\" allowfullscreen title=\"El juicio - Trailer\">[embedded content]<\/iframe><\/p>\n<\/p><\/div>\n<\/p><\/div>\n<p><strong> -\u201cHojas de oto\u00f1o\u201d, de Aki Kaurism\u00e4ki (Finlandia)<\/strong><\/p>\n<p>El su \u00faltimo opus, el finland\u00e9s Aki Kaurism\u00e4ki, presenta la historia de un amor proletario, con personajes simples y desesperanzados, que aparentemente ya no esperan demasiado de la vida.<\/p>\n<p>Los planos en penumbra, los incontables cigarrillos que fuman buena parte de sus personajes, una posible playlist con temas inconcebiblemente tristes que se escuchan y cantan en karaokes sin una pizca de vitalidad, est\u00e1n presentes en esta historia sobre la relaci\u00f3n entre una mujer y un hombre de mediana edad, trabajadores sin nada para destacar.<\/p>\n<p>Las noticias de la guerra en Ucrania no generan precisamente un contexto esperanzador, pero a pesar de que la historia no se trata de segundas oportunidades sino de apenas una a la que los protagonistas se aferran para construir una historia de amor, el bello filme de Kaurism\u00e4ki es un llamado humanista a las posibilidades infinitas del destino.<\/p>\n<div contenteditable=\"false\" class=\"embed_cont type_freetext\" rel=\"freetext\" id=\"embed3240_wrap\" data-provider=\"YouTube\" readability=\"32\">\n<p> HOJAS DE OTO\u00d1O | Tr\u00e1iler Oficial | Ahora en cines<span onclick=\"parent.parent.TinyMCETdcuerpo.preview_embed('embed3240')\" class=\"embed_colapse less\" id=\"embed3240_colapse\"><\/span><span onclick=\"parent.parent.TinyMCETdcuerpo.delete_embed('embed3240')\" class=\"embed_delete less\" id=\"embed3240_delete\"><\/span><\/p>\n<div id=\"embed3240_content\" class=\"embed_content\">\n<p> <iframe loading=\"lazy\" width=\"200\" height=\"113\" src=\"https:\/\/www.youtube.com\/embed\/MGUdceoGSdM?feature=oembed\" frameborder=\"0\" allow=\"accelerometer; autoplay; clipboard-write; encrypted-media; gyroscope; picture-in-picture; web-share\" allowfullscreen title=\"HOJAS DE OTO\u00d1O | Tr\u00e1iler Oficial | Ahora en cines\">[embedded content]<\/iframe><\/p>\n<\/p><\/div>\n<\/p><\/div>\n<p><strong> -&#8220;Los delincuentes&#8221;, de Rodrigo Moreno (Argentina)<\/strong><\/p>\n<p>El filme protagonizado por Esteban Bigliardi y Daniel El\u00edas es la precandidata a los Oscar por Argentina, tras su aplaudido paso por el Festival de Cannes. Con la pel\u00edcula &#8220;Apenas un delincuente&#8221; (1949, de Hugo Fregonese) como inspiraci\u00f3n, Moreno pone en escena a dos empleados bancarios que roban parte del tesoro con el solo objetivo de garantizarse la jubilaci\u00f3n. Uno de ellos, perge\u00f1a el robo desde hace a\u00f1os; el otro, se encuentra con el bot\u00edn casi de sorpresa, pero no puede decir que no. El instigador, se entrega a la polic\u00eda y su c\u00f3mplice debe guardar el dinero hasta que el otro salga en libertad. No se trata de una historia ni lineal ni llana, aunque tampoco rebuscada. Considerada como una f\u00e1bula sobre la libertad, Moreno acude a un lenguaje cinematogr\u00e1fico que mezcla thriller con comedia en un filme que abre esperanzas hacia un cine de autor con capacidad de conmover a un p\u00fablico no asiduo a las salas.<\/p>\n<div contenteditable=\"false\" class=\"embed_cont type_freetext\" rel=\"freetext\" id=\"embed6267_wrap\" data-provider=\"YouTube\" readability=\"32\">\n<p> LOS DELINCUENTES &#8211; TRAILER OFICIAL<span onclick=\"parent.parent.TinyMCETdcuerpo.preview_embed('embed6267')\" class=\"embed_colapse less\" id=\"embed6267_colapse\"><\/span><span onclick=\"parent.parent.TinyMCETdcuerpo.delete_embed('embed6267')\" class=\"embed_delete less\" id=\"embed6267_delete\"><\/span><\/p>\n<div id=\"embed6267_content\" class=\"embed_content\">\n<p> <iframe loading=\"lazy\" width=\"200\" height=\"113\" src=\"https:\/\/www.youtube.com\/embed\/sxxbOFfagKI?feature=oembed\" frameborder=\"0\" allow=\"accelerometer; autoplay; clipboard-write; encrypted-media; gyroscope; picture-in-picture; web-share\" allowfullscreen title=\"LOS DELINCUENTES - TRAILER OFICIAL\">[embedded content]<\/iframe><\/p>\n<\/p><\/div>\n<\/p><\/div>\n<p><strong> -\u201cLos Fabelman\u201d, de Steven Spielberg (Estados Unidos)<\/strong><\/p>\n<p>En \u201cLos Fabelman\u201d, el director de \u201cE.T.\u201d, \u201cInteligencia Artificial\u201d y \u201cLa guerra de los mundos\u201d -solo para citar algunos de sus t\u00edtulos que abordan la infancia-, habla de su familia, de su padre ingeniero que interpreta Paul Dano, y su madre pianista a cargo de la actriz Michelle Williams, dos maneras de ver el mundo que influir\u00edan en el peque\u00f1o Steven para manejar como pocos los aspectos t\u00e9cnicos y art\u00edsticos del cine.<\/p>\n<p>Claro, tambi\u00e9n est\u00e1 el malentendido gigantesco con el que creci\u00f3 Spielberg a partir del fin del matrimonio de sus padres y algunas certezas que se desvanecieron cuando conoci\u00f3 ya de adulto las razones del divorcio y por \u00faltimo, el antisemitismo, con el que tuvo que lidiar en sus a\u00f1os de formaci\u00f3n. De todas estas etapas -que comienza con una primera vez para ver nada menor que \u201cEl espect\u00e1culo m\u00e1s grande del mundo\u201d, de Cecil B. DeMille- da cuenta \u201cLos Fabelman\u201d, que deja sentado claramente que muy tempranamente encontr\u00f3 en una c\u00e1mara, el recurso indispensable para atravesar situaciones dif\u00edciles y tambi\u00e9n para experimentar el goce por contar historias durante m\u00e1s de 50 a\u00f1os.<\/p>\n<div contenteditable=\"false\" class=\"embed_cont type_freetext\" rel=\"freetext\" id=\"embed4803_wrap\" data-provider=\"YouTube\" readability=\"32\">\n<p> Los Fabelman \u2013 Tr\u00e1iler Oficial<span onclick=\"parent.parent.TinyMCETdcuerpo.preview_embed('embed4803')\" class=\"embed_colapse less\" id=\"embed4803_colapse\"><\/span><span onclick=\"parent.parent.TinyMCETdcuerpo.delete_embed('embed4803')\" class=\"embed_delete less\" id=\"embed4803_delete\"><\/span><\/p>\n<div id=\"embed4803_content\" class=\"embed_content\">\n<p> <iframe loading=\"lazy\" width=\"200\" height=\"113\" src=\"https:\/\/www.youtube.com\/embed\/PSpWKovHFf8?feature=oembed\" frameborder=\"0\" allow=\"accelerometer; autoplay; clipboard-write; encrypted-media; gyroscope; picture-in-picture; web-share\" allowfullscreen title=\"Los Fabelman \u2013 Tr\u00e1iler Oficial\">[embedded content]<\/iframe><\/p>\n<\/p><\/div>\n<\/p><\/div>\n<p><strong> -\u201cPuan\u201d, de Mar\u00eda Alch\u00e9 y Benjam\u00edn Naishtat (Argentina)<\/strong><\/p>\n<p>Con una base de comedia que retrata el micromundo universitario porte\u00f1o a partir de la disputa entre dos profesores por un cargo, \u201cPuan\u201d, tambi\u00e9n es una aguda reflexi\u00f3n sobre el valor de la educaci\u00f3n p\u00fablica.<\/p>\n<p>La historia gira en torno a Marcelo Pena (Marcelo Subiotto), un profesor de la Facultad de Filosof\u00eda de la UBA que imprevistamente se encuentra ante la posibilidad de ocupar el cargo de titular de c\u00e1tedra. Pero entra en escena el profesor Rafael Sujarchuk (Leonardo Sbaraglia), su n\u00e9mesis: seductor, carism\u00e1tico y con t\u00edtulos europeos, que tambi\u00e9n aspira a ocupar el puesto.<\/p>\n<p>Se trata entonces de una rivalidad en donde se juega la comedia cl\u00e1sica por los opuestos, con gags efectivos.<\/p>\n<p>Pero si bien la historia pone especial \u00e9nfasis en reflejar el universo de Puan tal como lo que es, una comunidad intelectual con una din\u00e1mica propia y muy de nicho, tambi\u00e9n es un filme profundamente pol\u00edtico, al destacar el rol fundamental de lo colectivo por sobre lo individual y da cuenta de la importancia de los formadores que trabajan en la educaci\u00f3n p\u00fablica y gratuita.<\/p>\n<div contenteditable=\"false\" class=\"embed_cont type_freetext\" rel=\"freetext\" id=\"embed98_wrap\" data-provider=\"YouTube\" readability=\"32\">\n<p> PUAN &#8211; Trailer Oficial &#8211; En cines 5 de octubre<span onclick=\"parent.parent.TinyMCETdcuerpo.preview_embed('embed98')\" class=\"embed_colapse less\" id=\"embed98_colapse\"><\/span><span onclick=\"parent.parent.TinyMCETdcuerpo.delete_embed('embed98')\" class=\"embed_delete less\" id=\"embed98_delete\"><\/span><\/p>\n<div id=\"embed98_content\" class=\"embed_content\">\n<p> <iframe loading=\"lazy\" width=\"200\" height=\"150\" src=\"https:\/\/www.youtube.com\/embed\/8i0om7ezuxI?feature=oembed\" frameborder=\"0\" allow=\"accelerometer; autoplay; clipboard-write; encrypted-media; gyroscope; picture-in-picture; web-share\" allowfullscreen title=\"PUAN - Trailer Oficial - En cines 5 de octubre\">[embedded content]<\/iframe><\/p>\n<\/p><\/div>\n<\/p><\/div>\n<p><strong> -&#8220;1976&#8221;, de Manuela Martelli (Chile)<\/strong><\/p>\n<p>El relato cuenta el invierno de Carmen, una ama de casa, que a pedido del sacerdote de la familia le brinda primeros auxilios a un guerrillero, situaci\u00f3n que la debate entre el deber y el miedo que la persigue y que, ante la impunidad de los dictadores en el pa\u00eds trasandino, parece ser un espejo que refleja lo contrario de lo que muestra &#8220;Argentina, 1985&#8221;. Carmen no s\u00f3lo debi\u00f3 abandonar la idea de estudiar medicina, sino que, casada con un m\u00e9dico, constantemente padece que le enrostren la superioridad de estudios. Si bien es ficci\u00f3n, el germen de la historia parte de la abuela de la directora, un ama de casa que de grande decidi\u00f3 estudiar arte. Sin embargo, la carrera qued\u00f3 trunca por la irrupci\u00f3n de la dictadura de Augusto Pinochet y, en 1976, falleci\u00f3 luego de tres a\u00f1os en estado de depresi\u00f3n.<\/p>\n<div contenteditable=\"false\" class=\"embed_cont type_freetext\" rel=\"freetext\" id=\"embed2934_wrap\" data-provider=\"YouTube\">\n<p> 1976 : TRAILER OFICIAL<span onclick=\"parent.parent.TinyMCETdcuerpo.preview_embed('embed2934')\" class=\"embed_colapse less\" id=\"embed2934_colapse\"><\/span><span onclick=\"parent.parent.TinyMCETdcuerpo.delete_embed('embed2934')\" class=\"embed_delete less\" id=\"embed2934_delete\"><\/span><\/p>\n<div id=\"embed2934_content\" class=\"embed_content\">\n<p> <iframe loading=\"lazy\" width=\"200\" height=\"113\" src=\"https:\/\/www.youtube.com\/embed\/BXmSyn1J7tQ?feature=oembed\" frameborder=\"0\" allow=\"accelerometer; autoplay; clipboard-write; encrypted-media; gyroscope; picture-in-picture; web-share\" allowfullscreen title=\"1976 : TRAILER OFICIAL\">[embedded content]<\/iframe><\/p>\n<\/p><\/div>\n<\/p><\/div>\n","protected":false},"excerpt":{"rendered":"<p>\nUn repaso por lo m\u00e1s interesante que dej\u00f3 este a\u00f1o en la pantalla grande  <\/p>\n","protected":false},"author":1,"featured_media":19759,"comment_status":"closed","ping_status":"closed","sticky":false,"template":"","format":"standard","meta":[],"categories":[14],"tags":[],"_links":{"self":[{"href":"https:\/\/latecordoba.com\/index.php\/wp-json\/wp\/v2\/posts\/19758"}],"collection":[{"href":"https:\/\/latecordoba.com\/index.php\/wp-json\/wp\/v2\/posts"}],"about":[{"href":"https:\/\/latecordoba.com\/index.php\/wp-json\/wp\/v2\/types\/post"}],"author":[{"embeddable":true,"href":"https:\/\/latecordoba.com\/index.php\/wp-json\/wp\/v2\/users\/1"}],"replies":[{"embeddable":true,"href":"https:\/\/latecordoba.com\/index.php\/wp-json\/wp\/v2\/comments?post=19758"}],"version-history":[{"count":0,"href":"https:\/\/latecordoba.com\/index.php\/wp-json\/wp\/v2\/posts\/19758\/revisions"}],"wp:featuredmedia":[{"embeddable":true,"href":"https:\/\/latecordoba.com\/index.php\/wp-json\/wp\/v2\/media\/19759"}],"wp:attachment":[{"href":"https:\/\/latecordoba.com\/index.php\/wp-json\/wp\/v2\/media?parent=19758"}],"wp:term":[{"taxonomy":"category","embeddable":true,"href":"https:\/\/latecordoba.com\/index.php\/wp-json\/wp\/v2\/categories?post=19758"},{"taxonomy":"post_tag","embeddable":true,"href":"https:\/\/latecordoba.com\/index.php\/wp-json\/wp\/v2\/tags?post=19758"}],"curies":[{"name":"wp","href":"https:\/\/api.w.org\/{rel}","templated":true}]}}