{"id":19756,"date":"2023-12-23T21:34:31","date_gmt":"2023-12-23T21:34:31","guid":{"rendered":"http:\/\/5570f0e7a9c8eb52b32c5e752ea122b7"},"modified":"2023-12-23T21:34:31","modified_gmt":"2023-12-23T21:34:31","slug":"kicillof-quiere-crear-una-empresa-de-emergencias-medicas-y-un-laboratorio-farmaceutico","status":"publish","type":"post","link":"https:\/\/latecordoba.com\/index.php\/2023\/12\/23\/kicillof-quiere-crear-una-empresa-de-emergencias-medicas-y-un-laboratorio-farmaceutico\/","title":{"rendered":"Kicillof quiere crear una empresa de emergencias m\u00e9dicas y un laboratorio farmac\u00e9utico"},"content":{"rendered":"\n<div class=\"media_block\"><img decoding=\"async\" src=\"http:\/\/latecordoba.com\/wp-content\/uploads\/2023\/12\/kicillof-quiere-crear-una-empresa-de-emergencias-medicas-y-un-laboratorio-farmaceutico.jpg\"><\/div>\n<p>Axel Kicillof incluy\u00f3 en el paquete de leyes que envi\u00f3 a la Legislatura la creaci\u00f3n de dos empresas estatales vinculadas a la Salud. Se trata de la Empresa Bonaerense de Emergencias en Salud y del Centro de Industria Farmac\u00e9utica Bonaerense. Las dos tendr\u00e1n forma legal de Sociedades An\u00f3nimas con Participaci\u00f3n Estatal Mayoritaria.<\/p>\n<p>La empresa de emergencias funcionar\u00e1 en principio como complemento del SAME creado por Mar\u00eda Eugenia Vidal. Durante la gesti\u00f3n de Cambiemos se dise\u00f1\u00f3 un sistema de emergencias que hasta entonces no exist\u00eda. La provincia compr\u00f3 y entreg\u00f3 ambulancias a los 119 municipios que adhirieron.<\/p>\n<p>Sin embargo, el costo de sostener esas ambulancias y el personal recay\u00f3 sobre los intendentes y eso gener\u00f3 desigualdades entre un municipio y otro. Es que la realidad econ\u00f3mica de los distritos es muy diferente en muchos casos y eso se nota en los sistemas de salud locales. El diagn\u00f3stico es la falta de inversi\u00f3n y un sistema deficiente.<\/p>\n<p>El objetivo de la empresa es poder centralizar desde la provincia la atenci\u00f3n de las emergencias m\u00e9dicas de los municipios. Con esto se alivia a los municipios de la responsabilidad de sostener el costo de las ambulancias y del personal especializado. Al igual que ocurre con los patrulleros de La Bonaerense, las ambulancias sufren un deterioro muy r\u00e1pido debido a un funcionamiento permanente y en condiciones de emergencia.<\/p>\n<p>Para los municipios es muy dif\u00edcil recuperar parte del gasto que genera el SAME. Las ambulancias trasladan a los pacientes a los hospitales en condiciones de emergencia y despu\u00e9s son obras sociales y prepagas quienes articulan con los centros m\u00e9dicos los gastos por internaci\u00f3n y dem\u00e1s. El costo del traslado en ambulancia no tiene recupero para los intendentes.<\/p>\n<figure class=\"vsmimage\" contenteditable=\"false\"><img decoding=\"async\" loading=\"lazy\" alt=\"Kicillof quiere crear una empresa de emergencias m\u00e9dicas y un laboratorio farmac\u00e9utico\" data-vsmid=\"212253\" data-owidth=\"4096\" data-oheight=\"2731\" src=\"data:image\/png;base64,iVBORw0KGgoAAAANSUhEUgAAAx4AAAIOAQMAAAAMVUlSAAAAA1BMVEUAAACnej3aAAAAAXRSTlMAQObYZgAAAElJREFUeJztwQEBAAAAgiD\/r25IQAEAAAAAAAAAAAAAAAAAAAAAAAAAAAAAAAAAAAAAAAAAAAAAAAAAAAAAAAAAAAAAAAAAAPBjz4YAAXoxaWgAAAAASUVORK5CYII=\" vsmidos=\"1\" vsmsrc=\"\/files\/image\/212\/212253\/658753da1b51a_798_526!.png?s=ab5d2610465db8413466c222f0f99848&amp;d=1703367645\" width=\"798\" height=\"526\"><\/figure>\n<p>Fuentes del ministerio de Salud explican que una empresa de emergencias m\u00e9dicas permitir\u00e1 tener adem\u00e1s una estad\u00edstica centralizada sobre accidentolog\u00eda, algo que hoy no existe. Eso permitir\u00e1, dicen en la cartera que conduce Nicol\u00e1s Kreplak, planificar mejor las emergencias y tener un mejor sistema de salud.<\/p>\n<p>La gesti\u00f3n de Kicillof compr\u00f3 unas 400 ambulancias. Unas 300 se adquirieron con fondos que envi\u00f3 el gobierno nacional, otras se compraron con recursos propios, mientras que unas 24 hab\u00edan quedado sin entregar de la gesti\u00f3n de Vidal.<\/p>\n<p>Seg\u00fan un informe de la se\u00f1al Todo Noticias, unas 100 unidades est\u00e1n desde hace meses en un predio de Ensenada, al aire libre. Desde la provincia aseguran que 27 est\u00e1n patentadas y que ser\u00e1n destinadas a la nueva empresa de emergencias m\u00e9dicas. El resto est\u00e1n en proceso de patentamiento y que ser\u00e1n entregadas a los municipios.<\/p>\n<p class=\"authorquote\" title=\"Nicol\u00e1s Kreplak\">Las dos empresas son herramientas claves para profundizar la integraci\u00f3n del sistema de salud. Hace meses que trabajamos en estos proyectos. El contexto actual los vuelve m\u00e1s importantes.<\/p>\n<p>La otra empresa es el Centro de Industria Farmac\u00e9utica Bonaerense y ser\u00e1 una reconversi\u00f3n del instituto biol\u00f3gico Tom\u00e1s Per\u00f3n, un hist\u00f3rico organismo del Estado bonaerense con capacidad para producir medicamentos.<\/p>\n<p>Desde la llegada de Kicillof al poder se busc\u00f3 reconvertir el instituto en una Sociedad del Estado. Ahora parece haber acuerdos hacia adentro del organismo para avanzar hacia una Sociedad An\u00f3nima con Participaci\u00f3n Estatal Mayoritaria.<\/p>\n<p>El objetivo del gobernador es aumentar la capacidad de producci\u00f3n de medicamentos del actual instituto. En especial de lo que se denominan medicamentos hu\u00e9rfanos, los que la industria farmac\u00e9utica evita producir por cuestiones financieras. Son drogas destinadas a un reducido grupo de pacientes que, sin embargo, responden a necesidades de salud p\u00fablica.<\/p>\n<p>El cambio de instituto a una sociedad an\u00f3nima responde a la necesidad de darle celeridad a la compra de insumos para la producci\u00f3n. Es que al ser un organismo del Estado cada compra entra en el pesado circuito de la burocracia estatal. En el gobierno aseguran que para la compra de insumos farmac\u00e9uticos esos tiempos hacen imposible la producci\u00f3n a gran escala.<\/p>\n","protected":false},"excerpt":{"rendered":"\n<div class=\"media_block\"><img decoding=\"async\" src=\"http:\/\/latecordoba.com\/wp-content\/uploads\/2023\/12\/kicillof-quiere-crear-una-empresa-de-emergencias-medicas-y-un-laboratorio-farmaceutico.jpg\"><\/div>\n<p>Ser\u00e1n sociedades an\u00f3nimas con participaci\u00f3n estatal mayoritaria. Se incluyeron en paquete de leyes que envi\u00f3 a la Legislatura.  <\/p>\n","protected":false},"author":1,"featured_media":19757,"comment_status":"closed","ping_status":"closed","sticky":false,"template":"","format":"standard","meta":[],"categories":[18],"tags":[],"_links":{"self":[{"href":"https:\/\/latecordoba.com\/index.php\/wp-json\/wp\/v2\/posts\/19756"}],"collection":[{"href":"https:\/\/latecordoba.com\/index.php\/wp-json\/wp\/v2\/posts"}],"about":[{"href":"https:\/\/latecordoba.com\/index.php\/wp-json\/wp\/v2\/types\/post"}],"author":[{"embeddable":true,"href":"https:\/\/latecordoba.com\/index.php\/wp-json\/wp\/v2\/users\/1"}],"replies":[{"embeddable":true,"href":"https:\/\/latecordoba.com\/index.php\/wp-json\/wp\/v2\/comments?post=19756"}],"version-history":[{"count":0,"href":"https:\/\/latecordoba.com\/index.php\/wp-json\/wp\/v2\/posts\/19756\/revisions"}],"wp:featuredmedia":[{"embeddable":true,"href":"https:\/\/latecordoba.com\/index.php\/wp-json\/wp\/v2\/media\/19757"}],"wp:attachment":[{"href":"https:\/\/latecordoba.com\/index.php\/wp-json\/wp\/v2\/media?parent=19756"}],"wp:term":[{"taxonomy":"category","embeddable":true,"href":"https:\/\/latecordoba.com\/index.php\/wp-json\/wp\/v2\/categories?post=19756"},{"taxonomy":"post_tag","embeddable":true,"href":"https:\/\/latecordoba.com\/index.php\/wp-json\/wp\/v2\/tags?post=19756"}],"curies":[{"name":"wp","href":"https:\/\/api.w.org\/{rel}","templated":true}]}}