{"id":19739,"date":"2023-12-24T00:54:00","date_gmt":"2023-12-24T00:54:00","guid":{"rendered":"https:\/\/www.iprofesional.com\/economia\/395164-que-dice-morgan-stanley-sobre-las-primeras-medidas-de-milei"},"modified":"2023-12-24T00:54:00","modified_gmt":"2023-12-24T00:54:00","slug":"cual-es-el-analisis-de-morgan-stanley-sobre-las-primeras-medidas-de-milei","status":"publish","type":"post","link":"https:\/\/latecordoba.com\/index.php\/2023\/12\/24\/cual-es-el-analisis-de-morgan-stanley-sobre-las-primeras-medidas-de-milei\/","title":{"rendered":"\u00bfCu\u00e1l es el an\u00e1lisis de Morgan Stanley sobre las primeras medidas de Milei?"},"content":{"rendered":"\n<div class=\"media_block\"><img decoding=\"async\" src=\"http:\/\/latecordoba.com\/wp-content\/uploads\/2023\/12\/cual-es-el-analisis-de-morgan-stanley-sobre-las-primeras-medidas-de-milei.gif\"><\/div>\n<div id>\n<p> La entidad estima una inflaci\u00f3n del orden del 25% en diciembre y enero, un desplome del consumo y un crecimiento de las exportaciones y la inversi\u00f3n <\/p>\n<p>Por <strong>iProfesional<\/strong><\/p>\n<p><strong>23\/12\/2023<\/strong> &#8211; 21:54hs<\/p>\n<div class=\"image-container img-wide padding-b\"> <picture><source media=\"(min-width:650px)\" srcset=\"http:\/\/latecordoba.com\/wp-content\/uploads\/2023\/12\/cual-es-el-analisis-de-morgan-stanley-sobre-las-primeras-medidas-de-milei.webp\" class=\"lazyload\"><source media=\"(min-width:465px)\" srcset=\"http:\/\/latecordoba.com\/wp-content\/uploads\/2023\/12\/cual-es-el-analisis-de-morgan-stanley-sobre-las-primeras-medidas-de-milei.webp\" class=\"lazyload\"><img decoding=\"async\" loading=\"lazy\" src=\"http:\/\/latecordoba.com\/wp-content\/uploads\/2023\/12\/cual-es-el-analisis-de-morgan-stanley-sobre-las-primeras-medidas-de-milei.webp\" class=\"lazyload\" alt=\"\u00bfCu\u00e1l es el an\u00e1lisis de Morgan Stanley sobre las primeras medidas de Milei?\" width=\"160\" height=\"714px\"> <\/picture> <\/div>\n<\/p><\/div>\n<div readability=\"90.194690265487\">\n<p>&#8220;Un buen comienzo&#8221;, as\u00ed se titula el \u00faltimo reporte de Morgan Stanley sobre las primeras medidas del Gobierno Milei. La multinacional financiera sostiene que la correcci\u00f3n cambiaria est\u00e1 en l\u00ednea con el objetivo de <strong>revertir los desequilibrios externos<\/strong>, que las directrices fiscales son ambiciosas y factibles y que los <a href=\"https:\/\/www.iprofesional.com\/politica\/394989-video-los-puntos-centrales-del-dnu-segun-federico-sturzenegger\" target=\"_blank\" rel=\"noopener noreferrer\">indicios de reformas parecen prometedores<\/a>. &#8220;Tenemos una lectura positiva sobre el primer conjunto de correcciones y pol\u00edticas macro&#8221;, aseguran.\n<\/p>\n<p><span>Sin embargo, advierten que el tema cambiario va a tener que ser revisado en pocos meses para mantener la competitividad, ya que el crawling peg del 2% mensual no luce sostenible.<\/span>\n<\/p>\n<p>&#8220;<a href=\"https:\/\/www.iprofesional.com\/finanzas\/395055-para-cuando-palpita-un-nuevo-salto-del-dolar-el-mercado\" target=\"_blank\" rel=\"noopener noreferrer\">Dejar que el tipo de cambio nominal avance a una tasa del 2% mensual durante m\u00e1s de un par de meses <\/a>tras el importante aumento de la inflaci\u00f3n en el corto plazo parece improbable. Como resultado, prevemos <strong>m\u00e1s correcciones cambiarias<\/strong> en el transcurso de 2024 para compensar una inflaci\u00f3n m\u00e1s alta y as\u00ed permitir una acumulaci\u00f3n de reservas de divisas en l\u00ednea con nuestras previsiones&#8221;, dicen.\n<\/p>\n<p><span>Seg\u00fan sus c\u00e1lculos, el tipo de cambio real se reducir\u00eda aproximadamente a $580 para el cierre del primer trimestre del 2024, un nivel por debajo del m\u00ednimo de $700 que consideran adecuado para asegurar un super\u00e1vit de la cuenta corriente, se\u00f1ala Forbes Argentina.<\/span>\n<\/p>\n<p>Respecto a la cuesti\u00f3n fiscal, son optimistas en que el Gobierno logre su meta de super\u00e1vit fiscal en 2024, ya que la mayor\u00eda de los recortes propuestos <strong>no necesitan de la aprobaci\u00f3n del Congreso <\/strong>y aquellos que si lo requieren es probable que tengan consenso.\n<\/p>\n<h2>Cu\u00e1les son las estimaciones de Morgan Stanley para 2024<\/h2>\n<p>Las proyecciones de Morgan Stanley consideran que la nueva gesti\u00f3n presidencial est\u00e1 subestimando los ingresos fiscales asociados con los <span>impuestos a la importaci\u00f3n y exportaci\u00f3n<\/span>, aunque tambi\u00e9n puede sobreestimar los ahorros asociados con recortes de obras p\u00fablicas federales y transferencias a provincias.\n<\/p>\n<p><span>&#8220;Prevemos una consolidaci\u00f3n fiscal significativa de 4 puntos del PBI dividida casi a la mitad entre mejora de ingresos y reducci\u00f3n de gastos. Eso se traducir\u00eda en un super\u00e1vit primario del 0,8% del PIB el pr\u00f3ximo a\u00f1o, un desarrollo significativamente positivo con posibles implicaciones en la din\u00e1mica de la deuda&#8221;, anticipan.<\/span>\n<\/p>\n<p>Por otro lado, desde <a href=\"https:\/\/www.iprofesional.com\/finanzas\/395070-domingo-cavallo-anticipo-una-inflacion-de-25-en-diciembre\" target=\"_blank\" rel=\"noopener noreferrer\">la entidad avizoran una inflaci\u00f3n del orden del <strong>25% en diciembre y enero<\/strong><\/a>, un desplome del consumo y un crecimiento de las exportaciones y la inversi\u00f3n.\n<\/p>\n<p><span>&#8220;A medida que la inflaci\u00f3n retroceda y las condiciones macroecon\u00f3micas se estabilicen, la recuperaci\u00f3n impulsada por las exportaciones aumentar\u00e1. obtener algo de ayuda primero de la inversi\u00f3n y despu\u00e9s de un repunte gradual del consumo. La econom\u00eda se recupera en 2025&#8221;, manifiestan.<\/span>\n<\/p>\n<p>Finalmente, le dan un lugar preponderante a la aprobaci\u00f3n de reformas estructurales como la laboral, la impositiva, la jubilatoria y la desregulaci\u00f3n de mercados en general &#8220;para proporcionar un sentido de sostenibilidad a las correcciones en curso, pero tambi\u00e9n para fomentar la inversi\u00f3n, la creaci\u00f3n de empleo y el crecimiento econ\u00f3mico&#8221;.<\/p>\n<\/p><\/div>\n","protected":false},"excerpt":{"rendered":"\n<div class=\"media_block\"><img decoding=\"async\" src=\"http:\/\/latecordoba.com\/wp-content\/uploads\/2023\/12\/cual-es-el-analisis-de-morgan-stanley-sobre-las-primeras-medidas-de-milei.gif\"><\/div>\n<p> La entidad estima una inflaci\u00f3n del orden del 25% en diciembre y enero, un desplome del consumo y un crecimiento de las exportaciones y la inversi\u00f3n <iframe width=\"0\" height=\"0\" border=\"0\"> <script> (function(i,s,o,g,r,a,m){i['GoogleAnalyticsObject']=r;i[r]=i[r]||function(){ (i[r].q=i[r].q||[]).push(arguments)},i[r].l=1*new Date();a=s.createElement(o), m=s.getElementsByTagName(o)[0];a.async=1;a.src=g;m.parentNode.insertBefore(a,m) })(window,document,'script','https:\/\/www.google-analytics.com\/analytics.js','ga'); ga('create', 'GTM-5LW5KQD', 'auto'); ga('require', 'displayfeatures'); ga('set', 'campaignSource', 'RSS Client for iProfesional'); ga('set', 'campaignMedium', 'RSS Client for iProfesional'); ga('set', {\"dataSource\": \"rss.atom.iprofesional.com\"}); ga('set', {\"referrer\": \"rss.atom.iprofesional.com\"}); ga('set', 'title', 'RSS Client for iProfesional'); ga('send', 'pageview'); <\/script> <!-- Begin comScore Tag --> <script> var _comscore = _comscore || []; _comscore.push({ c1: \"2\", c2: \"16597048\" }); (function() { var s = document.createElement(\"script\"), el = document.getElementsByTagName(\"script\")[0]; s.async = true; s.src = \"https:\/\/sb.scorecardresearch.com\/cs\/16597048\/beacon.js\"; el.parentNode.insertBefore(s, el); })(); <\/script> <noscript> <img decoding=\"async\" src=\"http:\/\/latecordoba.com\/wp-content\/uploads\/2023\/12\/cual-es-el-analisis-de-morgan-stanley-sobre-las-primeras-medidas-de-milei-1.gif\"> <\/noscript> <!-- End comScore Tag --> <\/iframe> <iframe border=\"0px\" style=\"display: none\" width=0 height=0 src=\"https:\/\/www.iprofesional.com\/ga4.html?gtag_id=G-N13KWJP8BK&amp;title=\u00bfCu\u00e1l es el an\u00e1lisis de Morgan Stanley sobre las primeras medidas de Milei?&amp;location=https:\/\/www.iprofesional.com\/economia\/395164-que-dice-morgan-stanley-sobre-las-primeras-medidas-de-milei&amp;referrer=rss.atom.iprofesional.com&amp;ci=RSS Client for iProfesional&amp;cs=RSS Client for iProfesional&amp;cm=RSS&amp;cn=RSS Client for iProfesional&amp;cc=RSS Client for iProfesional\"><\/iframe>  <\/p>\n","protected":false},"author":1,"featured_media":19740,"comment_status":"closed","ping_status":"closed","sticky":false,"template":"","format":"standard","meta":[],"categories":[18],"tags":[],"_links":{"self":[{"href":"https:\/\/latecordoba.com\/index.php\/wp-json\/wp\/v2\/posts\/19739"}],"collection":[{"href":"https:\/\/latecordoba.com\/index.php\/wp-json\/wp\/v2\/posts"}],"about":[{"href":"https:\/\/latecordoba.com\/index.php\/wp-json\/wp\/v2\/types\/post"}],"author":[{"embeddable":true,"href":"https:\/\/latecordoba.com\/index.php\/wp-json\/wp\/v2\/users\/1"}],"replies":[{"embeddable":true,"href":"https:\/\/latecordoba.com\/index.php\/wp-json\/wp\/v2\/comments?post=19739"}],"version-history":[{"count":0,"href":"https:\/\/latecordoba.com\/index.php\/wp-json\/wp\/v2\/posts\/19739\/revisions"}],"wp:featuredmedia":[{"embeddable":true,"href":"https:\/\/latecordoba.com\/index.php\/wp-json\/wp\/v2\/media\/19740"}],"wp:attachment":[{"href":"https:\/\/latecordoba.com\/index.php\/wp-json\/wp\/v2\/media?parent=19739"}],"wp:term":[{"taxonomy":"category","embeddable":true,"href":"https:\/\/latecordoba.com\/index.php\/wp-json\/wp\/v2\/categories?post=19739"},{"taxonomy":"post_tag","embeddable":true,"href":"https:\/\/latecordoba.com\/index.php\/wp-json\/wp\/v2\/tags?post=19739"}],"curies":[{"name":"wp","href":"https:\/\/api.w.org\/{rel}","templated":true}]}}