{"id":19735,"date":"2023-12-24T00:45:04","date_gmt":"2023-12-24T00:45:04","guid":{"rendered":"https:\/\/viapais.com.ar\/cordoba\/navidad-en-cordoba-con-cenas-solidarias-para-que-todos-puedan-celebrarlas\/"},"modified":"2023-12-24T00:45:04","modified_gmt":"2023-12-24T00:45:04","slug":"navidad-en-cordoba-con-cenas-solidarias-para-que-todos-puedan-celebrarlas","status":"publish","type":"post","link":"https:\/\/latecordoba.com\/index.php\/2023\/12\/24\/navidad-en-cordoba-con-cenas-solidarias-para-que-todos-puedan-celebrarlas\/","title":{"rendered":"Navidad en C\u00f3rdoba: con cenas solidarias para que todos puedan celebrarlas"},"content":{"rendered":"\n<p>En el cotexto de<a href=\"https:\/\/viapais.com.ar\/economia\/dos-semanas-freneticas-con-devaluacion-disparada-de-precios-y-saneamiento-del-bcra\/\" target=\"_blank\" rel=\"noopener\"> <b>devaluaci\u00f3n por la crisis econ\u00f3mica<\/b> <\/a>y el cambio de gobierno en Argentina, muchas <b>personas no pueden afrontar los <\/b><a href=\"https:\/\/viapais.com.ar\/cordoba\/navidad-en-cordoba-el-reclamo-de-comerciantes-por-manteros-en-la-peatonal\/\" target=\"_blank\" rel=\"noopener\"><b>gastos que se generan en las fiestas navide\u00f1as<\/b><\/a><b>,<\/b> y muchos no cuentan ni con los <b>m\u00ednimos recursos.<\/b><\/p>\n<article class=\"article card \">\n<div class=\"article-inner \">\n<div class=\"article-image \"><a href=\"https:\/\/viapais.com.ar\/cordoba\/navidad-en-cordoba-como-funcionan-los-servicios-en-la-ciudad-este-fin-de-semana\/\" title=\"Movilidad\"><\/p>\n<figure><picture><img alt=\"Movilidad\" class=\" block \" src=\"http:\/\/latecordoba.com\/wp-content\/uploads\/2023\/12\/navidad-en-cordoba-con-cenas-solidarias-para-que-todos-puedan-celebrarlas.jpg\" sizes=\"auto\" loading=\"lazy\" data-src=\"http:\/\/latecordoba.com\/wp-content\/uploads\/2023\/12\/navidad-en-cordoba-con-cenas-solidarias-para-que-todos-puedan-celebrarlas.jpg\" width=\"307px\" fetchpriority=\"low\" decoding=\"async\" height=\"173px\"><\/picture><\/figure>\n<p><\/a><\/div>\n<\/div>\n<\/article>\n<p>Es all\u00ed donde aparece el coraz\u00f3n que distingue a los cordobeses. Todos los a\u00f1os organizaciones sociales de y voluntarios se comprometen para la realizaci\u00f3n de <b>cenas solidarias destinadas a personas en situaci\u00f3n de calle o de vulnerabilidad.<\/b><\/p>\n<figure><picture><img alt=\"Cenas navide\u00f1as solidarias en C\u00f3rdoba. \u201cCena bajo las estrellas\u201d para personas en situaci\u00f3n de calle en 25 de mayo y Rivadavia, frente a la Bas\u00edlica de Nuestra Se\u00f1ora de la Merced (Nicol\u00e1s Bravo \/ La Voz)\" class=\" block \" src=\"http:\/\/latecordoba.com\/wp-content\/uploads\/2023\/12\/navidad-en-cordoba-con-cenas-solidarias-para-que-todos-puedan-celebrarlas-1.jpg\" sizes=\"auto\" loading=\"lazy\" data-src=\"http:\/\/latecordoba.com\/wp-content\/uploads\/2023\/12\/navidad-en-cordoba-con-cenas-solidarias-para-que-todos-puedan-celebrarlas-1.jpg\" width=\"1023px\" fetchpriority=\"low\" decoding=\"async\" height=\"681px\"><\/picture><figcaption class>Cenas navide\u00f1as solidarias en C\u00f3rdoba. \u201cCena bajo las estrellas\u201d para personas en situaci\u00f3n de calle en 25 de mayo y Rivadavia, frente a la Bas\u00edlica de Nuestra Se\u00f1ora de la Merced (Nicol\u00e1s Bravo \/ La Voz) Foto: Nicol\u00e1s Bravo<\/figcaption><\/figure>\n<p>El objetivo es que sea un momento especial, <b>un festejo a pesar de la necesidad<\/b>. Sin embargo, conseguir recursos para<b> lograrlo no es tarea f\u00e1cil y aquellos que lideran estas acciones prev\u00e9n una concurrencia mayor <\/b>que la de a\u00f1os anteriores.<\/p>\n<article class=\"article card videoCard \">\n<div class=\"article-inner \">\n<div class=\"article-image \"><a href=\"https:\/\/viapais.com.ar\/cordoba\/para-aplaudir-el-policia-de-cordoba-que-canto-o-sole-mio-y-sorprendio-a-todos\/\" title=\"Polic\u00eda\"><\/p>\n<figure><picture><img alt=\"Polic\u00eda\" class=\" block \" src=\"http:\/\/latecordoba.com\/wp-content\/uploads\/2023\/12\/navidad-en-cordoba-con-cenas-solidarias-para-que-todos-puedan-celebrarlas-2.jpg\" sizes=\"auto\" loading=\"lazy\" data-src=\"http:\/\/latecordoba.com\/wp-content\/uploads\/2023\/12\/navidad-en-cordoba-con-cenas-solidarias-para-que-todos-puedan-celebrarlas-2.jpg\" width=\"307px\" fetchpriority=\"low\" decoding=\"async\" height=\"173px\"><\/picture><\/figure>\n<p><\/a><\/div>\n<\/div>\n<\/article>\n<figure><picture><img alt=\"Cenas navide\u00f1as solidarias en C\u00f3rdoba. \u201cCena bajo las estrellas\u201d para personas en situaci\u00f3n de calle en 25 de mayo y Rivadavia, frente a la Bas\u00edlica de Nuestra Se\u00f1ora de la Merced (Nicol\u00e1s Bravo \/ La Voz)\" class=\" block \" src=\"http:\/\/latecordoba.com\/wp-content\/uploads\/2023\/12\/navidad-en-cordoba-con-cenas-solidarias-para-que-todos-puedan-celebrarlas-3.jpg\" sizes=\"auto\" loading=\"lazy\" data-src=\"http:\/\/latecordoba.com\/wp-content\/uploads\/2023\/12\/navidad-en-cordoba-con-cenas-solidarias-para-que-todos-puedan-celebrarlas-3.jpg\" width=\"1023px\" fetchpriority=\"low\" decoding=\"async\" height=\"681px\"><\/picture><figcaption class>Cenas navide\u00f1as solidarias en C\u00f3rdoba. \u201cCena bajo las estrellas\u201d para personas en situaci\u00f3n de calle en 25 de mayo y Rivadavia, frente a la Bas\u00edlica de Nuestra Se\u00f1ora de la Merced (Nicol\u00e1s Bravo \/ La Voz) Foto: Nicol\u00e1s Bravo<\/figcaption><\/figure>\n<h2 class><b>CENA BAJO LAS ESTRELLAS POR LA NOCHEBUENA<\/b><\/h2>\n<p>Este s\u00e1bado 23 de dicembre, la<b> Fundaci\u00f3n Darte Argentina organiz\u00f3 la sexta edici\u00f3n de la cl\u00e1sica \u201cCena bajo las estrellas\u201d<\/b> con el lema <b>\u201cLa solidaridad es el camino\u201d. <\/b>Participaron el Centro Cultural Graciela Carena y otras instituciones eclesi\u00e1sticas y civiles.<\/p>\n<p>La actividad comenz\u00f3 a las 19 <b>frente a la Bas\u00edlica de Nuestra Se\u00f1ora de la Merced<\/b>, ubicada en calle 25 de Mayo al 83, donde se dispusieron <b>tablones para que los asistentes se sentaran a comer y que, en caso de lluv\u00eda, se colocar\u00e1n dentro de la iglesia.<\/b><\/p>\n<figure><picture><img alt=\"Cenas navide\u00f1as solidarias en C\u00f3rdoba. \u201cCena bajo las estrellas\u201d para personas en situaci\u00f3n de calle en 25 de mayo y Rivadavia, frente a la Bas\u00edlica de Nuestra Se\u00f1ora de la Merced (Nicol\u00e1s Bravo \/ La Voz)\" class=\" block \" src=\"http:\/\/latecordoba.com\/wp-content\/uploads\/2023\/12\/navidad-en-cordoba-con-cenas-solidarias-para-que-todos-puedan-celebrarlas-4.jpg\" sizes=\"auto\" loading=\"lazy\" data-src=\"http:\/\/latecordoba.com\/wp-content\/uploads\/2023\/12\/navidad-en-cordoba-con-cenas-solidarias-para-que-todos-puedan-celebrarlas-4.jpg\" width=\"1023px\" fetchpriority=\"low\" decoding=\"async\" height=\"681px\"><\/picture><figcaption class>Cenas navide\u00f1as solidarias en C\u00f3rdoba. \u201cCena bajo las estrellas\u201d para personas en situaci\u00f3n de calle en 25 de mayo y Rivadavia, frente a la Bas\u00edlica de Nuestra Se\u00f1ora de la Merced (Nicol\u00e1s Bravo \/ La Voz) Foto: Nicol\u00e1s Bravo<\/figcaption><\/figure>\n<p>El men\u00fa principal fue <b>pollo al horno con ensalada rusa y para el brindis se servir\u00e1n gaseosa con budines, garrapi\u00f1adas, pan dulce <\/b>y otros productos navide\u00f1os. Tambi\u00e9n hubo artistas en vivo.<\/p>\n<p><b>\u201cNosotros ya tenemos para 300 raciones, y a partir de all\u00ed en adelante\u201d<\/b>, detall\u00f3 a&nbsp;<b>La Voz&nbsp;Federico Figueroa, presidente de Darte Argentina<\/b>. \u201cSomos conscientes de que <b>este a\u00f1o habr\u00e1 m\u00e1s gente y est\u00e1 contemplado. <\/b>Muchos que no est\u00e1n en situaci\u00f3n de calle pero <b>no tienen para comer se van a acercar y la idea es que sean atendidos\u201d<\/b>, agreg\u00f3.<\/p>\n<p><b>\u201cNo somos lo que nos quieren hacer creer. El s\u00e1lvese quien pueda no es cierto, <\/b>cada uno para existir necesita del otro y <b>estamos en deuda porque somos parte de esa comunidad<\/b>\u201d, fue su mensaje.<\/p>\n<figure><picture><img alt=\"Cenas navide\u00f1as solidarias en C\u00f3rdoba. \u201cCena bajo las estrellas\u201d para personas en situaci\u00f3n de calle en 25 de mayo y Rivadavia, frente a la Bas\u00edlica de Nuestra Se\u00f1ora de la Merced (Nicol\u00e1s Bravo \/ La Voz)\" class=\" block \" src=\"http:\/\/latecordoba.com\/wp-content\/uploads\/2023\/12\/navidad-en-cordoba-con-cenas-solidarias-para-que-todos-puedan-celebrarlas-5.jpg\" sizes=\"auto\" loading=\"lazy\" data-src=\"http:\/\/latecordoba.com\/wp-content\/uploads\/2023\/12\/navidad-en-cordoba-con-cenas-solidarias-para-que-todos-puedan-celebrarlas-5.jpg\" width=\"1023px\" fetchpriority=\"low\" decoding=\"async\" height=\"681px\"><\/picture><figcaption class>Cenas navide\u00f1as solidarias en C\u00f3rdoba. \u201cCena bajo las estrellas\u201d para personas en situaci\u00f3n de calle en 25 de mayo y Rivadavia, frente a la Bas\u00edlica de Nuestra Se\u00f1ora de la Merced (Nicol\u00e1s Bravo \/ La Voz) Foto: Nicol\u00e1s Bravo<\/figcaption><\/figure>\n<p><b>Otra cena navide\u00f1a hist\u00f3rica es la que organiza la iglesia Nuestra Se\u00f1ora del Carmen<\/b> (avenida Figueroa Alcorta 160). Este s\u00e1bado fue en el <b>gimnasio del colegio San Jos\u00e9 de las Hermanas Dominicas <\/b>(ubicado en calle Mariano Moreno al 100), donde m\u00e1s de<b> 200 voluntarios<\/b> colaboraron para servir el men\u00fa: <b>pollo al horno con papas y en una mesa de dulce para el brindis con gaseosa.<\/b><\/p>\n<p>Tambi\u00e9n habr\u00e1 <b>una misa prevista para las 22, <\/b>tras la cual sigue la <b>cena, para la que se espera un asistencia de entre mil y 1.200 personas<\/b>, un poco m\u00e1s que en ediciones anteriores. El espacio cuenta con esa capacidad, pero tambi\u00e9n se prev\u00e9 sumar mesas adicionales si el n\u00famero aumenta.<\/p>\n<p><b>Susana Quinteros es colaboradora<\/b> de esta iniciativa desde hace 15 a\u00f1os y la \u201ccoordinadora de juguetes\u201d, encargada de preparar los regalos para los ni\u00f1os. \u201cTengo unos 10 servidores que hacen siempre un <b>relevamiento de todos los chicos que hay, pero en promedio siempre son unos 150 o 200.<\/b> Mientras la gente come, nosotros le armamos <b>un presente personalizado a cada uno de acuerdo con el sexo y la edad. Los juguetes que usamos los dona la gente<\/b> y priorizamos los que est\u00e1n nuevos o sanos\u201d,<\/p>\n","protected":false},"excerpt":{"rendered":"<p>En el cotexto de devaluaci\u00f3n por la crisis econ\u00f3mica y el cambio de gobierno en Argentina, muchas personas no pueden afrontar los gastos que se generan en las fiestas navide\u00f1as, y muchos no cuentan ni con los m\u00ednimos recursos. Es all\u00ed donde aparece el coraz\u00f3n que distingue a los cordobeses. Todos los a\u00f1os organizaciones sociales [&hellip;]<\/p>\n","protected":false},"author":1,"featured_media":19736,"comment_status":"closed","ping_status":"closed","sticky":false,"template":"","format":"standard","meta":[],"categories":[15],"tags":[],"_links":{"self":[{"href":"https:\/\/latecordoba.com\/index.php\/wp-json\/wp\/v2\/posts\/19735"}],"collection":[{"href":"https:\/\/latecordoba.com\/index.php\/wp-json\/wp\/v2\/posts"}],"about":[{"href":"https:\/\/latecordoba.com\/index.php\/wp-json\/wp\/v2\/types\/post"}],"author":[{"embeddable":true,"href":"https:\/\/latecordoba.com\/index.php\/wp-json\/wp\/v2\/users\/1"}],"replies":[{"embeddable":true,"href":"https:\/\/latecordoba.com\/index.php\/wp-json\/wp\/v2\/comments?post=19735"}],"version-history":[{"count":0,"href":"https:\/\/latecordoba.com\/index.php\/wp-json\/wp\/v2\/posts\/19735\/revisions"}],"wp:featuredmedia":[{"embeddable":true,"href":"https:\/\/latecordoba.com\/index.php\/wp-json\/wp\/v2\/media\/19736"}],"wp:attachment":[{"href":"https:\/\/latecordoba.com\/index.php\/wp-json\/wp\/v2\/media?parent=19735"}],"wp:term":[{"taxonomy":"category","embeddable":true,"href":"https:\/\/latecordoba.com\/index.php\/wp-json\/wp\/v2\/categories?post=19735"},{"taxonomy":"post_tag","embeddable":true,"href":"https:\/\/latecordoba.com\/index.php\/wp-json\/wp\/v2\/tags?post=19735"}],"curies":[{"name":"wp","href":"https:\/\/api.w.org\/{rel}","templated":true}]}}