{"id":19703,"date":"2023-12-23T03:33:34","date_gmt":"2023-12-23T03:33:34","guid":{"rendered":"https:\/\/viapais.com.ar\/cordoba\/belgrano-espera-a-matias-suarez-a-pedido-de-farre-pero-esta-con-un-pie-en-otro-club\/"},"modified":"2023-12-23T03:33:34","modified_gmt":"2023-12-23T03:33:34","slug":"belgrano-espera-a-matias-suarez-a-pedido-de-farre-pero-le-aparecio-un-club-competidor","status":"publish","type":"post","link":"https:\/\/latecordoba.com\/index.php\/2023\/12\/23\/belgrano-espera-a-matias-suarez-a-pedido-de-farre-pero-le-aparecio-un-club-competidor\/","title":{"rendered":"Belgrano espera a Mat\u00edas Su\u00e1rez a pedido de Farr\u00e9; pero le apareci\u00f3 un club competidor"},"content":{"rendered":"<br \/>\n<section readability=\"44.424124513619\">\n<p><a href=\"https:\/\/viapais.com.ar\/cordoba\/belgrano-confirmo-que-guillermo-farre-sigue-como-dt-en-2024-sus-numeros-como-entrenador\/\" target=\"_blank\" rel=\"noopener\"><b>Guillermo Farr\u00e9 puso la firma<\/b><\/a><b> <\/b>para renovar su contrato como <b>t\u00e9cnico de Belgrano<\/b>, y mantuvo un pedido expreso:<a href=\"https:\/\/viapais.com.ar\/cordoba\/matias-suarez-no-seguira-en-river-y-un-posible-regreso-a-belgrano-toma-forma\/\" target=\"_blank\" rel=\"noopener\"><b> el regreso de Mat\u00edas Su\u00e1rez<\/b><\/a><b>, quien deja de ser <\/b><a href=\"https:\/\/viapais.com.ar\/deportes\/el-presidente-de-river-respaldo-a-martin-demichelis-su-futuro-no-esta-en-revision\/\" target=\"_blank\" rel=\"noopener\"><b>jugador de River.<\/b><\/a> De todos modo, el Oreja tendr\u00eda<b> otro destino, tambi\u00e9n en Liga Profesional.<\/b><\/p>\n<article class=\"article card \">\n<div class=\"article-inner \">\n<div class=\"article-image \"><a href=\"https:\/\/viapais.com.ar\/cordoba\/belgrano-oficializo-la-continuidad-del-caco-garcia-el-proximo-es-franco-jara\/\" title=\"Belgrano oficializ\u00f3 la continuidad del Caco Garc\u00eda; \u00bfel pr\u00f3ximo es Franco Jara?\"><\/p>\n<figure><picture><img alt=\"Belgrano oficializ\u00f3 la continuidad del Caco Garc\u00eda; \u00bfel pr\u00f3ximo es Franco Jara?\" class=\" block \" src=\"http:\/\/latecordoba.com\/wp-content\/uploads\/2023\/12\/belgrano-espera-a-matias-suarez-a-pedido-de-farre-pero-le-aparecio-un-club-competidor.jpg\" sizes=\"auto\" loading=\"lazy\" data-src=\"http:\/\/latecordoba.com\/wp-content\/uploads\/2023\/12\/belgrano-espera-a-matias-suarez-a-pedido-de-farre-pero-le-aparecio-un-club-competidor.jpg\" width=\"307px\" fetchpriority=\"low\" decoding=\"async\" height=\"173px\"><\/picture><\/figure>\n<p><\/a><\/div>\n<\/div>\n<\/article>\n<p>M\u00e1s all\u00e1 de la insistencia de Farr\u00e9, y de que el presidente <b>Luis Fabi\u00e1n Artime dijo m\u00e1s de una vez que Su\u00e1rez tiene las puertas abiertas <\/b>en el club, en Alberdi miran de reojo que el jugador de 35 a\u00f1os no logra ponerse al 100 por 100 por la dolencia cr\u00f3nica en la rodilla, por la que fue <b>operado este a\u00f1o.<\/b><\/p>\n<figure><picture><img alt=\"Mat\u00edas Su\u00e1rez y un futuro complicado en River. (Prensa River).\" class=\" block \" src=\"http:\/\/latecordoba.com\/wp-content\/uploads\/2023\/12\/belgrano-espera-a-matias-suarez-a-pedido-de-farre-pero-le-aparecio-un-club-competidor.webp\" sizes=\"auto\" loading=\"lazy\" data-src=\"http:\/\/latecordoba.com\/wp-content\/uploads\/2023\/12\/belgrano-espera-a-matias-suarez-a-pedido-de-farre-pero-le-aparecio-un-club-competidor.webp\" width=\"1023px\" fetchpriority=\"low\" decoding=\"async\" height=\"602px\"><\/picture><figcaption class>Mat\u00edas Su\u00e1rez y un futuro complicado en River. (Prensa River).<\/figcaption><\/figure>\n<p>Sin olvidar que para la mayor\u00eda de los hinchas de Belgrano<b> el posible regreso genera resistencia, por una relaci\u00f3n de cari\u00f1o que se rompi\u00f3 cuando Su\u00e1rez se fue a River<\/b> en 2019, con el Pirata peleando la permanencia en el torneo en el que<b> finalmente descendi\u00f3<\/b>. Nadie discute sus condiciones y talento, pero la gente no olvida c\u00f3mo se fue.<\/p>\n<p>De cualquier modo, todo parece indicar que Su\u00e1rez est\u00e1 muy cerca de arreglar con <b>Central C\u00f3rdoba de Santiago, que ser\u00e1 dirigido por Abel Balbo,<\/b> public\u00f3 en sus redes sociales <b>La Mesa del F\u00fatbol, de Radio Pulxo.<\/b><\/p>\n<h2 class><b>SU\u00c1REZ, EN LA FINAL DE RIVER CON ROSARIO CENTRAL<\/b><\/h2>\n<figure><picture><img alt=\"El cordob\u00e9s Mat\u00edas Su\u00e1rez todav\u00eda no defini\u00f3 su futuro en River. (Prensa River).\" class=\" block \" src=\"http:\/\/latecordoba.com\/wp-content\/uploads\/2023\/12\/belgrano-espera-a-matias-suarez-a-pedido-de-farre-pero-le-aparecio-un-club-competidor-1.jpg\" sizes=\"auto\" loading=\"lazy\" data-src=\"http:\/\/latecordoba.com\/wp-content\/uploads\/2023\/12\/belgrano-espera-a-matias-suarez-a-pedido-de-farre-pero-le-aparecio-un-club-competidor-1.jpg\" width=\"1023px\" fetchpriority=\"low\" decoding=\"async\" height=\"687px\"><\/picture><figcaption class>El cordob\u00e9s Mat\u00edas Su\u00e1rez todav\u00eda no defini\u00f3 su futuro en River. (Prensa River).<\/figcaption><\/figure>\n<p>Mat\u00edas S\u00faarez fue convocado por el DT <b>Mart\u00edn Demichelis para la final entre River y Rosario Central<\/b> en Santiago del Estero por el<b> Trofeo de Campeones.<\/b> Se especul\u00f3 incluso que pod\u00eda ir como titular, pero ocup\u00f3 un lugar <b>entre los relevos.<\/b><\/p>\n<p>\u201c<b>Voy a tomar la decisi\u00f3n en estos d\u00edas. Me encanta estar en este club, soy muy feliz, <\/b>pero me gustar\u00eda jugar m\u00e1s.<b> Siento que le puedo seguir dando cosas y aportando.<\/b> Que sea lo mejor para m\u00ed y para River\u201d, declar\u00f3 Su\u00e1rez tras la obtenci\u00f3n del Trofeo de Campeones, al vencer a Rosario Central.<\/p>\n<p>Y complet\u00f3: \u201c<b>Estoy en el club m\u00e1s grande de Am\u00e9rica y me gustar\u00eda quedarme por muchos a\u00f1os m\u00e1s\u201d.<\/b><\/p>\n<\/section>\n<div class=\"noreadme-audima\">\n<h2>Temas Relacionados<\/h2>\n<\/div>\n","protected":false},"excerpt":{"rendered":"<p>Guillermo Farr\u00e9 puso la firma para renovar su contrato como t\u00e9cnico de Belgrano, y mantuvo un pedido expreso: el regreso de Mat\u00edas Su\u00e1rez, quien deja de ser jugador de River. De todos modo, el Oreja tendr\u00eda otro destino, tambi\u00e9n en Liga Profesional. M\u00e1s all\u00e1 de la insistencia de Farr\u00e9, y de que el presidente Luis [&hellip;]<\/p>\n","protected":false},"author":1,"featured_media":19704,"comment_status":"closed","ping_status":"closed","sticky":false,"template":"","format":"standard","meta":[],"categories":[15],"tags":[],"_links":{"self":[{"href":"https:\/\/latecordoba.com\/index.php\/wp-json\/wp\/v2\/posts\/19703"}],"collection":[{"href":"https:\/\/latecordoba.com\/index.php\/wp-json\/wp\/v2\/posts"}],"about":[{"href":"https:\/\/latecordoba.com\/index.php\/wp-json\/wp\/v2\/types\/post"}],"author":[{"embeddable":true,"href":"https:\/\/latecordoba.com\/index.php\/wp-json\/wp\/v2\/users\/1"}],"replies":[{"embeddable":true,"href":"https:\/\/latecordoba.com\/index.php\/wp-json\/wp\/v2\/comments?post=19703"}],"version-history":[{"count":0,"href":"https:\/\/latecordoba.com\/index.php\/wp-json\/wp\/v2\/posts\/19703\/revisions"}],"wp:featuredmedia":[{"embeddable":true,"href":"https:\/\/latecordoba.com\/index.php\/wp-json\/wp\/v2\/media\/19704"}],"wp:attachment":[{"href":"https:\/\/latecordoba.com\/index.php\/wp-json\/wp\/v2\/media?parent=19703"}],"wp:term":[{"taxonomy":"category","embeddable":true,"href":"https:\/\/latecordoba.com\/index.php\/wp-json\/wp\/v2\/categories?post=19703"},{"taxonomy":"post_tag","embeddable":true,"href":"https:\/\/latecordoba.com\/index.php\/wp-json\/wp\/v2\/tags?post=19703"}],"curies":[{"name":"wp","href":"https:\/\/api.w.org\/{rel}","templated":true}]}}