{"id":19328,"date":"2023-12-12T20:27:23","date_gmt":"2023-12-12T20:27:23","guid":{"rendered":"https:\/\/elnoticierodigital.com.ar\/?p=1798125"},"modified":"2023-12-12T20:27:23","modified_gmt":"2023-12-12T20:27:23","slug":"el-album-de-fotos-de-la-comunion-de-leon-el-hijo-de-sabrina-garciarena-y-german-paoloski","status":"publish","type":"post","link":"https:\/\/latecordoba.com\/index.php\/2023\/12\/12\/el-album-de-fotos-de-la-comunion-de-leon-el-hijo-de-sabrina-garciarena-y-german-paoloski\/","title":{"rendered":"El \u00e1lbum de fotos de la comuni\u00f3n de Le\u00f3n, el hijo de Sabrina Garciarena y Germ\u00e1n Paoloski"},"content":{"rendered":"\n<div class=\"td-post-sharing-top\">\n<div id=\"td_social_sharing_article_top\" class=\"td-post-sharing td-ps-bg td-ps-notext td-post-sharing-style1 \">\n<div class=\"td-post-sharing-visible\"><a class=\"td-social-sharing-button td-social-sharing-button-js td-social-network td-social-facebook\" href=\"https:\/\/www.facebook.com\/sharer.php?u=https%3A%2F%2Felnoticierodigital.com.ar%2F2023%2F12%2F12%2Fel-album-de-fotos-de-la-comunion-de-leon-el-hijo-de-sabrina-garciarena-y-german-paoloski%2F\" title=\"Facebook\"> <\/p>\n<p>Facebook<\/p>\n<p> <\/a><a class=\"td-social-sharing-button td-social-sharing-button-js td-social-network td-social-twitter\" href=\"https:\/\/twitter.com\/intent\/tweet?text=El+%C3%A1lbum+de+fotos+de+la+comuni%C3%B3n+de+Le%C3%B3n%2C+el+hijo+de+Sabrina+Garciarena+y+Germ%C3%A1n+Paoloski&amp;url=https%3A%2F%2Felnoticierodigital.com.ar%2F2023%2F12%2F12%2Fel-album-de-fotos-de-la-comunion-de-leon-el-hijo-de-sabrina-garciarena-y-german-paoloski%2F&amp;via=El+Noticiero+Digital\" title=\"Twitter\"> <\/p>\n<p>Twitter<\/p>\n<p> <\/a><\/div>\n<\/div>\n<\/div>\n<div class=\"td-post-content tagdiv-type\" readability=\"45.178571428571\"> <!-- image --><\/p>\n<div class=\"td-post-featured-image\"><a href=\"https:\/\/i0.wp.com\/elnoticierodigital.com.ar\/wp-content\/uploads\/2023\/12\/1798125.jpg?fit=1280%2C800&amp;ssl=1\" data-caption><img decoding=\"async\" loading=\"lazy\" width=\"696\" height=\"435\" class=\"entry-thumb td-modal-image\" src=\"http:\/\/latecordoba.com\/wp-content\/uploads\/2023\/12\/el-album-de-fotos-de-la-comunion-de-leon-el-hijo-de-sabrina-garciarena-y-german-paoloski.jpg\" srcset=\"http:\/\/latecordoba.com\/wp-content\/uploads\/2023\/12\/el-album-de-fotos-de-la-comunion-de-leon-el-hijo-de-sabrina-garciarena-y-german-paoloski-2.jpg 1280w, http:\/\/latecordoba.com\/wp-content\/uploads\/2023\/12\/el-album-de-fotos-de-la-comunion-de-leon-el-hijo-de-sabrina-garciarena-y-german-paoloski-3.jpg 300w, http:\/\/latecordoba.com\/wp-content\/uploads\/2023\/12\/el-album-de-fotos-de-la-comunion-de-leon-el-hijo-de-sabrina-garciarena-y-german-paoloski-4.jpg 1024w, http:\/\/latecordoba.com\/wp-content\/uploads\/2023\/12\/el-album-de-fotos-de-la-comunion-de-leon-el-hijo-de-sabrina-garciarena-y-german-paoloski-5.jpg 768w, http:\/\/latecordoba.com\/wp-content\/uploads\/2023\/12\/el-album-de-fotos-de-la-comunion-de-leon-el-hijo-de-sabrina-garciarena-y-german-paoloski-6.jpg 150w, http:\/\/latecordoba.com\/wp-content\/uploads\/2023\/12\/el-album-de-fotos-de-la-comunion-de-leon-el-hijo-de-sabrina-garciarena-y-german-paoloski.jpg 696w, https:\/\/i0.wp.com\/elnoticierodigital.com.ar\/wp-content\/uploads\/2023\/12\/1798125.jpg?resize=1068%2C668&amp;ssl=1 1068w\" sizes=\"(max-width: 696px) 100vw, 696px\" alt title=\"1798125\"><\/a><\/div>\n<p> <!-- content --><\/p>\n<article readability=\"28\">Sabrina Garciarena y Germ\u00e1n Paoloski generalmente mantienen una vida familiar lejos de los medios, pero esta vez decidieron compartir por sus redes sociales un grato momento festejando de su hijo mayor Le\u00f3n. Por ello, es que publicaron algunas fotos de este d\u00eda en sus redes sociales.<\/p>\n<p>El peque\u00f1o celebr\u00f3 su comuni\u00f3n este fin de semana y su familia estuvo all\u00ed para acompa\u00f1arlo. Sus padres decidieron plasmar en sus cuentas de Instagram para poder demostrar lo felices que se encontraban.<\/p>\n<p>En las fotos se puede ver a Le\u00f3n posando con una camisa y una cruz en su cuello, en varios de los comentarios indicaban el parecido que tiene con su padre. Entre las fotos se lo puede ver al nene abrazado de sus dos hermanos, Beltr\u00e1n y M\u00eda.<\/p>\n<p>La celebraci\u00f3n del ni\u00f1o de 9 a\u00f1os tuvo una torta celeste de dos pisos y una mesa dulce en el mismo tono. Entre los invitados parece que se trataba de varios de los integrantes de la familia que aparecen muy felices por el logro del peque\u00f1o en este momento de su vida.<\/p>\n<p>LAS FOTOS DE LA COMUNI\u00d3N DE LE\u00d3N<\/p>\n<p>Germ\u00e1n Paoloski por medio de su cuenta de Instagram, escribi\u00f3: \u201cComuni\u00f3n de Lion\u201d. A lo que su esposa coment\u00f3: \u201cM\u00ed amor\u201d. Por su parte, la actriz tambi\u00e9n public\u00f3 m\u00e1s fotos del momento junto a la palabra \u201cfamilia\u201d en donde se los puede ver unidos.<\/p>\n<p>Estos posteos de parte de los dos medi\u00e1ticos generaron miles de reacciones de parte de los usuarios, quienes no tardaron en felicitar a Le\u00f3n y en destacar el parecido que tiene con su padre. Adem\u00e1s, enviaron mensajes llenos de cari\u00f1os y buenos deseos para el peque\u00f1o.<\/p>\n<\/article>\n<p>Fuente: <a href=\"https:\/\/www.paparazzi.com.ar\/teve\/el-album-de-fotos-de-la-comunion-de-leon-el-hijo-de-sabrina-garciarena-y-german-paoloski\/\">https:\/\/www.paparazzi.com.ar\/<\/a><\/p>\n<\/p><\/div>\n<footer> <!-- post pagination --> <!-- review --> <\/p>\n<div class=\"td-post-sharing-bottom\">\n<div id=\"td_social_sharing_article_bottom\" class=\"td-post-sharing td-ps-bg td-ps-notext td-post-sharing-style1 \">\n<div class=\"td-post-sharing-visible\"><a class=\"td-social-sharing-button td-social-sharing-button-js td-social-network td-social-facebook\" href=\"https:\/\/www.facebook.com\/sharer.php?u=https%3A%2F%2Felnoticierodigital.com.ar%2F2023%2F12%2F12%2Fel-album-de-fotos-de-la-comunion-de-leon-el-hijo-de-sabrina-garciarena-y-german-paoloski%2F\" title=\"Facebook\"> <\/p>\n<p>Facebook<\/p>\n<p> <\/a><a class=\"td-social-sharing-button td-social-sharing-button-js td-social-network td-social-twitter\" href=\"https:\/\/twitter.com\/intent\/tweet?text=El+%C3%A1lbum+de+fotos+de+la+comuni%C3%B3n+de+Le%C3%B3n%2C+el+hijo+de+Sabrina+Garciarena+y+Germ%C3%A1n+Paoloski&amp;url=https%3A%2F%2Felnoticierodigital.com.ar%2F2023%2F12%2F12%2Fel-album-de-fotos-de-la-comunion-de-leon-el-hijo-de-sabrina-garciarena-y-german-paoloski%2F&amp;via=El+Noticiero+Digital\" title=\"Twitter\"> <\/p>\n<p>Twitter<\/p>\n<p> <\/a><\/div>\n<\/div>\n<\/div>\n<p> <!-- next prev --><\/p>\n<div class=\"td-block-row td-post-next-prev\">\n<div class=\"td-block-span6 td-post-prev-post\">\n<div class=\"td-post-next-prev-content\"><span>Art\u00edculo anterior<\/span><a href=\"https:\/\/elnoticierodigital.com.ar\/2023\/12\/12\/por-que-lucca-bardelli-el-ex-de-julieta-poggio-no-entro-a-gran-hermano\/\">Por qu\u00e9 Lucca Bardelli, el ex de Julieta Poggio, no entr\u00f3 a Gran Hermano<\/a><\/div>\n<\/div>\n<div class=\"td-block-span6 td-post-next-post\">\n<div class=\"td-post-next-prev-content\"><span>Art\u00edculo siguiente<\/span><a href=\"https:\/\/elnoticierodigital.com.ar\/2023\/12\/12\/quienes-fueron-los-ganadores-mas-famosos-de-gran-hermano-argentina\/\">Qui\u00e9nes fueron los ganadores m\u00e1s famosos de Gran Hermano Argentina<\/a><\/div>\n<\/div>\n<\/div>\n<p> <!-- author box --><\/p>\n<div class=\"author-box-wrap\"><a href=\"https:\/\/elnoticierodigital.com.ar\/author\/webcrawler\/\" aria-label=\"author-photo\"><img loading=\"lazy\" alt src=\"http:\/\/latecordoba.com\/wp-content\/uploads\/2023\/12\/el-album-de-fotos-de-la-comunion-de-leon-el-hijo-de-sabrina-garciarena-y-german-paoloski-1.jpg\" srcset=\"https:\/\/secure.gravatar.com\/avatar\/22a7d4689581c8ace4eaa406cb3a4ef1?s=192&amp;d=blank&amp;r=g 2x\" class=\"avatar avatar-96 photo\" height=\"96\" width=\"96\" decoding=\"async\"><\/a><\/div>\n<p> <!-- meta --><span class=\"td-page-meta\" itemprop=\"author\" itemscope itemtype=\"https:\/\/schema.org\/Person\"><meta itemprop=\"name\" content=\"Sala de Noticias\"><meta itemprop=\"url\" content=\"https:\/\/elnoticierodigital.com.ar\/author\/webcrawler\/\"><\/span><meta itemprop=\"datePublished\" content=\"2023-12-12T17:27:23-03:00\"><meta itemprop=\"dateModified\" content=\"2023-12-12T17:27:28-03:00\"><meta itemscope itemprop=\"mainEntityOfPage\" itemtype=\"https:\/\/schema.org\/WebPage\" itemid=\"https:\/\/elnoticierodigital.com.ar\/2023\/12\/12\/el-album-de-fotos-de-la-comunion-de-leon-el-hijo-de-sabrina-garciarena-y-german-paoloski\/\"><span class=\"td-page-meta\" itemprop=\"publisher\" itemscope itemtype=\"https:\/\/schema.org\/Organization\"><span class=\"td-page-meta\" itemprop=\"logo\" itemscope itemtype=\"https:\/\/schema.org\/ImageObject\"><meta itemprop=\"url\" content=\"https:\/\/elnoticierodigital.com.ar\/wp-content\/uploads\/2021\/04\/El_Noticiero_Digital_logo_retina-300x300.png\"><\/span><meta itemprop=\"name\" content=\"El Noticiero Digital\"><\/span><meta itemprop=\"headline \" content=\"El \u00e1lbum de fotos de la comuni\u00f3n de Le\u00f3n, el hijo de Sabrina Garciarena y Germ\u00e1n Paoloski\"><span class=\"td-page-meta\" itemprop=\"image\" itemscope itemtype=\"https:\/\/schema.org\/ImageObject\"><meta itemprop=\"url\" content=\"https:\/\/i0.wp.com\/elnoticierodigital.com.ar\/wp-content\/uploads\/2023\/12\/1798125.jpg?fit=1280%2C800&amp;ssl=1\"><meta itemprop=\"width\" content=\"1280\"><meta itemprop=\"height\" content=\"800\"><\/span> <\/footer>\n","protected":false},"excerpt":{"rendered":"<p> Sabrina Garciarena y Germ\u00e1n Paoloski generalmente mantienen una vida familiar lejos de los medios, pero esta vez decidieron compartir por sus redes sociales un grato momento festejando de su hijo mayor Le\u00f3n. Por ello, es que publicaron algunas fotos de este d\u00eda en sus redes sociales. El peque\u00f1o celebr\u00f3 su comuni\u00f3n este fin de semana [&#8230;]  <\/p>\n","protected":false},"author":1,"featured_media":19329,"comment_status":"closed","ping_status":"closed","sticky":false,"template":"","format":"standard","meta":[],"categories":[14],"tags":[],"_links":{"self":[{"href":"https:\/\/latecordoba.com\/index.php\/wp-json\/wp\/v2\/posts\/19328"}],"collection":[{"href":"https:\/\/latecordoba.com\/index.php\/wp-json\/wp\/v2\/posts"}],"about":[{"href":"https:\/\/latecordoba.com\/index.php\/wp-json\/wp\/v2\/types\/post"}],"author":[{"embeddable":true,"href":"https:\/\/latecordoba.com\/index.php\/wp-json\/wp\/v2\/users\/1"}],"replies":[{"embeddable":true,"href":"https:\/\/latecordoba.com\/index.php\/wp-json\/wp\/v2\/comments?post=19328"}],"version-history":[{"count":0,"href":"https:\/\/latecordoba.com\/index.php\/wp-json\/wp\/v2\/posts\/19328\/revisions"}],"wp:featuredmedia":[{"embeddable":true,"href":"https:\/\/latecordoba.com\/index.php\/wp-json\/wp\/v2\/media\/19329"}],"wp:attachment":[{"href":"https:\/\/latecordoba.com\/index.php\/wp-json\/wp\/v2\/media?parent=19328"}],"wp:term":[{"taxonomy":"category","embeddable":true,"href":"https:\/\/latecordoba.com\/index.php\/wp-json\/wp\/v2\/categories?post=19328"},{"taxonomy":"post_tag","embeddable":true,"href":"https:\/\/latecordoba.com\/index.php\/wp-json\/wp\/v2\/tags?post=19328"}],"curies":[{"name":"wp","href":"https:\/\/api.w.org\/{rel}","templated":true}]}}