{"id":19284,"date":"2023-12-12T12:28:00","date_gmt":"2023-12-12T12:28:00","guid":{"rendered":"https:\/\/www.puntal.com.ar\/globos-oro\/barbie-y-oppenheimer-las-mas-nominadas-los-globos-oro-n207361"},"modified":"2023-12-12T12:28:00","modified_gmt":"2023-12-12T12:28:00","slug":"barbie-y-oppenheimer-las-mas-nominadas-a-los-globos-de-oro","status":"publish","type":"post","link":"https:\/\/latecordoba.com\/index.php\/2023\/12\/12\/barbie-y-oppenheimer-las-mas-nominadas-a-los-globos-de-oro\/","title":{"rendered":"&#8220;Barbie&#8221; y &#8220;Oppenheimer&#8221;, las m\u00e1s nominadas a los Globos de Oro"},"content":{"rendered":"\n<div><img decoding=\"async\" src=\"http:\/\/latecordoba.com\/wp-content\/uploads\/2023\/12\/barbie-y-oppenheimer-las-mas-nominadas-a-los-globos-de-oro.jpg\" class=\"ff-og-image-inserted\"><\/div>\n<p> \u201cBarbie\u201d, de Greta Gerwig y \u201cOppenheimer\u201d, de Christopher Nolan, con nueve y ocho candidaturas, respectivamente, son los filmes m\u00e1s nominados seguidos por \u201cLos asesinos de la luna\u201d, de Martin Scorsese y \u201cPobres criaturas\u201d, de Yorgos Lanthimos, ambas con siete candidaturas.<\/p>\n<p>Por su parte en televisi\u00f3n, la cuarta y \u00faltima temporada de la serie \u201cSuccession\u201d, lidera las nominaciones con nueve candidaturas.<\/p>\n<p>Por el galard\u00f3n a la mejor pel\u00edcula dram\u00e1tica competir\u00e1n \u201cAnatom\u00eda de una ca\u00edda\u201d, de Justine Triet, \u201cLa zona de inter\u00e9s\u201d, de Jonathan Glazer; \u201cVidas pasadas\u201d, de Celine Song; \u201cMaestro\u201d, de Bradley Cooper; y las mencionadas \u201cLos asesinos de la luna\u201d y \u201cOppenheimer\u201d.<\/p>\n<p>Las nominadas al Globo de Oro a la mejor pel\u00edcula de comedia o musical son \u201cAir\u201d, de Ben Affleck; \u201cAmerican Fiction\u201d, de Cord Jefferson; \u201cLos que se quedan\u201d, de Alexander Payne; \u201cSecretos de un esc\u00e1ndalo\u201d, de Todd Haynes; \u201cPobres criaturas\u201d, de Yorgos Lanthimos; y \u201cBarbie\u201d, de Greta Gerwig.<\/p>\n<p>La propia Gerwig competir\u00e1 por el premio a la mejor direcci\u00f3n con Scorsese, Nolan, Cooper, Song y Lanthimos.<\/p>\n<p>El filme espa\u00f1ol \u201cLa sociedad de la nieve\u201d, de Juan Antonio Bayona, que es uno de las candidatos al Globo de Oro a la mejor pel\u00edcula de habla no inglesa, competir\u00e1 con la cinta francesa \u201cAnatom\u00eda de una ca\u00edda; la italiana \u201cYo, capit\u00e1n\u201d, de Matteo Garrone; la finlandesa \u201cFallen Leaves\u201d, de Aki Kaurism\u00e4ki; la brit\u00e1nica \u201cLa zona de inter\u00e9s\u201d, de Jonathan Glazer; y \u201cVidas pasadas\u201d de Celine Song.<\/p>\n<p>En tanto en la nueva categor\u00eda, la que reconoce al &#8220;logro cinematogr\u00e1fico y de taquilla&#8221; del a\u00f1o, popularmente conocida ya como el premio al mejor blockbuster, entre las nominadas se destaca Taylor Swift, con la pel\u00edcula sobre su gira \u201cThe Eras Tour\u201d.<\/p>\n<p>Las otras nominadas con \u201cBarbie\u201d, \u201cOppenheimer\u201d, \u201cJohn Wick 4\u201d, \u201cSuper Mario Bros\u201d, \u201cMisi\u00f3n imposible: Sentencia mortal &#8211; Parte 1\u201d y \u201cSpider-Man: Cruzando el Multiverso\u201d.<\/p>\n<p>En televisi\u00f3n la cuarta y \u00faltima temporada de \u201cSuccession\u201d, con nueve candidaturas, la segunda temporada de \u201cThe Bear\u201d y la tercera de \u201cOnly Murders in the Building\u201d, con cinco nominaciones cada una, son las favoritas, en las que tambi\u00e9n destaca \u201cThe Crown\u201d que opta a cuatro galardones con la primera parte de su sexta y \u00faltima temporada.<\/p>\n<p>Por el premio a la mejor serie dram\u00e1tica competir\u00e1n, junto a \u201cSuccession\u201d, \u201c1923\u201d, \u201cThe Crown\u201d, \u201cLa diplom\u00e1tica\u201d, \u201cThe Morning Show\u201d y la ficci\u00f3n apocal\u00edptica \u201cThe Last of Us\u201d.<\/p>\n<p>En comedia, las nominadas a la mejor serie del a\u00f1o son &#8216;Colegio Abbott&#8217;, \u201cBarry\u201d, \u201cThe Bear\u201d, \u201cJury Duty\u201d, \u201cOnly Murders in the Building\u201d y \u201cTed Lasso\u201d.<\/p>\n<p>Las nominadas a la mejor miniserie o telefilme son \u201cLa luz que no puedes ver\u201d, \u201cBronca\u201d, \u201cTodos quieren a Daisy Jones\u201d, la cuarta temporada de \u201cFargo\u201d, \u201cCompa\u00f1eros de ruta\u201d y \u201cCocina con qu\u00edmica\u201d.<\/p>\n<p>Tambi\u00e9n en televisi\u00f3n hay un nuevo premio, se trata del reconocimiento al mejor mon\u00f3logo de comedia en vivo. Una categor\u00eda en la que los nominados son Ricky Gervais por \u201cRicky Gervais: Armageddon\u201d; Trevor Noah por \u201cTrevor Noah: Where Was I\u201d; Chris Rock por \u201cChris Rock: Selective Outrage\u201d; Amy Schumer por \u201cAmy Schumer: Emergency Contact\u201d; Sarah Silverman por \u201cSarah Silverman: Someone You Love\u201d; y Wanda Sykes por \u201cWanda Sykes: I&#8217;m an Entertainer\u201d.<\/p>\n","protected":false},"excerpt":{"rendered":"<p>\nEn televisi\u00f3n, la serie &#8220;Succession&#8221; domina la lista  <\/p>\n","protected":false},"author":1,"featured_media":19285,"comment_status":"closed","ping_status":"closed","sticky":false,"template":"","format":"standard","meta":[],"categories":[14],"tags":[],"_links":{"self":[{"href":"https:\/\/latecordoba.com\/index.php\/wp-json\/wp\/v2\/posts\/19284"}],"collection":[{"href":"https:\/\/latecordoba.com\/index.php\/wp-json\/wp\/v2\/posts"}],"about":[{"href":"https:\/\/latecordoba.com\/index.php\/wp-json\/wp\/v2\/types\/post"}],"author":[{"embeddable":true,"href":"https:\/\/latecordoba.com\/index.php\/wp-json\/wp\/v2\/users\/1"}],"replies":[{"embeddable":true,"href":"https:\/\/latecordoba.com\/index.php\/wp-json\/wp\/v2\/comments?post=19284"}],"version-history":[{"count":0,"href":"https:\/\/latecordoba.com\/index.php\/wp-json\/wp\/v2\/posts\/19284\/revisions"}],"wp:featuredmedia":[{"embeddable":true,"href":"https:\/\/latecordoba.com\/index.php\/wp-json\/wp\/v2\/media\/19285"}],"wp:attachment":[{"href":"https:\/\/latecordoba.com\/index.php\/wp-json\/wp\/v2\/media?parent=19284"}],"wp:term":[{"taxonomy":"category","embeddable":true,"href":"https:\/\/latecordoba.com\/index.php\/wp-json\/wp\/v2\/categories?post=19284"},{"taxonomy":"post_tag","embeddable":true,"href":"https:\/\/latecordoba.com\/index.php\/wp-json\/wp\/v2\/tags?post=19284"}],"curies":[{"name":"wp","href":"https:\/\/api.w.org\/{rel}","templated":true}]}}