{"id":19271,"date":"2023-12-12T17:35:12","date_gmt":"2023-12-12T17:35:12","guid":{"rendered":"https:\/\/www.eldiariodeturismo.com.ar\/?p=240068"},"modified":"2023-12-12T17:35:12","modified_gmt":"2023-12-12T17:35:12","slug":"la-ciudad-de-buenos-aires-se-ilumina-para-recibir-las-fiestas","status":"publish","type":"post","link":"https:\/\/latecordoba.com\/index.php\/2023\/12\/12\/la-ciudad-de-buenos-aires-se-ilumina-para-recibir-las-fiestas\/","title":{"rendered":"La Ciudad de Buenos Aires se ilumina para recibir las Fiestas"},"content":{"rendered":"\n<div class=\"_none block block-layout-builder block-field-blocknodearticlefield-summary\">\n<div class=\"content\">\n<h5 class=\"lead\"><strong>Habr\u00e1 una instalaci\u00f3n de luces navide\u00f1as sustentables en distintos puntos de la Ciudad, junto a 16 \u00e1rboles. Y a partir del viernes 8 de diciembre se encendieron m\u00e1s de 900 luces LED de distintos motivos navide\u00f1os.<\/strong><\/h5>\n<\/p><\/div>\n<p>El&nbsp;<a title=\"Ministerio de Espacio P\u00fablico e Higiene Urbana\" href=\"https:\/\/buenosaires.gob.ar\/espaciopublicoehigieneurbana\" target=\"_blank\" rel=\"noopener\">Ministerio de Espacio P\u00fablico e Higiene Urbana<\/a>&nbsp;<strong>anunci\u00f3 la instalaci\u00f3n de luces navide\u00f1as sustentables en distintos puntos de la Ciudad, junto a 16 \u00e1rboles de Navidad presentes en cada una de las 15 comunas porte\u00f1as (2 en la comuna 4).<\/strong><\/p>\n<div class=\"field__item mt-4\">\n<div class=\"paragraph paragraph--type--paragraph paragraph--view-mode--default\">\n<div class=\"clearfix text-formatted field field--name-body field--type-text-long field--label-hidden field__item\">\n<p><strong>Adem\u00e1s se encendieron m\u00e1s de 900 luces LED de distintos motivos navide\u00f1os<\/strong>&nbsp;-con formas cil\u00edndricas, de lluvia, ramilletes, angelitos, estrellas fugaces, cometas, pinos, palomas, campanas o serpentinas-&nbsp;<strong>que fueron emplazadas en algunas de las calles y lugares m\u00e1s importantes y transitados de la Ciudad<\/strong>; como Avenida de Mayo, Diagonal Norte, Diagonal Sur, Plaza San Mart\u00edn, Avenida 9 de Julio, Santa Fe, Pueyrred\u00f3n, Leandro Alem, Diaz Velez, San Mart\u00edn, Mart\u00edn Garc\u00eda, Del Libertador, Figueroa Alcorta, Entre R\u00edos, Callao, Corrientes, Boedo, Gaona, S\u00e1enz, Belgrano, Rivadavia, \u00c1lvarez Jonte, Emilio Castro, Segurola, Cuenca, Triunvirato y Cabildo.<\/p>\n<\/div>\n<\/div>\n<\/div>\n<div class=\"field__item mt-4\">\n<div class=\"paragraph paragraph--type--gallery paragraph--view-mode--default\">\n<div class=\"container\">\n<div class=\"row\">\n<div>\n<div class=\"gallery-grid-container\">\n<div class=\"gallery-grid gallery-max-1\"><a class=\"gallery-grid-item\" data-toggle=\"modal\" data-target=\"#modalGallery-P90s-AvdXA1702384723505\"><img loading=\"lazy\" decoding=\"async\" class=\"aligncenter\" src=\"http:\/\/latecordoba.com\/wp-content\/uploads\/2023\/12\/la-ciudad-de-buenos-aires-se-ilumina-para-recibir-las-fiestas.jpg\" alt=\"\u00c1rbol Navide\u00f1o.jpeg\" width=\"499\" height=\"285\"><\/a><\/div>\n<\/div>\n<\/div>\n<\/div>\n<\/div>\n<\/div>\n<\/div>\n<div class=\"field__item mt-4\">\n<div class=\"paragraph paragraph--type--paragraph paragraph--view-mode--default\">\n<div class=\"clearfix text-formatted field field--name-body field--type-text-long field--label-hidden field__item\">\n<p><strong>Adem\u00e1s, se instalaron diecis\u00e9is \u00e1rboles de Navidad distribuidos en las quince comunas de la Ciudad, dos de ellos en la comuna 4.<\/strong><\/p>\n<\/div>\n<\/div>\n<\/div>\n<div class=\"field__item mt-4\">\n<div class=\"paragraph paragraph--type--paragraph paragraph--view-mode--default\">\n<div class=\"clearfix text-formatted field field--name-body field--type-text-long field--label-hidden field__item\">\n<p><strong>Los \u00e1rboles miden 11 metros de altura y est\u00e1n conformados por 23.500 luces LED<\/strong>, que reducen en m\u00e1s de un cincuenta por ciento el consumo de energ\u00eda en comparaci\u00f3n con luminarias normales.<\/p>\n<\/div>\n<\/div>\n<\/div>\n<div class=\"field__item mt-4\">\n<div class=\"paragraph paragraph--type--paragraph paragraph--view-mode--default\">\n<div class=\"clearfix text-formatted field field--name-body field--type-text-long field--label-hidden field__item\">\n<p>Las luminarias navide\u00f1as y los \u00e1rboles de Navidad permanecer\u00e1n emplazados y encendidos durante las noches de diciembre y hasta el pr\u00f3ximo 6 de enero, cuando se celebre la Noche de Reyes.<\/p>\n<\/div>\n<\/div>\n<\/div>\n<div class=\"field__item mt-4\">\n<div class=\"paragraph paragraph--type--gallery paragraph--view-mode--default\">\n<div class=\"container\">\n<div class=\"row\">\n<div>\n<div class=\"gallery-grid-container\">\n<div class=\"gallery-grid gallery-max-1\"><a class=\"gallery-grid-item\" data-toggle=\"modal\" data-target=\"#modalGallery-KjYN4bxuRL1702384723542\"><img loading=\"lazy\" decoding=\"async\" class=\"aligncenter\" src=\"http:\/\/latecordoba.com\/wp-content\/uploads\/2023\/12\/la-ciudad-de-buenos-aires-se-ilumina-para-recibir-las-fiestas-1.jpg\" alt=\"Luminarias navide\u00f1as.jpeg\" width=\"506\" height=\"289\"><\/a><\/div>\n<\/div>\n<\/div>\n<\/div>\n<\/div>\n<\/div>\n<\/div>\n<div class=\"field__item mt-4\">\n<div class=\"paragraph paragraph--type--gallery paragraph--view-mode--default\">\n<div class=\"container\">\n<div class=\"row\">\n<div>\n<div class=\"gallery-grid-container\">\n<div class=\"gallery-grid gallery-max-1\"><a class=\"gallery-grid-item\" data-toggle=\"modal\" data-target=\"#modalGallery-8S6YDV4RnM1702384723574\"><img loading=\"lazy\" decoding=\"async\" class=\"aligncenter\" src=\"http:\/\/latecordoba.com\/wp-content\/uploads\/2023\/12\/la-ciudad-de-buenos-aires-se-ilumina-para-recibir-las-fiestas-2.jpg\" alt=\"Luminarias navide\u00f1as 1.jpeg\" width=\"504\" height=\"288\"><\/a><\/div>\n<\/div>\n<\/div>\n<\/div>\n<\/div>\n<\/div>\n<\/div>\n<div class=\"field__item mt-4\">\n<div class=\"paragraph paragraph--type--paragraph paragraph--view-mode--default\">\n<div class=\"clearfix text-formatted field field--name-body field--type-text-long field--label-hidden field__item\">\n<h3><strong>Ubicaciones \u00c1rboles de Navidad<\/strong><\/h3>\n<\/div>\n<\/div>\n<\/div>\n<div class=\"field__item mt-4\">\n<div class=\"paragraph paragraph--type--paragraph paragraph--view-mode--default\">\n<div class=\"clearfix text-formatted field field--name-body field--type-text-long field--label-hidden field__item\">\n<p>\u2013 Comuna 1: Av. 9 de julio y Arenales<\/p>\n<p>\u2013 Comuna 2: M\u00e1stil de Libertador\/Figueroa Alcorta<\/p>\n<p>\u2013 Comuna 3: Plaza Miserere<\/p>\n<p>\u2013 Comuna 4: Plazoleta Jos\u00e9 de Luca<\/p>\n<p>\u2013 Comuna 4: Pedro de Mendoza 1902 a orillas del Riachuelo<\/p>\n<p>\u2013 Comuna 5: Plaza Almagro<\/p>\n<p>\u2013 Comuna 6: Plazoleta Greslebin<\/p>\n<p>\u2013 Comuna 7: Parque Chacabuco<\/p>\n<p>\u2013 Comuna 8: Rotonda de Av. Escalada y Av. Cruz<\/p>\n<p>\u2013 Comuna 9: Parque Alberdi<\/p>\n<p>\u2013 Comuna 10: Plaza de la Bandera (Av. Juan B Justo y Carrasco)<\/p>\n<p>\u2013 Comuna 11: Plaza Arenales<\/p>\n<p>\u2013 Comuna 12: Plaza Hungr\u00eda<\/p>\n<p>\u2013 Comuna 13: Plaza Barrancas de Belgrano<\/p>\n<p>\u2013 Comuna 14: Plaza Rep\u00fablica Isl\u00e1mica de Ir\u00e1n<\/p>\n<p>\u2013 Comuna 15: Parque Los Andes<\/p>\n<\/div>\n<\/div>\n<\/div>\n<\/div>\n<div class=\"_none block block-layout-builder block-field-blocknodearticlefield-summary\">\n<div class=\"content\">\n<div>FUENTE: GOBIERNO DE LA CIUDAD DE BUENOS AIRES<\/div>\n<\/div>\n<\/div>\n","protected":false},"excerpt":{"rendered":"<p> Habr\u00e1 una instalaci\u00f3n de luces navide\u00f1as sustentables en distintos puntos de la Ciudad, junto a 16 \u00e1rboles. Y a partir  <\/p>\n","protected":false},"author":1,"featured_media":19272,"comment_status":"open","ping_status":"closed","sticky":false,"template":"","format":"standard","meta":[],"categories":[19],"tags":[],"_links":{"self":[{"href":"https:\/\/latecordoba.com\/index.php\/wp-json\/wp\/v2\/posts\/19271"}],"collection":[{"href":"https:\/\/latecordoba.com\/index.php\/wp-json\/wp\/v2\/posts"}],"about":[{"href":"https:\/\/latecordoba.com\/index.php\/wp-json\/wp\/v2\/types\/post"}],"author":[{"embeddable":true,"href":"https:\/\/latecordoba.com\/index.php\/wp-json\/wp\/v2\/users\/1"}],"replies":[{"embeddable":true,"href":"https:\/\/latecordoba.com\/index.php\/wp-json\/wp\/v2\/comments?post=19271"}],"version-history":[{"count":0,"href":"https:\/\/latecordoba.com\/index.php\/wp-json\/wp\/v2\/posts\/19271\/revisions"}],"wp:featuredmedia":[{"embeddable":true,"href":"https:\/\/latecordoba.com\/index.php\/wp-json\/wp\/v2\/media\/19272"}],"wp:attachment":[{"href":"https:\/\/latecordoba.com\/index.php\/wp-json\/wp\/v2\/media?parent=19271"}],"wp:term":[{"taxonomy":"category","embeddable":true,"href":"https:\/\/latecordoba.com\/index.php\/wp-json\/wp\/v2\/categories?post=19271"},{"taxonomy":"post_tag","embeddable":true,"href":"https:\/\/latecordoba.com\/index.php\/wp-json\/wp\/v2\/tags?post=19271"}],"curies":[{"name":"wp","href":"https:\/\/api.w.org\/{rel}","templated":true}]}}