{"id":19261,"date":"2023-12-12T03:36:00","date_gmt":"2023-12-12T03:36:00","guid":{"rendered":"https:\/\/www.iprofesional.com\/vinos\/364416-este-vino-malbec-se-vende-en-el-chino-a-2900-y-fue-premiado"},"modified":"2023-12-12T03:36:00","modified_gmt":"2023-12-12T03:36:00","slug":"este-vino-malbec-cuesta-apenas-2-900-en-supermercados-y-se-consagro-en-un-concurso-internacional","status":"publish","type":"post","link":"https:\/\/latecordoba.com\/index.php\/2023\/12\/12\/este-vino-malbec-cuesta-apenas-2-900-en-supermercados-y-se-consagro-en-un-concurso-internacional\/","title":{"rendered":"Este vino Malbec cuesta apenas $2.900 en supermercados y se consagr\u00f3 en un concurso internacional"},"content":{"rendered":"\n<div class=\"media_block\"><img decoding=\"async\" src=\"http:\/\/latecordoba.com\/wp-content\/uploads\/2023\/12\/este-vino-malbec-cuesta-apenas-2-900-en-supermercados-y-se-consagro-en-un-concurso-internacional.jpg\"><\/div>\n<div id>\n<p> Es un vino Malbec de San Juan que obtuvo uno de los m\u00e1ximos reconocimientos en un concurso de Decanter. Te contamos c\u00f3mo es y si vale la pena comprarlo <\/p>\n<p>Por <strong>iProfesional<\/strong><\/p>\n<p><strong>12\/12\/2023<\/strong> &#8211; 00:36hs<\/p>\n<div class=\"image-container img-wide padding-b\"> <picture><source media=\"(min-width:650px)\" srcset=\"http:\/\/latecordoba.com\/wp-content\/uploads\/2023\/12\/este-vino-malbec-cuesta-apenas-2-900-en-supermercados-y-se-consagro-en-un-concurso-internacional.webp\" class=\"lazyload\"><source media=\"(min-width:465px)\" srcset=\"http:\/\/latecordoba.com\/wp-content\/uploads\/2023\/12\/este-vino-malbec-cuesta-apenas-2-900-en-supermercados-y-se-consagro-en-un-concurso-internacional.webp\" class=\"lazyload\"><img decoding=\"async\" loading=\"lazy\" src=\"http:\/\/latecordoba.com\/wp-content\/uploads\/2023\/12\/este-vino-malbec-cuesta-apenas-2-900-en-supermercados-y-se-consagro-en-un-concurso-internacional.webp\" class=\"lazyload\" alt=\"Este vino Malbec cuesta apenas $2.900 en supermercados y se consagr\u00f3 en un concurso internacional\" width=\"160\" height=\"714px\"> <\/picture> <\/div>\n<\/p><\/div>\n<div readability=\"103.59821996186\">\n<h5><em>*\u00daltima modificaci\u00f3n: 12\/12\/2023<\/em><\/h5>\n<p>En un contexto inflacionario como el actual, donde <a href=\"https:\/\/www.iprofesional.com\/finanzas\/393785-que-inflacion-recibira-milei-cuando-asuma-como-presidente\" target=\"_blank\" rel=\"noopener noreferrer\">se generalizan las subas de precios<\/a>, encontrar <strong>vinos ricos y a buen precio <\/strong>se volvi\u00f3 una tarea realmente compleja.&nbsp;\n<\/p>\n<h5><strong>Descubr\u00ed tambi\u00e9n:<\/strong> <a href=\"https:\/\/www.iprofesional.com\/vinos\/382854-grandes-sommeliers-revelan-que-vinos-ricos-y-a-buen-precio-probar\" target=\"_blank\" rel=\"noopener noreferrer\">los vinos con gran relaci\u00f3n calidad-precio que ten\u00e9s que probar, seg\u00fan grandes sommeliers<\/a><\/h5>\n<p>Lo bueno es que siempre hay <strong>perlitas <\/strong>por descubrir. En este caso, un<strong> vino Malbec de Bodegas Callia<\/strong>, ubicada en San Juan, se consagr\u00f3 como uno de <strong>los <\/strong>m\u00e1s <strong>premiados <\/strong>en uno de los cert\u00e1menes de la industria m\u00e1s reconocidos a nivel internacional: Decantar World Wine Awards.\n<\/p>\n<p>Se trata de<strong> Contracara Malbec<\/strong>, un <strong>vino <\/strong>proveniente del Valle de Pedernal, que el a\u00f1o pasado recibi\u00f3 la distinci\u00f3n &#8220;Platinum&#8221;, adem\u00e1s de obtener 97 puntos por parte del jurado.\n<\/p>\n<p>Un punto clave es que <strong>este<\/strong> <strong>vino lo pod\u00e9s conseguir <\/strong>en <strong>supermercados a un precio de apenas 2.900 pesos<\/strong>, posicion\u00e1ndose como una etiqueta de excelente relaci\u00f3n calidad-precio.\n<\/p>\n<div class=\"imagen\" readability=\"7\"><img decoding=\"async\" loading=\"lazy\" class=\"lazyload\" src=\"http:\/\/latecordoba.com\/wp-content\/uploads\/2023\/12\/este-vino-malbec-cuesta-apenas-2-900-en-supermercados-y-se-consagro-en-un-concurso-internacional-1.jpg\" alt width=\"676.997\" height=\"900\"><\/p>\n<p>Este vino Malbec se vende en los chinos a $2.900 y fue premiado a nivel internacional<\/p>\n<\/div>\n<h2>Qu\u00e9 ofrece este vino Malbec a buen precio<\/h2>\n<p>Ahora bien, \u00bfqu\u00e9 ofrece? Probamos este <strong>vino <\/strong>de <strong>Bodegas<\/strong> <strong>Callia <\/strong>y nos encontramos con un ejemplar sabroso: la fruta roja se presenta bien madura, n\u00edtida, junto a notas de especias y herbales bien sutiles. La madera, en tanto, complementa muy bien, ofreciendo aromas tostados y otros que recuerdan a la vainilla, muy suaves.\n<\/p>\n<p>En boca, este <strong>vino <\/strong>sanjuanino ofrece una estructura media, de la mano de <strong>taninos <\/strong>s\u00faper <strong>agradables<\/strong>, redond\u00edsimos, y un paso sucroso, dejando una sensaci\u00f3n ligeramente dulzona al final.\n<\/p>\n<h5><strong>Descubr\u00ed tambi\u00e9n:&nbsp;<\/strong><a href=\"https:\/\/www.iprofesional.com\/vinos\/384290-cuantos-dias-dura-una-botella-de-vino-abierta-y-un-secreto-clave\" target=\"_blank\" rel=\"noopener noreferrer\">Cu\u00e1ntos d\u00edas dura una botella de vino abierta y los secretos para que aguante m\u00e1s<\/a><\/h5>\n<p><strong>Conclusi\u00f3n<\/strong>: es un <strong>vino rico<\/strong>, <strong>jugoso<\/strong>, bien frutado y muy bebible, gracias a una acidez ensamblada y que nunca incomoda. Un vino que se adaptar\u00e1 a todo tipo de paladares y diferentes situaciones, ya sea para acompa\u00f1ar una tabla de quesos o para poner en la mesa y disfrutar junto a un buen asado.&nbsp;\n<\/p>\n<p>Todo esto, con el plus de que se <strong>vende <\/strong>a un <strong>precio muy competitivo.<\/strong>\n<\/p>\n<p>&#8220;Contracara logr\u00f3 un estilo muy atractivo y \u00fanico en sus <strong>vinos<\/strong>; con gran concentraci\u00f3n, son vinos j\u00f3venes, frutados y modernos&#8221;, explic\u00f3 Gustavo Daroni, en\u00f3logo de Bodegas Callia.\n<\/p>\n<div class=\"imagen\" readability=\"7\"><img decoding=\"async\" loading=\"lazy\" class=\"lazyload\" src=\"http:\/\/latecordoba.com\/wp-content\/uploads\/2023\/12\/este-vino-malbec-cuesta-apenas-2-900-en-supermercados-y-se-consagro-en-un-concurso-internacional-2.jpg\" alt width=\"880\" height=\"582.986\"><\/p>\n<p>En el concurso Decanter se presentaron m\u00e1s de 18.000 vinos de diferentes partes del mundo<\/p>\n<\/div>\n<h2>Un buen logro para un Malbec argentino<\/h2>\n<p>Un punto a destacar es que este <strong>vino Malbec<\/strong>, que se consigue a <strong>$2.900&nbsp;en supermercados<\/strong>, ya hab\u00eda logrado una medalla de platino en el concurso realizado en 2022 (superior a la medalla de oro), edici\u00f3n en la que se presentaron <strong>m\u00e1s de 18.200 etiquetas <\/strong>provenientes de 54 pa\u00edses productores.\n<\/p>\n<p>Para dar con los mejores vinos, en la \u00faltima edici\u00f3n del Decantar World Wine Awards, cerca de 250 expertos internacionales (incluidos 41 Master of Wine y 13 Master Sommeliers) debieron catar las <strong>m\u00e1s de 18.200 muestras <\/strong>a lo largo de dos semanas.\n<\/p>\n<p>En total, los expertos entregaron 50 medallas en la categor\u00eda &#8220;Best in Show&#8221;, 163 medallas de platino, 678 medallas de oro, 5.900 medallas de plata y 8.074 medallas de bronce.<\/p>\n<\/p><\/div>\n","protected":false},"excerpt":{"rendered":"\n<div class=\"media_block\"><img decoding=\"async\" src=\"http:\/\/latecordoba.com\/wp-content\/uploads\/2023\/12\/este-vino-malbec-cuesta-apenas-2-900-en-supermercados-y-se-consagro-en-un-concurso-internacional.jpg\"><\/div>\n<p> Es un vino Malbec de San Juan que obtuvo uno de los m\u00e1ximos reconocimientos en un concurso de Decanter. Te contamos c\u00f3mo es y si vale la pena comprarlo <iframe width=\"0\" height=\"0\" border=\"0\"> <script> (function(i,s,o,g,r,a,m){i['GoogleAnalyticsObject']=r;i[r]=i[r]||function(){ (i[r].q=i[r].q||[]).push(arguments)},i[r].l=1*new Date();a=s.createElement(o), m=s.getElementsByTagName(o)[0];a.async=1;a.src=g;m.parentNode.insertBefore(a,m) })(window,document,'script','https:\/\/www.google-analytics.com\/analytics.js','ga'); ga('create', 'GTM-5LW5KQD', 'auto'); ga('require', 'displayfeatures'); ga('set', 'campaignSource', 'RSS Client for iProfesional'); ga('set', 'campaignMedium', 'RSS Client for iProfesional'); ga('set', {\"dataSource\": \"rss.atom.iprofesional.com\"}); ga('set', {\"referrer\": \"rss.atom.iprofesional.com\"}); ga('set', 'title', 'RSS Client for iProfesional'); ga('send', 'pageview'); <\/script> <!-- Begin comScore Tag --> <script> var _comscore = _comscore || []; _comscore.push({ c1: \"2\", c2: \"16597048\" }); (function() { var s = document.createElement(\"script\"), el = document.getElementsByTagName(\"script\")[0]; s.async = true; s.src = \"https:\/\/sb.scorecardresearch.com\/cs\/16597048\/beacon.js\"; el.parentNode.insertBefore(s, el); })(); <\/script> <noscript> <img decoding=\"async\" src=\"http:\/\/latecordoba.com\/wp-content\/uploads\/2023\/12\/este-vino-malbec-cuesta-apenas-2-900-en-supermercados-y-se-consagro-en-un-concurso-internacional.gif\"> <\/noscript> <!-- End comScore Tag --> <\/iframe> <iframe border=\"0px\" style=\"display: none\" width=0 height=0 src=\"https:\/\/www.iprofesional.com\/ga4.html?gtag_id=G-N13KWJP8BK&amp;title=Este vino Malbec cuesta apenas $2.900 en supermercados y se consagr\u00f3 en un concurso internacional&amp;location=https:\/\/www.iprofesional.com\/vinos\/364416-este-vino-malbec-se-vende-en-el-chino-a-2900-y-fue-premiado&amp;referrer=rss.atom.iprofesional.com&amp;ci=RSS Client for iProfesional&amp;cs=RSS Client for iProfesional&amp;cm=RSS&amp;cn=RSS Client for iProfesional&amp;cc=RSS Client for iProfesional\"><\/iframe>  <\/p>\n","protected":false},"author":1,"featured_media":19262,"comment_status":"open","ping_status":"closed","sticky":false,"template":"","format":"standard","meta":[],"categories":[19],"tags":[],"_links":{"self":[{"href":"https:\/\/latecordoba.com\/index.php\/wp-json\/wp\/v2\/posts\/19261"}],"collection":[{"href":"https:\/\/latecordoba.com\/index.php\/wp-json\/wp\/v2\/posts"}],"about":[{"href":"https:\/\/latecordoba.com\/index.php\/wp-json\/wp\/v2\/types\/post"}],"author":[{"embeddable":true,"href":"https:\/\/latecordoba.com\/index.php\/wp-json\/wp\/v2\/users\/1"}],"replies":[{"embeddable":true,"href":"https:\/\/latecordoba.com\/index.php\/wp-json\/wp\/v2\/comments?post=19261"}],"version-history":[{"count":0,"href":"https:\/\/latecordoba.com\/index.php\/wp-json\/wp\/v2\/posts\/19261\/revisions"}],"wp:featuredmedia":[{"embeddable":true,"href":"https:\/\/latecordoba.com\/index.php\/wp-json\/wp\/v2\/media\/19262"}],"wp:attachment":[{"href":"https:\/\/latecordoba.com\/index.php\/wp-json\/wp\/v2\/media?parent=19261"}],"wp:term":[{"taxonomy":"category","embeddable":true,"href":"https:\/\/latecordoba.com\/index.php\/wp-json\/wp\/v2\/categories?post=19261"},{"taxonomy":"post_tag","embeddable":true,"href":"https:\/\/latecordoba.com\/index.php\/wp-json\/wp\/v2\/tags?post=19261"}],"curies":[{"name":"wp","href":"https:\/\/api.w.org\/{rel}","templated":true}]}}