{"id":19259,"date":"2023-12-12T18:53:00","date_gmt":"2023-12-12T18:53:00","guid":{"rendered":"https:\/\/www.iprofesional.com\/economia\/394373-el-bcra-confirmo-que-el-mercado-de-cambios-operara-con-normalidad"},"modified":"2023-12-12T18:53:00","modified_gmt":"2023-12-12T18:53:00","slug":"el-banco-central-confirmo-que-el-mercado-oficial-de-cambios-volvera-a-operar-con-normalidad-desde-manana","status":"publish","type":"post","link":"https:\/\/latecordoba.com\/index.php\/2023\/12\/12\/el-banco-central-confirmo-que-el-mercado-oficial-de-cambios-volvera-a-operar-con-normalidad-desde-manana\/","title":{"rendered":"El Banco Central confirm\u00f3 que el mercado oficial de cambios volver\u00e1 a operar con normalidad desde ma\u00f1ana"},"content":{"rendered":"\n<div class=\"media_block\"><img decoding=\"async\" src=\"http:\/\/latecordoba.com\/wp-content\/uploads\/2023\/12\/el-banco-central-confirmo-que-el-mercado-oficial-de-cambios-volvera-a-operar-con-normalidad-desde-manana.jpg\"><\/div>\n<div id>\n<p> La nueva conducci\u00f3n del BCRA anul\u00f3 la medida que Miguel Pesce implement\u00f3 de manera temporal. \u00bfQu\u00e9 dice el comunicado de la entidad? <\/p>\n<p>Por <strong>iProfesional<\/strong><\/p>\n<p><strong>12\/12\/2023<\/strong> &#8211; 15:53hs<\/p>\n<div class=\"image-container img-wide padding-b\"> <picture><source media=\"(min-width:650px)\" srcset=\"http:\/\/latecordoba.com\/wp-content\/uploads\/2023\/12\/el-banco-central-confirmo-que-el-mercado-oficial-de-cambios-volvera-a-operar-con-normalidad-desde-manana.webp\" class=\"lazyload\"><source media=\"(min-width:465px)\" srcset=\"http:\/\/latecordoba.com\/wp-content\/uploads\/2023\/12\/el-banco-central-confirmo-que-el-mercado-oficial-de-cambios-volvera-a-operar-con-normalidad-desde-manana.webp\" class=\"lazyload\"><img decoding=\"async\" loading=\"lazy\" src=\"http:\/\/latecordoba.com\/wp-content\/uploads\/2023\/12\/el-banco-central-confirmo-que-el-mercado-oficial-de-cambios-volvera-a-operar-con-normalidad-desde-manana.webp\" class=\"lazyload\" alt=\"El Banco Central confirm\u00f3 que el mercado oficial de cambios volver\u00e1 a operar con normalidad desde ma\u00f1ana\" width=\"160\" height=\"714px\"> <\/picture> <\/div>\n<\/p><\/div>\n<div readability=\"89.223004694836\">\n<p>El <a href=\"https:\/\/www.iprofesional.com\/economia\/394271-medidas-de-bcra-que-pasa-con-vencimientos-de-tarjetas-de-credito\" target=\"_blank\" rel=\"noopener noreferrer\">Banco Central de la Rep\u00fablica Argentina (BCRA)<\/a> anunci\u00f3 este martes que desde ma\u00f1ana quedar\u00e1 sin efecto la medida publicada ayer, <span>la cual obligaba a las empresas a pedir una autorizaci\u00f3n a la entidad para acceder al mercado oficial de cambios con el fin de demandar divisas, fen\u00f3meno que <strong>mantiene casi paralizada a la plaza.<\/strong><\/span>\n<\/p>\n<h2><strong>El BCRA confirm\u00f3 que el mercado cambiario funcionar\u00e1 normalmente<\/strong><\/h2>\n<p>A trav\u00e9s del comunicado &#8220;A&#8221; 7916 del organismo que hoy conduce Santiago Bausili, se plantea dejar sin efecto la comunicaci\u00f3n &#8220;A&#8221; 7915. Esta decisi\u00f3n entrar\u00e1 en vigencia este mi\u00e9rcoles.\n<\/p>\n<p>De este modo, la nueva conducci\u00f3n del BCRA <strong>anula la restricci\u00f3n que dispuso ayer el ahora extitular de la entidad, Miguel \u00c1ngel Pesce.<\/strong>\n<\/p>\n<p>La restricci\u00f3n de ayer se dispuso temporalmente, a la espera de la llegada de los nuevos miembros del Directorio del Central y <a href=\"https:\/\/www.iprofesional.com\/finanzas\/394323-a-la-espera-del-plan-caputo-el-dolar-blue-sube-hasta-1065\" target=\"_blank\" rel=\"noopener noreferrer\">las primeras medidas oficiales.<\/a> Por este motivo, ayer y hoy el mercado oficial de cambios se mantuvo en un virtual feriado cambiario.\n<\/p>\n<h2>El nuevo precio del d\u00f3lar que pactan inversores mientras esperan el plan Milei<\/h2>\n<p>Por lo pronto,&nbsp;el mercado contin\u00faa esperando una decisi\u00f3n clave:&nbsp;<strong>qu\u00e9 pasar\u00e1 con el tipo de cambio oficial.<\/strong>&nbsp;Este cuenta con un gran inercia luego de haber salido de un corset en $350, que lo detuvo casi tres meses. El \u00faltimo jueves, termin\u00f3 agilizando la&nbsp;<strong>marcha devaluatoria<\/strong>&nbsp;en d\u00eda p\u00f3stumo de la gesti\u00f3n del ex mandatario Alberto Fern\u00e1ndez, hasta alcanzar los&nbsp;<strong>$400<\/strong>, es decir un&nbsp;<strong>5%<\/strong>&nbsp;m\u00e1s que en la rueda del mi\u00e9rcoles.\n<\/p>\n<div class=\"imagen\" readability=\"8\"><img decoding=\"async\" loading=\"lazy\" class=\"lazyload\" src=\"http:\/\/latecordoba.com\/wp-content\/uploads\/2023\/12\/el-banco-central-confirmo-que-el-mercado-oficial-de-cambios-volvera-a-operar-con-normalidad-desde-manana-1.jpg\" alt=\"Inversores esperan un d\u00f3lar oficial a 880 pesos en enero\" width=\"880\" height=\"495\"><\/p>\n<p>Inversores esperan un d\u00f3lar oficial a 880 pesos en enero, devaluaci\u00f3n de por medio.<\/p>\n<\/div>\n<p>En la sesi\u00f3n, las operaciones realizadas fueron escasas, por disposici\u00f3n del Banco Central que dispuso que dentro del escenario de transici\u00f3n, las transacciones en el mercado oficial de cambios requiesen ser aprobadas antes de efectuarse, es decir un&nbsp;<strong>feriado cambiario.<\/strong>&nbsp;As\u00ed, solo pudieron liquidar los exportadores.\n<\/p>\n<p>Ante la incertidumbre cambiaria, y a&nbsp;<a href=\"https:\/\/www.iprofesional.com\/politica\/394210-luis-caputo-anunciara-medidas-este-lunes-a-las-8-sus-prioridades\" target=\"_blank\" rel=\"noopener noreferrer\">la espera de que Luis Caputo se pronuncie<\/a>&nbsp;a los mercados,&nbsp;los contratos de d\u00f3lar futuro continuaron comercializ\u00e1ndose en precios altos fortaleciendo la perspectiva de devaluaci\u00f3n a la vuelta de la esquina.\n<\/p>\n<p>De este modo, tuvieron un fuerte incremento en el tramo para los diferentes plazos, terminando el de<strong>&nbsp;enero en $880<\/strong>&nbsp;(+0,6%), el de<strong>&nbsp;febrero en $995<\/strong>&nbsp;(+3,2%), el de<strong>&nbsp;marzo en $1065<\/strong>&nbsp;(+2,6%), el de<strong>&nbsp;abril en $1.160&nbsp;<\/strong>(+2,7%) y el de<strong>&nbsp;mayo $1.290&nbsp;<\/strong>(+3,4%). Aunque el de diciembre descendi\u00f3 levemente un 0,3% hasta los<strong>&nbsp;$754.<\/strong><\/p>\n<\/p><\/div>\n","protected":false},"excerpt":{"rendered":"\n<div class=\"media_block\"><img decoding=\"async\" src=\"http:\/\/latecordoba.com\/wp-content\/uploads\/2023\/12\/el-banco-central-confirmo-que-el-mercado-oficial-de-cambios-volvera-a-operar-con-normalidad-desde-manana.jpg\"><\/div>\n<p> La nueva conducci\u00f3n del BCRA anul\u00f3 la medida que Miguel Pesce implement\u00f3 de manera temporal. \u00bfQu\u00e9 dice el comunicado de la entidad? <iframe width=\"0\" height=\"0\" border=\"0\"> <script> (function(i,s,o,g,r,a,m){i['GoogleAnalyticsObject']=r;i[r]=i[r]||function(){ (i[r].q=i[r].q||[]).push(arguments)},i[r].l=1*new Date();a=s.createElement(o), m=s.getElementsByTagName(o)[0];a.async=1;a.src=g;m.parentNode.insertBefore(a,m) })(window,document,'script','https:\/\/www.google-analytics.com\/analytics.js','ga'); ga('create', 'GTM-5LW5KQD', 'auto'); ga('require', 'displayfeatures'); ga('set', 'campaignSource', 'RSS Client for iProfesional'); ga('set', 'campaignMedium', 'RSS Client for iProfesional'); ga('set', {\"dataSource\": \"rss.atom.iprofesional.com\"}); ga('set', {\"referrer\": \"rss.atom.iprofesional.com\"}); ga('set', 'title', 'RSS Client for iProfesional'); ga('send', 'pageview'); <\/script> <!-- Begin comScore Tag --> <script> var _comscore = _comscore || []; _comscore.push({ c1: \"2\", c2: \"16597048\" }); (function() { var s = document.createElement(\"script\"), el = document.getElementsByTagName(\"script\")[0]; s.async = true; s.src = \"https:\/\/sb.scorecardresearch.com\/cs\/16597048\/beacon.js\"; el.parentNode.insertBefore(s, el); })(); <\/script> <noscript> <img decoding=\"async\" src=\"http:\/\/latecordoba.com\/wp-content\/uploads\/2023\/12\/el-banco-central-confirmo-que-el-mercado-oficial-de-cambios-volvera-a-operar-con-normalidad-desde-manana.gif\"> <\/noscript> <!-- End comScore Tag --> <\/iframe> <iframe border=\"0px\" style=\"display: none\" width=0 height=0 src=\"https:\/\/www.iprofesional.com\/ga4.html?gtag_id=G-N13KWJP8BK&amp;title=El Banco Central confirm\u00f3 que el mercado oficial de cambios volver\u00e1 a operar con normalidad desde ma\u00f1ana&amp;location=https:\/\/www.iprofesional.com\/economia\/394373-el-bcra-confirmo-que-el-mercado-de-cambios-operara-con-normalidad&amp;referrer=rss.atom.iprofesional.com&amp;ci=RSS Client for iProfesional&amp;cs=RSS Client for iProfesional&amp;cm=RSS&amp;cn=RSS Client for iProfesional&amp;cc=RSS Client for iProfesional\"><\/iframe>  <\/p>\n","protected":false},"author":1,"featured_media":19260,"comment_status":"closed","ping_status":"closed","sticky":false,"template":"","format":"standard","meta":[],"categories":[18],"tags":[],"_links":{"self":[{"href":"https:\/\/latecordoba.com\/index.php\/wp-json\/wp\/v2\/posts\/19259"}],"collection":[{"href":"https:\/\/latecordoba.com\/index.php\/wp-json\/wp\/v2\/posts"}],"about":[{"href":"https:\/\/latecordoba.com\/index.php\/wp-json\/wp\/v2\/types\/post"}],"author":[{"embeddable":true,"href":"https:\/\/latecordoba.com\/index.php\/wp-json\/wp\/v2\/users\/1"}],"replies":[{"embeddable":true,"href":"https:\/\/latecordoba.com\/index.php\/wp-json\/wp\/v2\/comments?post=19259"}],"version-history":[{"count":0,"href":"https:\/\/latecordoba.com\/index.php\/wp-json\/wp\/v2\/posts\/19259\/revisions"}],"wp:featuredmedia":[{"embeddable":true,"href":"https:\/\/latecordoba.com\/index.php\/wp-json\/wp\/v2\/media\/19260"}],"wp:attachment":[{"href":"https:\/\/latecordoba.com\/index.php\/wp-json\/wp\/v2\/media?parent=19259"}],"wp:term":[{"taxonomy":"category","embeddable":true,"href":"https:\/\/latecordoba.com\/index.php\/wp-json\/wp\/v2\/categories?post=19259"},{"taxonomy":"post_tag","embeddable":true,"href":"https:\/\/latecordoba.com\/index.php\/wp-json\/wp\/v2\/tags?post=19259"}],"curies":[{"name":"wp","href":"https:\/\/api.w.org\/{rel}","templated":true}]}}