{"id":18752,"date":"2023-11-27T22:21:11","date_gmt":"2023-11-27T22:21:11","guid":{"rendered":"http:\/\/www.radiourbanasf.com.ar\/?p=18296"},"modified":"2023-11-27T22:21:11","modified_gmt":"2023-11-27T22:21:11","slug":"la-renga-un-concierto-en-el-fin-del-mundo","status":"publish","type":"post","link":"https:\/\/latecordoba.com\/index.php\/2023\/11\/27\/la-renga-un-concierto-en-el-fin-del-mundo\/","title":{"rendered":"La Renga: Un concierto en el Fin del Mundo"},"content":{"rendered":"\n<div><img decoding=\"async\" src=\"http:\/\/latecordoba.com\/wp-content\/uploads\/2023\/11\/la-renga-un-concierto-en-el-fin-del-mundo.jpg\" class=\"ff-og-image-inserted\"><\/div>\n<p><!-- .share-post --> <!-- WhatsApp Share Button for WordPress: http:\/\/peadig.com\/wordpress-plugins\/whatsapp-share-button\/ --><\/p>\n<h2>La banda argentina de rock brind\u00f3 un inolvidable show de casi tres horas a orillas del Canal de Beagle. Te contamos los detalles de un recital \u00e9pico que quedar\u00e1 en la historia de la banda y del rock nacional.<\/h2>\n<p>El pasado s\u00e1bado, la ic\u00f3nica banda de rock nacional <a href=\"https:\/\/www.cmtv.com.ar\/biografia\/show.php?bnid=164&amp;banda=La_Renga\"><b>La Renga<\/b><\/a>&nbsp;brindo un show \u00fanico e inolvidable a orillas del Canal de Beagle, en el Fin del Mundo.<\/p>\n<p>La lluvia y el frio acompa\u00f1aron durante tres horas a unas 20 mil personas y a a banda en el hangar de la Base Aeronaval de la ciudad de Ushuaia, en Tierra del Fuego. Con este primer recital en Tierra del Fuego, La Renga tambi\u00e9n complet\u00f3 el mapa del pa\u00eds: era la \u00fanica provincia donde nunca hab\u00edan tocado.<\/p>\n<p>El recorrido de las canciones comenz\u00f3 con \u201c<a href=\"https:\/\/www.cmtv.com.ar\/discos_letras\/letra.php?bnid=164&amp;banda=La_Renga&amp;DS_DS=1529&amp;tmid=12812&amp;tema=TRIPA_Y_CORAZON\"><b>Tripa y coraz\u00f3n<\/b><\/a>\u201d para seguir con \u201c<a href=\"https:\/\/www.cmtv.com.ar\/discos_letras\/letra.php?bnid=164&amp;banda=La_Renga&amp;DS_DS=17283&amp;tmid=164161&amp;tema=BUENA_PIPA_-_SINGLE\"><b>Buena Pipa<\/b><\/a>\u201d. El climaz llego con \u201c<a href=\"https:\/\/www.cmtv.com.ar\/discos_letras\/letra.php?bnid=164&amp;banda=La_Renga&amp;DS_DS=1530&amp;tmid=37646&amp;tema=LA_BALADA_DEL_DIABLO_Y_LA_MUERTE\"><b>La balada del diablo y la muerte<\/b><\/a>\u201d alrededor de las 23 horas. As\u00ed fue que recorrieron los cl\u00e1sicos de siempre, aquellos temas que no pueden faltar en el repertorio de sus conciertos.<\/p>\n<p>A la medianoche, con casi dos horas ininterrumpidas de recital, otro punto de euforia de los fan\u00e1ticos se produjo con la versi\u00f3n de \u201c<a href=\"https:\/\/www.cmtv.com.ar\/discos_letras\/letra.php?bnid=164&amp;banda=La_Renga&amp;DS_DS=3210&amp;tmid=12835&amp;tema=EL_FINAL_ES_DONDE_PARTI\"><b>El final es en donde part\u00ed<\/b><\/a>\u201d, tema al que sigui\u00f3 \u201c<a href=\"https:\/\/www.cmtv.com.ar\/discos_letras\/letra.php?bnid=164&amp;banda=La_Renga&amp;DS_DS=1522&amp;tmid=26419&amp;tema=OSCURO_DIAMANTE\"><b>Oscuro diamante<\/b><\/a>\u201d y despu\u00e9s \u201c<a href=\"https:\/\/www.cmtv.com.ar\/discos_letras\/letra.php?bnid=164&amp;banda=La_Renga&amp;DS_DS=1527&amp;tmid=12823&amp;tema=PANIC_SHOW\"><b>Panic Show<\/b><\/a>\u201d en donde<a href=\"https:\/\/www.cmtv.com.ar\/biografia\/show.php?bnid=3059&amp;banda=Chizzo_Napoli\"><b>&nbsp;Chizzo<\/b><\/a>&nbsp;puso un \u201c<i>Ojo<\/i>\u201d respecto de la utilizaci\u00f3n del tema para fines pol\u00edticos.<\/p>\n<p>Despu\u00e9s de \u201c<a href=\"https:\/\/www.cmtv.com.ar\/discos_letras\/letra.php?bnid=164&amp;banda=La_Renga&amp;DS_DS=3210&amp;tmid=12851&amp;tema=HABLANDO_DE_LA_LIBERTAD\"><b>Hablando de la libertad<\/b><\/a>\u201d y de un&nbsp;<i>\u201cGracias Ushuaia, nos vemos la pr\u00f3xima\u201d<\/i>, el \u201c<i>banquete<\/i>\u201d como le dicen los rengueros a cada recital se dio por concluido, y los miembros de la emblem\u00e1tica formaci\u00f3n de rock bajaron del escenario para saludar a un auditorio enfervorizado.<\/p>\n<p>La llegada de del p\u00fablico de&nbsp;<b>La Renga<\/b>&nbsp;transform\u00f3 la fisonom\u00eda habitual de Ushuaia y oblig\u00f3 a las autoridades a tomar medidas para asegurarles alojamiento, como la habilitaci\u00f3n de zonas especiales para acampar y comer.<\/p>\n<p>Todo se dio en un \u00e1mbito de armon\u00eda y qued\u00f3 plasmado en el recuerdo de la agrupaci\u00f3n y de sus fan\u00e1ticos para siempre.<\/p>\n<p><!-- WhatsApp Share Button for WordPress: http:\/\/peadig.com\/wordpress-plugins\/whatsapp-share-button\/ -->  <\/p>\n","protected":false},"excerpt":{"rendered":"\n<div style=\"float:right;margin:0 0 20px 20px;\"><img decoding=\"async\" width=\"150\" height=\"150\" src=\"http:\/\/latecordoba.com\/wp-content\/uploads\/2023\/11\/la-renga-un-concierto-en-el-fin-del-mundo-1.jpg\" class=\"attachment-thumbnail size-thumbnail wp-post-image\" alt=\"\" loading=\"lazy\" \/><\/div>\n<p>La banda argentina de rock brind\u00f3 un inolvidable show de casi tres horas a orillas del Canal de Beagle. Te contamos los detalles de un recital \u00e9pico que quedar\u00e1 en la historia de la banda y del rock nacional. El pasado s\u00e1bado, la ic\u00f3nica banda de rock nacional La Renga\u00a0brindo un show \u00fanico e inolvidable &#8230;  <\/p>\n","protected":false},"author":1,"featured_media":18753,"comment_status":"closed","ping_status":"closed","sticky":false,"template":"","format":"standard","meta":[],"categories":[20],"tags":[],"_links":{"self":[{"href":"https:\/\/latecordoba.com\/index.php\/wp-json\/wp\/v2\/posts\/18752"}],"collection":[{"href":"https:\/\/latecordoba.com\/index.php\/wp-json\/wp\/v2\/posts"}],"about":[{"href":"https:\/\/latecordoba.com\/index.php\/wp-json\/wp\/v2\/types\/post"}],"author":[{"embeddable":true,"href":"https:\/\/latecordoba.com\/index.php\/wp-json\/wp\/v2\/users\/1"}],"replies":[{"embeddable":true,"href":"https:\/\/latecordoba.com\/index.php\/wp-json\/wp\/v2\/comments?post=18752"}],"version-history":[{"count":0,"href":"https:\/\/latecordoba.com\/index.php\/wp-json\/wp\/v2\/posts\/18752\/revisions"}],"wp:featuredmedia":[{"embeddable":true,"href":"https:\/\/latecordoba.com\/index.php\/wp-json\/wp\/v2\/media\/18753"}],"wp:attachment":[{"href":"https:\/\/latecordoba.com\/index.php\/wp-json\/wp\/v2\/media?parent=18752"}],"wp:term":[{"taxonomy":"category","embeddable":true,"href":"https:\/\/latecordoba.com\/index.php\/wp-json\/wp\/v2\/categories?post=18752"},{"taxonomy":"post_tag","embeddable":true,"href":"https:\/\/latecordoba.com\/index.php\/wp-json\/wp\/v2\/tags?post=18752"}],"curies":[{"name":"wp","href":"https:\/\/api.w.org\/{rel}","templated":true}]}}