{"id":18750,"date":"2023-11-27T22:00:27","date_gmt":"2023-11-27T22:00:27","guid":{"rendered":"https:\/\/radioritmo.com.ar\/?p=15140"},"modified":"2023-11-27T22:00:27","modified_gmt":"2023-11-27T22:00:27","slug":"magui-olave-le-canta-al-amor-en-su-nuevo-videoclip","status":"publish","type":"post","link":"https:\/\/latecordoba.com\/index.php\/2023\/11\/27\/magui-olave-le-canta-al-amor-en-su-nuevo-videoclip\/","title":{"rendered":"Magui Olave le canta al amor en su nuevo videoclip"},"content":{"rendered":"\n<div><img decoding=\"async\" src=\"http:\/\/latecordoba.com\/wp-content\/uploads\/2023\/11\/magui-olave-le-canta-al-amor-en-su-nuevo-videoclip.png\" class=\"ff-og-image-inserted\"><\/div>\n<p>La cantante contin\u00faa renovando su repertorio y lanz\u00f3 \u201cMi lugar\u201d grabado en C\u00f3rdoba capital.<\/p>\n<div readability=\"34.633304572908\">\n<p><strong>Magui Olave<\/strong>&nbsp;brill\u00f3 en su presentaci\u00f3n de viernes en&nbsp;<strong>Sala del Rey<\/strong>&nbsp;y se reencontr\u00f3 con su p\u00fablico cordob\u00e9s despu\u00e9s de algunas semanas. En la previa a su actuaci\u00f3n, la cantante aprovech\u00f3 para estrenar videoclip.<\/p>\n<p><em>Mi lugar<\/em>&nbsp;se titula la nueva canci\u00f3n acompa\u00f1ada de im\u00e1genes de la artista desde un reconocido local de la capital. La pieza audiovisual se convirti\u00f3 en la quinta entrega de una serie de trabajos realizados en la misma locaci\u00f3n.<\/p>\n<p>En las \u00faltimas semanas, Magui apost\u00f3 por actualizar su listado de canciones.&nbsp;<em>Necesito encontrarte, Mi orgullo, Contigo<\/em>, y&nbsp;<em>Eras t\u00fa<\/em>, este \u00faltimo dedicado especialmente a su mam\u00e1, fueron los trabajos anteriores compartidos por su canal de YouTube, por los que recibi\u00f3 comentarios positivos de sus seguidores.<\/p>\n<p>A pocos d\u00edas del inicio de la temporada de verano 2024, la cuartetera ultima detalles para sus shows y ya cuenta con algunas actuaciones confirmadas. Olave formar\u00e1 parte de la 58\u00ba edici\u00f3n del&nbsp;<a href=\"https:\/\/eldoce.tv\/cuarteteando\/grilla-confirmada-cuarteto-jesus-maria-dias-precios_157400\" target=\"_blank\" rel=\"noopener noreferrer\"><strong>Festival de Doma y Folklore de Jes\u00fas Mar\u00eda<\/strong><\/a>.&nbsp;Se estar\u00e1 presentando el lunes 15, \u00faltima noche del evento, y compartir\u00e1 grilla con&nbsp;<strong>DesaKTa2<\/strong>,&nbsp;<strong>Ke Personajes, La Delio Valdez<\/strong>&nbsp;y<strong>&nbsp;Los Caligaris<\/strong>.<\/p>\n<\/div>\n","protected":false},"excerpt":{"rendered":"<p> La cantante contin\u00faa renovando su repertorio y lanz\u00f3 &#8220;Mi lugar&#8221; grabado en C\u00f3rdoba capital. Magui Olave\u00a0brill\u00f3 en su presentaci\u00f3n de viernes en\u00a0Sala del Rey\u00a0y se reencontr\u00f3 con su p\u00fablico cordob\u00e9s despu\u00e9s de algunas semanas. En la previa a su actuaci\u00f3n, la cantante aprovech\u00f3 para estrenar videoclip. Mi lugar\u00a0se titula la nueva canci\u00f3n acompa\u00f1ada de im\u00e1genes &#8230;  <\/p>\n","protected":false},"author":1,"featured_media":18751,"comment_status":"closed","ping_status":"closed","sticky":false,"template":"","format":"standard","meta":[],"categories":[20],"tags":[],"_links":{"self":[{"href":"https:\/\/latecordoba.com\/index.php\/wp-json\/wp\/v2\/posts\/18750"}],"collection":[{"href":"https:\/\/latecordoba.com\/index.php\/wp-json\/wp\/v2\/posts"}],"about":[{"href":"https:\/\/latecordoba.com\/index.php\/wp-json\/wp\/v2\/types\/post"}],"author":[{"embeddable":true,"href":"https:\/\/latecordoba.com\/index.php\/wp-json\/wp\/v2\/users\/1"}],"replies":[{"embeddable":true,"href":"https:\/\/latecordoba.com\/index.php\/wp-json\/wp\/v2\/comments?post=18750"}],"version-history":[{"count":0,"href":"https:\/\/latecordoba.com\/index.php\/wp-json\/wp\/v2\/posts\/18750\/revisions"}],"wp:featuredmedia":[{"embeddable":true,"href":"https:\/\/latecordoba.com\/index.php\/wp-json\/wp\/v2\/media\/18751"}],"wp:attachment":[{"href":"https:\/\/latecordoba.com\/index.php\/wp-json\/wp\/v2\/media?parent=18750"}],"wp:term":[{"taxonomy":"category","embeddable":true,"href":"https:\/\/latecordoba.com\/index.php\/wp-json\/wp\/v2\/categories?post=18750"},{"taxonomy":"post_tag","embeddable":true,"href":"https:\/\/latecordoba.com\/index.php\/wp-json\/wp\/v2\/tags?post=18750"}],"curies":[{"name":"wp","href":"https:\/\/api.w.org\/{rel}","templated":true}]}}