{"id":18700,"date":"2023-11-27T22:02:45","date_gmt":"2023-11-27T22:02:45","guid":{"rendered":"https:\/\/radioritmo.com.ar\/?p=15143"},"modified":"2023-11-27T22:02:45","modified_gmt":"2023-11-27T22:02:45","slug":"el-encuentro-de-la-mona-jimenez-con-antonio-rios-en-tucuman","status":"publish","type":"post","link":"https:\/\/latecordoba.com\/index.php\/2023\/11\/27\/el-encuentro-de-la-mona-jimenez-con-antonio-rios-en-tucuman\/","title":{"rendered":"El encuentro de La Mona Jim\u00e9nez con Antonio R\u00edos en Tucum\u00e1n"},"content":{"rendered":"\n<div><img decoding=\"async\" src=\"http:\/\/latecordoba.com\/wp-content\/uploads\/2023\/11\/el-encuentro-de-la-mona-jimenez-con-antonio-rios-en-tucuman.jpg\" class=\"ff-og-image-inserted\"><\/div>\n<p>El cordob\u00e9s comparti\u00f3 una imagen junto al referente de la cumbia en la previa a su show. \u00bfSe dar\u00e1 un \u00e9pico encuentro en el escenario?<\/p>\n<p><strong>La Mona Jim\u00e9nez<\/strong>&nbsp;vivi\u00f3 una semana movida en cuanto a novedades sobre su carrera musical. El cuartetero confirm\u00f3 la grilla de artistas que lo acompa\u00f1ar\u00e1n en la&nbsp;<a href=\"https:\/\/eldoce.tv\/cuarteteando\/grilla-confirmada-festival-bum-bum-2024_158701\" target=\"_blank\" rel=\"noopener noreferrer\"><strong>nueva edici\u00f3n del Festival Bum Bum<\/strong><\/a>&nbsp;y esta noche volver\u00e1 a brindar un show fuera de C\u00f3rdoba.<\/p>\n<p>En la previa a su actuaci\u00f3n en San Miguel de Tucum\u00e1n, el \u00eddolo popular se encontr\u00f3 con&nbsp;<strong>Antonio R\u00edos<\/strong>&nbsp;y utiliz\u00f3 sus redes sociales para compartir el momento con sus seguidores.<\/p>\n<p>De gafas, campera de jeans y una sonrisa que contagia, el cordob\u00e9s m\u00e1s famoso pos\u00f3 junto al referente de la cumbia para anticipar lo que se vivir\u00e1 este s\u00e1bado en el jard\u00edn de la Rep\u00fablica.<\/p>\n<p>La ultima presentaci\u00f3n oficial de La Mona fue en la&nbsp;<a href=\"https:\/\/eldoce.tv\/cuarteteando\/locura-total-asi-fue-show-la-mona-creepy-halloween_157264\"><strong>Creepy Halloween<\/strong><\/a>, ic\u00f3nica fiesta que se realiz\u00f3 en las inmediaciones del estadio&nbsp;<strong>Mario Alberto Kempes<\/strong>.&nbsp;En el mismo lugar, se realizar\u00e1 la quinta edici\u00f3n del Festival jimenero que contar\u00e1 con la presencia de&nbsp;<strong>Ulises Bueno, Q\u2019 Lokura, Monada, Ratones Paranoicos, L-Gante, Los Caligaris, Damas Gratis<\/strong>, entre otros artistas.<\/p>\n","protected":false},"excerpt":{"rendered":"<p> El cordob\u00e9s comparti\u00f3 una imagen junto al referente de la cumbia en la previa a su show. \u00bfSe dar\u00e1 un \u00e9pico encuentro en el escenario? La Mona Jim\u00e9nez\u00a0vivi\u00f3 una semana movida en cuanto a novedades sobre su carrera musical. El cuartetero confirm\u00f3 la grilla de artistas que lo acompa\u00f1ar\u00e1n en la\u00a0nueva edici\u00f3n del Festival Bum &#8230;  <\/p>\n","protected":false},"author":1,"featured_media":18701,"comment_status":"closed","ping_status":"closed","sticky":false,"template":"","format":"standard","meta":[],"categories":[20],"tags":[],"_links":{"self":[{"href":"https:\/\/latecordoba.com\/index.php\/wp-json\/wp\/v2\/posts\/18700"}],"collection":[{"href":"https:\/\/latecordoba.com\/index.php\/wp-json\/wp\/v2\/posts"}],"about":[{"href":"https:\/\/latecordoba.com\/index.php\/wp-json\/wp\/v2\/types\/post"}],"author":[{"embeddable":true,"href":"https:\/\/latecordoba.com\/index.php\/wp-json\/wp\/v2\/users\/1"}],"replies":[{"embeddable":true,"href":"https:\/\/latecordoba.com\/index.php\/wp-json\/wp\/v2\/comments?post=18700"}],"version-history":[{"count":0,"href":"https:\/\/latecordoba.com\/index.php\/wp-json\/wp\/v2\/posts\/18700\/revisions"}],"wp:featuredmedia":[{"embeddable":true,"href":"https:\/\/latecordoba.com\/index.php\/wp-json\/wp\/v2\/media\/18701"}],"wp:attachment":[{"href":"https:\/\/latecordoba.com\/index.php\/wp-json\/wp\/v2\/media?parent=18700"}],"wp:term":[{"taxonomy":"category","embeddable":true,"href":"https:\/\/latecordoba.com\/index.php\/wp-json\/wp\/v2\/categories?post=18700"},{"taxonomy":"post_tag","embeddable":true,"href":"https:\/\/latecordoba.com\/index.php\/wp-json\/wp\/v2\/tags?post=18700"}],"curies":[{"name":"wp","href":"https:\/\/api.w.org\/{rel}","templated":true}]}}