{"id":18666,"date":"2023-11-23T22:16:10","date_gmt":"2023-11-23T22:16:10","guid":{"rendered":"http:\/\/www.radiourbanasf.com.ar\/?p=18285"},"modified":"2023-11-23T22:16:10","modified_gmt":"2023-11-23T22:16:10","slug":"andres-calamaro-mostro-todo-su-talento-en-el-arena","status":"publish","type":"post","link":"https:\/\/latecordoba.com\/index.php\/2023\/11\/23\/andres-calamaro-mostro-todo-su-talento-en-el-arena\/","title":{"rendered":"Andr\u00e9s Calamaro mostr\u00f3 todo su talento en el Arena"},"content":{"rendered":"\n<div><img decoding=\"async\" src=\"http:\/\/latecordoba.com\/wp-content\/uploads\/2023\/11\/andres-calamaro-mostro-todo-su-talento-en-el-arena.jpg\" class=\"ff-og-image-inserted\"><\/div>\n<p>El Salm\u00f3n la rompi\u00f3 en su regreso a los escenarios de la Ciudad de Buenos Aires.<\/p>\n<div readability=\"66\">\n<p>El lugar elegido, al igual que el a\u00f1o pasado, fue el Estadio Arena, en el coraz\u00f3n de Villa Crespo.<\/p>\n<p>Y ya desde el vamos qued\u00f3 claro que el Salm\u00f3n estaba listo para dar un par de lecciones de la mano de&nbsp;<strong>un repertorio impecable.<\/strong><\/p>\n<p>Comenzando bien arriba con \u201cOutput Input\u201d, la lista de temas fue y volvi\u00f3 en el tiempo demostrando la vigencia de un artista que abarca d\u00e9cadas yendo hasta Los Abuelos de la Nada con \u201cLunes por la Madrugada\u201d, Los Rodr\u00edguez con \u201cSin Documentos\u201d, cl\u00e1sicos como solista (\u201cAlta Suciedad\u201d, el infaltable \u201cPaloma\u201d), hasta los m\u00e1s recientes como \u201cRehenes\u201d y \u201cMy Mafia\u201d.<\/p>\n<p>Con la banda que lo acompa\u00f1a desde hace ya varias temporadas, integrada por Mariano Dom\u00ednguez (bajo), Mart\u00edn Bruhn (bater\u00eda), Juli\u00e1n Kanevsky (guitarra el\u00e9ctrica) y Germ\u00e1n Wiedemer (teclados),&nbsp;<strong>Calamaro dio muestras de virtuosismo<\/strong>&nbsp;ya sea acomodando canciones en popurr\u00ed o haciendo mashups referenciando grandes cl\u00e1sicos del rock.<\/p>\n<p>Ambas noches contaron con la participaci\u00f3n de un invitado especial para \u201cTuyo Siempre\u201d, nada menos que Pablo Lescano, quien fue ovacionado en los dos shows.<\/p>\n<p>A los siempre esperados bises se agreg\u00f3 un momento especial para Ricardo Iorio en las pantallas y \u201cJusto que te vas\u201d como homenaje al recientemente desaparecido \u00edcono del rock argentino.<\/p>\n<\/div>\n","protected":false},"excerpt":{"rendered":"\n<div style=\"float:right;margin:0 0 20px 20px;\"><img decoding=\"async\" width=\"150\" height=\"150\" src=\"http:\/\/latecordoba.com\/wp-content\/uploads\/2023\/11\/andres-calamaro-mostro-todo-su-talento-en-el-arena-1.jpg\" class=\"attachment-thumbnail size-thumbnail wp-post-image\" alt=\"\" loading=\"lazy\" \/><\/div>\n<p>El Salm\u00f3n la rompi\u00f3 en su regreso a los escenarios de la Ciudad de Buenos Aires. Con funciones agotadas desde hace varios meses, no hab\u00eda dudas que la expectativa era enorme. Y cumpli\u00f3: Andr\u00e9s Calamaro la rompi\u00f3 en su regreso a la Ciudad de Buenos Aires, con dos shows inolvidables. El lugar elegido, al igual &#8230;  <\/p>\n","protected":false},"author":1,"featured_media":18667,"comment_status":"closed","ping_status":"closed","sticky":false,"template":"","format":"standard","meta":[],"categories":[20],"tags":[],"_links":{"self":[{"href":"https:\/\/latecordoba.com\/index.php\/wp-json\/wp\/v2\/posts\/18666"}],"collection":[{"href":"https:\/\/latecordoba.com\/index.php\/wp-json\/wp\/v2\/posts"}],"about":[{"href":"https:\/\/latecordoba.com\/index.php\/wp-json\/wp\/v2\/types\/post"}],"author":[{"embeddable":true,"href":"https:\/\/latecordoba.com\/index.php\/wp-json\/wp\/v2\/users\/1"}],"replies":[{"embeddable":true,"href":"https:\/\/latecordoba.com\/index.php\/wp-json\/wp\/v2\/comments?post=18666"}],"version-history":[{"count":0,"href":"https:\/\/latecordoba.com\/index.php\/wp-json\/wp\/v2\/posts\/18666\/revisions"}],"wp:featuredmedia":[{"embeddable":true,"href":"https:\/\/latecordoba.com\/index.php\/wp-json\/wp\/v2\/media\/18667"}],"wp:attachment":[{"href":"https:\/\/latecordoba.com\/index.php\/wp-json\/wp\/v2\/media?parent=18666"}],"wp:term":[{"taxonomy":"category","embeddable":true,"href":"https:\/\/latecordoba.com\/index.php\/wp-json\/wp\/v2\/categories?post=18666"},{"taxonomy":"post_tag","embeddable":true,"href":"https:\/\/latecordoba.com\/index.php\/wp-json\/wp\/v2\/tags?post=18666"}],"curies":[{"name":"wp","href":"https:\/\/api.w.org\/{rel}","templated":true}]}}