{"id":18664,"date":"2023-11-27T21:57:16","date_gmt":"2023-11-27T21:57:16","guid":{"rendered":"https:\/\/radioritmo.com.ar\/?p=15137"},"modified":"2023-11-27T21:57:16","modified_gmt":"2023-11-27T21:57:16","slug":"banda-xxi-y-el-polaco-la-verdad-detras-de-su-pelea-y-un-estreno","status":"publish","type":"post","link":"https:\/\/latecordoba.com\/index.php\/2023\/11\/27\/banda-xxi-y-el-polaco-la-verdad-detras-de-su-pelea-y-un-estreno\/","title":{"rendered":"Banda XXI y El Polaco: la verdad detr\u00e1s de su pelea y un estreno"},"content":{"rendered":"\n<div><img decoding=\"async\" src=\"http:\/\/latecordoba.com\/wp-content\/uploads\/2023\/11\/banda-xxi-y-el-polaco-la-verdad-detras-de-su-pelea-y-un-estreno.jpg\" class=\"ff-og-image-inserted\"><\/div>\n<p>El lanzamiento de \u201cTututu Tatata\u201d aclar\u00f3 el motivo de la pol\u00e9mica discusi\u00f3n entre los artistas.<\/p>\n<p>Lleg\u00f3 el \u00faltimo finde de noviembre y los bailarines no ven la hora de&nbsp;<a href=\"https:\/\/eldoce.tv\/cuarteteando\/agenda\" target=\"_blank\" rel=\"noopener noreferrer\"><strong>estar en el baile<\/strong><\/a>&nbsp;para mover los pep\u00e9s. Para cerrar la semana al mejor estilo cordob\u00e9s,&nbsp;<strong>Banda XXI<\/strong>&nbsp;present\u00f3 su nuevo tema y lo hizo de manera sorpresiva:&nbsp;<strong>un feat con El Polaco.<\/strong><\/p>\n<p>En los \u00faltimos d\u00edas, el cumbiero y Lucho Castro&nbsp;<a href=\"https:\/\/eldoce.tv\/cuarteteando\/cordoba-cuarteto-polaco-banda-xxi-cruzaron-robo-una-cancion_158641\" target=\"_blank\" rel=\"noopener noreferrer\"><strong>protagonizaron una \u201cpelea\u201d en Instagram<\/strong><\/a>&nbsp;que dej\u00f3 mucho de qu\u00e9 hablar en redes. Ambos m\u00fasicos se hab\u00edan acusado mutuamente de robarse una canci\u00f3n. Con el estreno de&nbsp;<em><strong>Tututu Tatata<\/strong><\/em>&nbsp;aclararon que&nbsp;<strong>todo se trat\u00f3 de la promoci\u00f3n del nuevo material.<\/strong><\/p>\n<p>El tema fue presentado con un videoclip de alta producci\u00f3n audiovisual del cual form\u00f3 parte&nbsp;<strong>Yanina Latorre<\/strong>. En el film Lucho y El Polaco se encuentran en un programa de chimentos siendo parte de un acalorado entredicho.<\/p>\n<p><strong>Una relaci\u00f3n de largos a\u00f1os<\/strong><\/p>\n<p>La relaci\u00f3n entre la XXI y El Polaco no es para nada nueva. En sus comienzos en la m\u00fasica y el cantante bonaerense mantuvo una muy&nbsp;<a href=\"https:\/\/eldoce.tv\/cuarteteando\/cordoba-cuarteto-walter-romero-relacion-el-polaco-karina_154673\" target=\"_blank\" rel=\"noopener noreferrer\"><strong>buena relaci\u00f3n con Walter Romero<\/strong><\/a>. Meses atr\u00e1s cont\u00f3 que el d\u00eda que conoci\u00f3 a&nbsp;<strong>Karina<\/strong>, quien luego fue su pareja, se encontraba junto al de<strong>&nbsp;R\u00edo Cuarto.<\/strong><\/p>\n","protected":false},"excerpt":{"rendered":"<p> El lanzamiento de &#8220;Tututu Tatata&#8221; aclar\u00f3 el motivo de la pol\u00e9mica discusi\u00f3n entre los artistas. Lleg\u00f3 el \u00faltimo finde de noviembre y los bailarines no ven la hora de\u00a0estar en el baile\u00a0para mover los pep\u00e9s. Para cerrar la semana al mejor estilo cordob\u00e9s,\u00a0Banda XXI\u00a0present\u00f3 su nuevo tema y lo hizo de manera sorpresiva:\u00a0un feat con &#8230;  <\/p>\n","protected":false},"author":1,"featured_media":18665,"comment_status":"closed","ping_status":"closed","sticky":false,"template":"","format":"standard","meta":[],"categories":[20],"tags":[],"_links":{"self":[{"href":"https:\/\/latecordoba.com\/index.php\/wp-json\/wp\/v2\/posts\/18664"}],"collection":[{"href":"https:\/\/latecordoba.com\/index.php\/wp-json\/wp\/v2\/posts"}],"about":[{"href":"https:\/\/latecordoba.com\/index.php\/wp-json\/wp\/v2\/types\/post"}],"author":[{"embeddable":true,"href":"https:\/\/latecordoba.com\/index.php\/wp-json\/wp\/v2\/users\/1"}],"replies":[{"embeddable":true,"href":"https:\/\/latecordoba.com\/index.php\/wp-json\/wp\/v2\/comments?post=18664"}],"version-history":[{"count":0,"href":"https:\/\/latecordoba.com\/index.php\/wp-json\/wp\/v2\/posts\/18664\/revisions"}],"wp:featuredmedia":[{"embeddable":true,"href":"https:\/\/latecordoba.com\/index.php\/wp-json\/wp\/v2\/media\/18665"}],"wp:attachment":[{"href":"https:\/\/latecordoba.com\/index.php\/wp-json\/wp\/v2\/media?parent=18664"}],"wp:term":[{"taxonomy":"category","embeddable":true,"href":"https:\/\/latecordoba.com\/index.php\/wp-json\/wp\/v2\/categories?post=18664"},{"taxonomy":"post_tag","embeddable":true,"href":"https:\/\/latecordoba.com\/index.php\/wp-json\/wp\/v2\/tags?post=18664"}],"curies":[{"name":"wp","href":"https:\/\/api.w.org\/{rel}","templated":true}]}}