{"id":18662,"date":"2023-11-27T13:01:08","date_gmt":"2023-11-27T13:01:08","guid":{"rendered":"https:\/\/www.puntal.com.ar\/robbie-williams\/robbie-williams-hablo-javier-milei-lo-comparo-un-auto-y-le-deseo-buena-suerte-n206119"},"modified":"2023-11-27T13:01:08","modified_gmt":"2023-11-27T13:01:08","slug":"robbie-williams-hablo-de-javier-milei-lo-comparo-con-un-auto-y-le-deseo-buena-suerte","status":"publish","type":"post","link":"https:\/\/latecordoba.com\/index.php\/2023\/11\/27\/robbie-williams-hablo-de-javier-milei-lo-comparo-con-un-auto-y-le-deseo-buena-suerte\/","title":{"rendered":"Robbie Williams habl\u00f3 de Javier Milei, lo compar\u00f3 con un auto y le dese\u00f3 buena suerte"},"content":{"rendered":"\n<div><img decoding=\"async\" src=\"http:\/\/latecordoba.com\/wp-content\/uploads\/2023\/11\/robbie-williams-hablo-de-javier-milei-lo-comparo-con-un-auto-y-le-deseo-buena-suerte.jpg\" class=\"ff-og-image-inserted\"><\/div>\n<div class=\"cuerpo\" data-twitter-link readability=\"37\">\n<p> Actualmente, el ex Take That se encuentra en Melbourne, Australia, donde brind\u00f3 una serie de conciertos. All\u00ed, en un alto entre tema y tema, el viernes a la noche se prest\u00f3 a dialogar con el p\u00fablico presente y realiz\u00f3 un gracioso comentario sobre el presidente electo de la Argentina, Javier Milei.<\/p>\n<div contenteditable=\"false\" class=\"embed_cont type_freetext\" rel=\"freetext\" id=\"embed7685_wrap\" data-provider=\"YouTube\" readability=\"32\">\n<p> #RobbieWilliams habl\u00f3 de Javier Milei durante un concierto en Australia<span onclick=\"parent.parent.TinyMCETdcuerpo.preview_embed('embed7685')\" class=\"embed_colapse less\" id=\"embed7685_colapse\"><\/span><span onclick=\"parent.parent.TinyMCETdcuerpo.delete_embed('embed7685')\" class=\"embed_delete less\" id=\"embed7685_delete\"><\/span><\/p>\n<div id=\"embed7685_content\" class=\"embed_content\">\n<p> <iframe loading=\"lazy\" width=\"200\" height=\"113\" src=\"https:\/\/www.youtube.com\/embed\/7WnRqBeznUI?feature=oembed\" frameborder=\"0\" allow=\"accelerometer; autoplay; clipboard-write; encrypted-media; gyroscope; picture-in-picture; web-share\" allowfullscreen title=\"#RobbieWilliams habl\u00f3 de Javier Milei durante un concierto en Australia\">[embedded content]<\/iframe><\/p>\n<\/p><\/div>\n<\/p><\/div>\n<p>Mientras intercambiaba algunas palabras con una fan argentina ubicada frente al escenario, el cantante expres\u00f3: \u201cOh, nena, perd\u00f3n que no vaya. Voy a volver all\u00e1 tan pronto como pueda\u201d.<\/p>\n<p>Y agreg\u00f3: \u201cAmo a su nuevo presidente tambi\u00e9n\u201d. Despu\u00e9s, buscando la complicidad del resto del p\u00fablico, se\u00f1al\u00f3: \u201c\u00a1Dios Santo! \u00bfVieron el nuevo presidente de Argentina? Parece un auto que se invent\u00f3 en Inglaterra en los a\u00f1os setenta, con pelo\u201d.<\/p>\n<p>Luego de las risas, Williams indic\u00f3: \u201cQue dios lo bendiga y buena suerte para \u00e9l. Te amo, Argentina\u201d. El clip que retrata este divertido momento que fue primero compartido por un usuario de TikTok lleg\u00f3 tambi\u00e9n a Instagram y a X, la red social anteriormente conocida como Twitter.<\/p>\n<\/div>\n","protected":false},"excerpt":{"rendered":"<p>\nEl cantante brit\u00e1nico habl\u00f3 del presidente electo tras observar entre su p\u00fablico a una fan argentina.  <\/p>\n","protected":false},"author":1,"featured_media":18663,"comment_status":"closed","ping_status":"closed","sticky":false,"template":"","format":"standard","meta":[],"categories":[14],"tags":[],"_links":{"self":[{"href":"https:\/\/latecordoba.com\/index.php\/wp-json\/wp\/v2\/posts\/18662"}],"collection":[{"href":"https:\/\/latecordoba.com\/index.php\/wp-json\/wp\/v2\/posts"}],"about":[{"href":"https:\/\/latecordoba.com\/index.php\/wp-json\/wp\/v2\/types\/post"}],"author":[{"embeddable":true,"href":"https:\/\/latecordoba.com\/index.php\/wp-json\/wp\/v2\/users\/1"}],"replies":[{"embeddable":true,"href":"https:\/\/latecordoba.com\/index.php\/wp-json\/wp\/v2\/comments?post=18662"}],"version-history":[{"count":0,"href":"https:\/\/latecordoba.com\/index.php\/wp-json\/wp\/v2\/posts\/18662\/revisions"}],"wp:featuredmedia":[{"embeddable":true,"href":"https:\/\/latecordoba.com\/index.php\/wp-json\/wp\/v2\/media\/18663"}],"wp:attachment":[{"href":"https:\/\/latecordoba.com\/index.php\/wp-json\/wp\/v2\/media?parent=18662"}],"wp:term":[{"taxonomy":"category","embeddable":true,"href":"https:\/\/latecordoba.com\/index.php\/wp-json\/wp\/v2\/categories?post=18662"},{"taxonomy":"post_tag","embeddable":true,"href":"https:\/\/latecordoba.com\/index.php\/wp-json\/wp\/v2\/tags?post=18662"}],"curies":[{"name":"wp","href":"https:\/\/api.w.org\/{rel}","templated":true}]}}