{"id":18642,"date":"2023-11-26T23:14:56","date_gmt":"2023-11-26T23:14:56","guid":{"rendered":"https:\/\/www.diariocronica.com.ar\/noticias\/2023\/11\/26\/89523-independiente-cayo-ante-talleres-en-cordoba-y-quedo-eliminado-de-la-copa-de-la-liga"},"modified":"2023-11-26T23:14:56","modified_gmt":"2023-11-26T23:14:56","slug":"independiente-cayo-ante-talleres-en-cordoba-y-quedo-eliminado-de-la-copa-de-la-liga","status":"publish","type":"post","link":"https:\/\/latecordoba.com\/index.php\/2023\/11\/26\/independiente-cayo-ante-talleres-en-cordoba-y-quedo-eliminado-de-la-copa-de-la-liga\/","title":{"rendered":"Independiente cay\u00f3 ante Talleres en C\u00f3rdoba y qued\u00f3 eliminado de la Copa de la Liga"},"content":{"rendered":"\n<div class=\"media_block\"><a href=\"http:\/\/latecordoba.com\/wp-content\/uploads\/2023\/11\/independiente-cayo-ante-talleres-en-cordoba-y-quedo-eliminado-de-la-copa-de-la-liga.jpg\"><img decoding=\"async\" src=\"http:\/\/latecordoba.com\/wp-content\/uploads\/2023\/11\/independiente-cayo-ante-talleres-en-cordoba-y-quedo-eliminado-de-la-copa-de-la-liga.jpg\" class=\"media_thumbnail\"><\/a><\/div>\n<div><img decoding=\"async\" src=\"http:\/\/latecordoba.com\/wp-content\/uploads\/2023\/11\/independiente-cayo-ante-talleres-en-cordoba-y-quedo-eliminado-de-la-copa-de-la-liga-1.jpg\" class=\"ff-og-image-inserted\"><\/div>\n<p>\nEl equipo de Carlos Tevez, que se salv\u00f3 del descenso, cay\u00f3 por 3 a 2 y tras el triunfo de Rosario Central sobre Arsenal, no pudo acceder al play-off.\n<\/p>\n<div readability=\"128\">\n<p><strong>Independiente&nbsp;tuvo un partido para el olvido en la derrota frente Talleres de C\u00f3rdoba por 3 a 2,<\/strong>&nbsp;en el estadio Mario Alberto Kempes,&nbsp;<strong>y no pudo lograr la clasificaci\u00f3n a la pr\u00f3xima instancia de la Copa de la Liga Profesional 2023, en el marco de la \u00faltima fecha de la Zona A.<\/strong><\/p>\n<p><strong>Rodrigo Garro,<\/strong>&nbsp;a los 42 minutos del primer tiempo,<strong>&nbsp;Valent\u00edn Depietri,<\/strong>&nbsp;a los 18 del complemento,&nbsp;<strong>y Ram\u00f3n Sosa<\/strong>, a los 22 de la segunda etapa,<strong>&nbsp;le dieron el triunfo al equipo de C\u00f3rdoba,<\/strong>&nbsp;mientras que en la visita descontaron en el segundo tiempo&nbsp;<strong>Alexis Canelo<\/strong>, a los 39,&nbsp;<strong>y Mat\u00edas Gim\u00e9nez,<\/strong>&nbsp;a los 44.<\/p>\n<p>Con este resultado,&nbsp;<strong>el equipo de Avellaneda qued\u00f3 eliminado de la Copa de la Liga Profesional, ya que se ubic\u00f3 en la quinta posici\u00f3n por el triunfo de Rosario Central y no puedo acceder al play-off<\/strong>, mientras que&nbsp;<strong>Talleres se asegur\u00f3 un lugar en la Copa Libertadores 2024.<\/strong><\/p>\n<p>El encuentro comenz\u00f3 torcido para Independiente en su visita a&nbsp;C\u00f3rdoba, ya que las noticias que le llegaron desde Sarand\u00ed y Tucum\u00e1n&nbsp;con los triunfos parciales de Rosario Central y Hurac\u00e1n, le&nbsp;pusieron la soga al cuello de si o si lograr al menos un empate.<\/p>\n<p>En el juego,&nbsp;<strong>el equipo de Carlos Tevez tampoco demostr\u00f3 tener&nbsp;una buena tarde, ya que no logr\u00f3 dar en la talla de lo que pidi\u00f3&nbsp;el encuentro<\/strong>: sus delanteros no gravitaron, el mediocampo se vio&nbsp;superado en todo momento y la defensa sufri\u00f3 lo embates de su&nbsp;rival por el sector de Julio Buffarini.<\/p>\n<p><strong>Lo m\u00e1s destacable de Independiente fue el arquero Rodrigo Rey<\/strong>, quien intervino en tres acciones claras que tuvo Talleres,&nbsp;<strong>pero&nbsp;nada pudo hacer ante el espectacular tiro libre de Garro para&nbsp;hacer justicia y poner el 1 a 0<\/strong>&nbsp;a favor del equipo de C\u00f3rdoba, que&nbsp;se fue con la merecida ventaja al descanso.<\/p>\n<p>En el complemento, el cuadro de Avellaneda intent\u00f3 tomar otra postura con el ingreso de&nbsp;<strong>Santiago Toloza<\/strong>&nbsp;y as\u00ed buscar la igualdad, pero el flojo nivel de la defensa qued\u00f3 evidenciado cuando<strong>&nbsp;Depietri<\/strong>&nbsp;pudo ampliar la ventaja para Talleres, pero la intervenci\u00f3n del VAR anul\u00f3 la conquista.<\/p>\n<p>Sin embargo, el delantero<strong>&nbsp;tuvo su revancha minutos m\u00e1s tarde,<\/strong>&nbsp;ya que tras&nbsp;<strong>una notable acci\u00f3n individual<\/strong>&nbsp;de Sosa,<strong>&nbsp;le permiti\u00f3 dominar y resolver de media vuelta para firmar el 2 a 0<\/strong>&nbsp;pese al esfuerzo de Rodrigo Rey.<\/p>\n<p><strong>El clima de partido liquidado se sent\u00eda en C\u00f3rdoba y el paraguayo Sosa lo confirm\u00f3 despu\u00e9s de una corrida memorable, y una exquisita definici\u00f3n por encima del arquero Rey para el 3 a 0.<\/strong><\/p>\n<p><strong>Pero a\u00fan quedaba un cap\u00edtulo m\u00e1s:<\/strong>&nbsp;el local se relaj\u00f3 en los \u00faltimos minutos e&nbsp;<strong>Independiente reaccion\u00f3 para lograr un doble descuento por medio de Canelo y Gim\u00e9nez.&nbsp;<\/strong>Y&nbsp;aunque el encuentro lleg\u00f3 a su pico m\u00e1ximo de nerviosismo,&nbsp;<strong>finalmente no hubo milagro para los de Avellaneda y la historia finaliz\u00f3 3 a 2.<\/strong><\/p>\n<p>El equipo de Tevez, que pele\u00f3 gran parte del certamen por no descender a la Primera Nacional, coquete\u00f3 en varias oportunidades con avanzar a la siguiente instancia, pero su dura derrota y el triunfo de Rosario Central ante Arsenal, lo dejaron sin t\u00edtulos en esta temporada y sin copas internacionales durante 2024.<\/p>\n<h4><strong>La siguiente es la s\u00edntesis del encuentro<\/strong><br \/><strong><\/strong><\/h4>\n<p><strong>Copa de la Liga Profesional 2023.<\/strong><br \/><strong>Fecha 14 \u2013 Zona A.<\/strong><br \/><strong>Talleres (3) &#8211; (2) Independiente.<\/strong><br \/><strong>Estadio:<\/strong>&nbsp;Mario Alberto Kempes.<br \/><strong>\u00c1rbitro:<\/strong>&nbsp;Hern\u00e1n Mastr\u00e1ngelo.<br \/><strong>VAR:<\/strong>&nbsp;Jorge Bali\u00f1o.<\/p>\n<p><strong>Talleres:<\/strong>&nbsp;Guido Herrera; Gast\u00f3n Benav\u00eddez, Mat\u00edas Catal\u00e1n, Juan&nbsp;Rodr\u00edguez, Juan Carlos Portillo; Rodrigo Villagra, Blas Riveros;&nbsp;Rodrigo Garro, Lautaro Ovando, Ram\u00f3n Sosa; Valent\u00edn Depietri.&nbsp;<strong>DT:<\/strong>&nbsp;Javier Gandolfi.<\/p>\n<p><strong>Independiente:<\/strong>&nbsp;Rodrigo Rey; Julio Buffarini, Javier B\u00e1ez,&nbsp;Joaqu\u00edn Laso, Dami\u00e1n P\u00e9rez; Federico Mancuello, Iv\u00e1n Marcone,&nbsp;Lucas Gonz\u00e1lez; Alexis Canelo, Mat\u00edas Gim\u00e9nez y Braian Mart\u00ednez.&nbsp;<strong>DT:<\/strong>&nbsp;Carlos Tevez.<\/p>\n<p><strong>Gol en el primer tiempo:<\/strong>&nbsp;42m Rodrigo Garro (T).<\/p>\n<p><strong>Goles en el segundo tiempo:<\/strong>&nbsp;18m Valent\u00edn Depietri (T), 22m Ram\u00f3n Sosa (T), 39m Alexis Canelo (I), 44m Mat\u00edas Gim\u00e9nez (I).<\/p>\n<p><strong>Cambios en el segundo tiempo:<\/strong>&nbsp;al inicio Santiago Toloza por&nbsp;Mart\u00ednez (I); 12m Kevin L\u00f3pez por \u00e2\u0087\u0086 Gonz\u00e1lez (I), Javier Ruiz por Mancuello (I); 18m Nahuel Bustos por Depietri (T), Bruno Barticciotto por Ovando (T); 31m Mat\u00edas G\u00f3mez por Garro (T); 63&#8242; N. Bustos \u00e2\u0087\u0086 V. Depietri; 63&#8242; B. Barticciotto \u00e2\u0087\u0086 L. Ovando; 45m Lucas Su\u00e1rez por Sosa (T), Mart\u00edn Cauteruccio por Buffarini (I). (NA)<\/p>\n<\/div>\n","protected":false},"excerpt":{"rendered":"\n<div class=\"media_block\"><a href=\"http:\/\/latecordoba.com\/wp-content\/uploads\/2023\/11\/independiente-cayo-ante-talleres-en-cordoba-y-quedo-eliminado-de-la-copa-de-la-liga.jpg\"><img decoding=\"async\" src=\"http:\/\/latecordoba.com\/wp-content\/uploads\/2023\/11\/independiente-cayo-ante-talleres-en-cordoba-y-quedo-eliminado-de-la-copa-de-la-liga.jpg\" class=\"media_thumbnail\"><\/a><\/div>\n<p>El equipo de Carlos Tevez, que se salv\u00f3 del descenso, cay\u00f3 por 3 a 2 y tras el triunfo de Rosario Central sobre Arsenal, no pudo acceder al play-off. <\/p>\n","protected":false},"author":1,"featured_media":18643,"comment_status":"closed","ping_status":"closed","sticky":false,"template":"","format":"standard","meta":[],"categories":[17],"tags":[],"_links":{"self":[{"href":"https:\/\/latecordoba.com\/index.php\/wp-json\/wp\/v2\/posts\/18642"}],"collection":[{"href":"https:\/\/latecordoba.com\/index.php\/wp-json\/wp\/v2\/posts"}],"about":[{"href":"https:\/\/latecordoba.com\/index.php\/wp-json\/wp\/v2\/types\/post"}],"author":[{"embeddable":true,"href":"https:\/\/latecordoba.com\/index.php\/wp-json\/wp\/v2\/users\/1"}],"replies":[{"embeddable":true,"href":"https:\/\/latecordoba.com\/index.php\/wp-json\/wp\/v2\/comments?post=18642"}],"version-history":[{"count":0,"href":"https:\/\/latecordoba.com\/index.php\/wp-json\/wp\/v2\/posts\/18642\/revisions"}],"wp:featuredmedia":[{"embeddable":true,"href":"https:\/\/latecordoba.com\/index.php\/wp-json\/wp\/v2\/media\/18643"}],"wp:attachment":[{"href":"https:\/\/latecordoba.com\/index.php\/wp-json\/wp\/v2\/media?parent=18642"}],"wp:term":[{"taxonomy":"category","embeddable":true,"href":"https:\/\/latecordoba.com\/index.php\/wp-json\/wp\/v2\/categories?post=18642"},{"taxonomy":"post_tag","embeddable":true,"href":"https:\/\/latecordoba.com\/index.php\/wp-json\/wp\/v2\/tags?post=18642"}],"curies":[{"name":"wp","href":"https:\/\/api.w.org\/{rel}","templated":true}]}}