{"id":18636,"date":"2023-11-27T00:39:00","date_gmt":"2023-11-27T00:39:00","guid":{"rendered":"https:\/\/www.iprofesional.com\/economia\/393360-ministro-clave-de-milei-lanzo-una-dura-advertencia"},"modified":"2023-11-27T00:39:00","modified_gmt":"2023-11-27T00:39:00","slug":"ministro-clave-de-milei-lanzo-una-dura-advertencia-sobre-los-primeros-tramos-del-nuevo-gobierno","status":"publish","type":"post","link":"https:\/\/latecordoba.com\/index.php\/2023\/11\/27\/ministro-clave-de-milei-lanzo-una-dura-advertencia-sobre-los-primeros-tramos-del-nuevo-gobierno\/","title":{"rendered":"Ministro clave de Milei lanz\u00f3 una dura advertencia sobre los primeros tramos del nuevo gobierno"},"content":{"rendered":"\n<div class=\"media_block\"><img decoding=\"async\" src=\"http:\/\/latecordoba.com\/wp-content\/uploads\/2023\/11\/ministro-clave-de-milei-lanzo-una-dura-advertencia-sobre-los-primeros-tramos-del-nuevo-gobierno.jpg\"><\/div>\n<div id>\n<p> Sobre todo al principio del nuevo gobierno, se har\u00e1 sentir el ajuste, pero, no obstante, no se descuidar\u00e1n las necesidades sociales <\/p>\n<p>Por <strong>iProfesional<\/strong><\/p>\n<p><strong>26\/11\/2023<\/strong> &#8211; 21:39hs<\/p>\n<div class=\"image-container img-wide padding-b\"> <picture><source media=\"(min-width:650px)\" srcset=\"http:\/\/latecordoba.com\/wp-content\/uploads\/2023\/11\/ministro-clave-de-milei-lanzo-una-dura-advertencia-sobre-los-primeros-tramos-del-nuevo-gobierno.webp\" class=\"lazyload\"><source media=\"(min-width:465px)\" srcset=\"http:\/\/latecordoba.com\/wp-content\/uploads\/2023\/11\/ministro-clave-de-milei-lanzo-una-dura-advertencia-sobre-los-primeros-tramos-del-nuevo-gobierno.webp\" class=\"lazyload\"><img decoding=\"async\" loading=\"lazy\" src=\"http:\/\/latecordoba.com\/wp-content\/uploads\/2023\/11\/ministro-clave-de-milei-lanzo-una-dura-advertencia-sobre-los-primeros-tramos-del-nuevo-gobierno.webp\" class=\"lazyload\" alt=\"Ministro clave de Milei lanz\u00f3 una dura advertencia sobre los primeros tramos del nuevo gobierno\" width=\"160\" height=\"714px\"> <\/picture> <\/div>\n<\/p><\/div>\n<div readability=\"100.1977843826\">\n<p><a href=\"https:\/\/www.iprofesional.com\/politica\/393026-quien-es-el-hombre-clave-de-milei-a-gobernar\" target=\"_blank\" rel=\"noopener noreferrer\">Guillermo Francos, designado como ministro del Interior por el presidente electo<\/a>, Javier Milei, advirti\u00f3 este s\u00e1bado que la sociedad &#8220;pasar\u00e1 un momento complicado al principio&#8221; por el <strong>ajuste <\/strong>que el nuevo mandatario debe implementar, aunque luego pronostic\u00f3 que &#8220;la situaci\u00f3n se va a acomodar&#8221;.\n<\/p>\n<p>Francos, de 73 a\u00f1os, sostuvo que la prioridad del pr\u00f3ximo Ejecutivo ser\u00e1 &#8220;atender las necesidades sociales&#8221;. &#8220;Lo que sobra se va a destinar a otras cosas, como obra p\u00fablica&#8221;, sostuvo Francos. El encargado del di\u00e1logo con los gobernadores dijo que intentar\u00e1 <strong>consensuar<\/strong> algunas pol\u00edticas, como las referidas a la obra p\u00fablica, con los jefes territoriales, incluido el gobernador de Buenos Aires, Axel Kicillof, con quien se reuni\u00f3 este viernes.\n<\/p>\n<p><span>&#8220;La Argentina va a tener ingreso de d\u00f3lares. Va a haber una buena cosecha, el campo va a ser importante. Tambi\u00e9n la exportaci\u00f3n de gas, litio y petr\u00f3leo&#8221;, se entusiasm\u00f3 Francos, quien fuera el representante argentino ante el Banco Interamericano de Desarrollo (BID) del actual Gobierno hasta que Milei lo convoc\u00f3 para su campa\u00f1a.<\/span>\n<\/p>\n<p>Francos, quien conoci\u00f3 a Milei en Corporaci\u00f3n Am\u00e9rica, el grupo econ\u00f3mico dirigido por Eduardo Eurneki\u00e1n, se refiri\u00f3 a uno de los principales temas de los \u00faltimos d\u00edas: <a href=\"https:\/\/www.iprofesional.com\/finanzas\/393356-luis-caputo-ya-arma-su-equipo-economico\" target=\"_blank\" rel=\"noopener noreferrer\">el rol que tendr\u00e1 Luis &#8220;Toto&#8221; Caputo en el Gobierno. &#8220;Todav\u00eda <strong>no hay un nombramiento<\/strong> de Caputo para el ministerio de Econom\u00eda<\/a>. Hay conversaciones, pero no est\u00e1 designado a\u00fan&#8221;, expres\u00f3.\n<\/p>\n<h2>Sobre el gabinete y los ministerios de Miei<\/h2>\n<p><span>En la misma l\u00ednea, asegur\u00f3 que &#8220;no est\u00e1 resuelto que Patricia Bullrich sea ministra de Seguridad&#8221; luego de que el periodista Marcelo Bonelli, quien se encontraba en la mesa, lo dijera. <a href=\"https:\/\/www.iprofesional.com\/politica\/393229-patricia-bullrich-sera-la-ministra-de-seguridad-de-javier-milei\" target=\"_blank\" rel=\"noopener noreferrer\">La designaci\u00f3n de Bullrich, todav\u00eda no confirmada de manera oficial por el mandatario electo<\/a>, tambi\u00e9n fue otro de los temas m\u00e1s debatidos en los \u00faltimos d\u00edas. La futura vicepresidenta, Victoria Villarruel, quien hab\u00eda sido anunciada como la persona a cargo de las \u00e1reas de Seguridad y Defensa durante la campa\u00f1a, se reuni\u00f3 este viernes con autoridades policiales y subray\u00f3 que va a interactuar con ambos sectores, &#8220;m\u00e1s all\u00e1 de qui\u00e9nes sean los ministros&#8221;<\/span>.\n<\/p>\n<div class=\"imagen\" readability=\"7\"><img decoding=\"async\" loading=\"lazy\" class=\"lazyload\" src=\"http:\/\/latecordoba.com\/wp-content\/uploads\/2023\/11\/ministro-clave-de-milei-lanzo-una-dura-advertencia-sobre-los-primeros-tramos-del-nuevo-gobierno-1.jpg\" alt width=\"742.998\" height=\"442.998\"><\/p>\n<p>Francos segur\u00f3 que va consensuar con los gobernadores algunas pol\u00edticas como la obra p\u00fablica<\/p>\n<\/div>\n<p>Francos, expresidente del Banco Provincia en la gesti\u00f3n de Daniel Scioli al frente de la gobernaci\u00f3n bonaerense, sostuvo que &#8220;la idea original es que haya <strong>ocho ministerios<\/strong>; entre ocho y nueve&#8221;. &#8220;Estas cosas siempre son complejas&#8221;, reconoci\u00f3 en base a su experiencia pol\u00edtica.\n<\/p>\n<p>Mirtha Legrand le record\u00f3 que La Libertad Avanza no cuenta con gobernadores, ni intendentes y tiene pocos miembros en el Congreso. El exlegislador nacional no se mostr\u00f3 preocupado por los 37 diputados que tendr\u00e1 en una C\u00e1mara de 257 y los siete senadores sobre un total de 72. &#8220;Es un gran desaf\u00edo. En nuestra debilidad est\u00e1 la fortaleza; estamos obligados a hablar con todos los gobernadores y legisladores&#8221;, valor\u00f3. Es probable que un grupo no menor de <strong>Juntos por el Cambio<\/strong>, el referenciado en Macri y Bullrich, se sume directa o indirectamente al Gobierno o lo apoye en el Parlamento. Sin embargo, de producirse igual seguir\u00e1 siendo un grupo minoritario.\n<\/p>\n<p>En ese sentido, <a href=\"https:\/\/www.iprofesional.com\/politica\/393314-kicillof-y-una-reunion-clave-con-un-ministro-de-milei\" target=\"_blank\" rel=\"noopener noreferrer\">Francos afirm\u00f3 que tuvo &#8220;una buena conversaci\u00f3n&#8221; con Kicillof este viernes<\/a>. &#8220;Gan\u00f3 la elecci\u00f3n muy bien, respetamos la voluntad popular de la provincia de Buenos Aires. Respetamos la gesti\u00f3n que fue votada por la gente&#8221;, dijo y cont\u00f3 que la reuni\u00f3n dur\u00f3 dos horas en las que intentaron &#8220;<strong>armonizar las dos visiones<\/strong>&#8220;. Desde ambos sectores no trascendi\u00f3 que haya habido alg\u00fan inconveniente, sino que ambos destacaron la &#8220;cordialidad&#8221; del di\u00e1logo.<\/p>\n<\/p><\/div>\n","protected":false},"excerpt":{"rendered":"\n<div class=\"media_block\"><img decoding=\"async\" src=\"http:\/\/latecordoba.com\/wp-content\/uploads\/2023\/11\/ministro-clave-de-milei-lanzo-una-dura-advertencia-sobre-los-primeros-tramos-del-nuevo-gobierno.jpg\"><\/div>\n<p> Sobre todo al principio del nuevo gobierno, se har\u00e1 sentir el ajuste, pero, no obstante, no se descuidar\u00e1n las necesidades sociales <iframe width=\"0\" height=\"0\" border=\"0\"> <script> (function(i,s,o,g,r,a,m){i['GoogleAnalyticsObject']=r;i[r]=i[r]||function(){ (i[r].q=i[r].q||[]).push(arguments)},i[r].l=1*new Date();a=s.createElement(o), m=s.getElementsByTagName(o)[0];a.async=1;a.src=g;m.parentNode.insertBefore(a,m) })(window,document,'script','https:\/\/www.google-analytics.com\/analytics.js','ga'); ga('create', 'GTM-5LW5KQD', 'auto'); ga('require', 'displayfeatures'); ga('set', 'campaignSource', 'RSS Client for iProfesional'); ga('set', 'campaignMedium', 'RSS Client for iProfesional'); ga('set', {\"dataSource\": \"rss.atom.iprofesional.com\"}); ga('set', {\"referrer\": \"rss.atom.iprofesional.com\"}); ga('set', 'title', 'RSS Client for iProfesional'); ga('send', 'pageview'); <\/script> <!-- Begin comScore Tag --> <script> var _comscore = _comscore || []; _comscore.push({ c1: \"2\", c2: \"16597048\" }); (function() { var s = document.createElement(\"script\"), el = document.getElementsByTagName(\"script\")[0]; s.async = true; s.src = \"https:\/\/sb.scorecardresearch.com\/cs\/16597048\/beacon.js\"; el.parentNode.insertBefore(s, el); })(); <\/script> <noscript> <img decoding=\"async\" src=\"http:\/\/latecordoba.com\/wp-content\/uploads\/2023\/11\/ministro-clave-de-milei-lanzo-una-dura-advertencia-sobre-los-primeros-tramos-del-nuevo-gobierno.gif\"> <\/noscript> <!-- End comScore Tag --> <\/iframe> <iframe border=\"0px\" style=\"display: none\" width=0 height=0 src=\"https:\/\/www.iprofesional.com\/ga4.html?gtag_id=G-N13KWJP8BK&amp;title=Ministro clave de Milei lanz\u00f3 una dura advertencia sobre los primeros tramos del nuevo gobierno&amp;location=https:\/\/www.iprofesional.com\/economia\/393360-ministro-clave-de-milei-lanzo-una-dura-advertencia&amp;referrer=rss.atom.iprofesional.com&amp;ci=RSS Client for iProfesional&amp;cs=RSS Client for iProfesional&amp;cm=RSS&amp;cn=RSS Client for iProfesional&amp;cc=RSS Client for iProfesional\"><\/iframe>  <\/p>\n","protected":false},"author":1,"featured_media":18637,"comment_status":"closed","ping_status":"closed","sticky":false,"template":"","format":"standard","meta":[],"categories":[18],"tags":[],"_links":{"self":[{"href":"https:\/\/latecordoba.com\/index.php\/wp-json\/wp\/v2\/posts\/18636"}],"collection":[{"href":"https:\/\/latecordoba.com\/index.php\/wp-json\/wp\/v2\/posts"}],"about":[{"href":"https:\/\/latecordoba.com\/index.php\/wp-json\/wp\/v2\/types\/post"}],"author":[{"embeddable":true,"href":"https:\/\/latecordoba.com\/index.php\/wp-json\/wp\/v2\/users\/1"}],"replies":[{"embeddable":true,"href":"https:\/\/latecordoba.com\/index.php\/wp-json\/wp\/v2\/comments?post=18636"}],"version-history":[{"count":0,"href":"https:\/\/latecordoba.com\/index.php\/wp-json\/wp\/v2\/posts\/18636\/revisions"}],"wp:featuredmedia":[{"embeddable":true,"href":"https:\/\/latecordoba.com\/index.php\/wp-json\/wp\/v2\/media\/18637"}],"wp:attachment":[{"href":"https:\/\/latecordoba.com\/index.php\/wp-json\/wp\/v2\/media?parent=18636"}],"wp:term":[{"taxonomy":"category","embeddable":true,"href":"https:\/\/latecordoba.com\/index.php\/wp-json\/wp\/v2\/categories?post=18636"},{"taxonomy":"post_tag","embeddable":true,"href":"https:\/\/latecordoba.com\/index.php\/wp-json\/wp\/v2\/tags?post=18636"}],"curies":[{"name":"wp","href":"https:\/\/api.w.org\/{rel}","templated":true}]}}