{"id":18632,"date":"2023-11-23T22:17:14","date_gmt":"2023-11-23T22:17:14","guid":{"rendered":"http:\/\/www.radiourbanasf.com.ar\/?p=18287"},"modified":"2023-11-23T22:17:14","modified_gmt":"2023-11-23T22:17:14","slug":"bizarrap-gano-tres-latin-grammy-en-una-noche-inolvidable","status":"publish","type":"post","link":"https:\/\/latecordoba.com\/index.php\/2023\/11\/23\/bizarrap-gano-tres-latin-grammy-en-una-noche-inolvidable\/","title":{"rendered":"Bizarrap gan\u00f3 tres Latin Grammy en una noche inolvidable"},"content":{"rendered":"\n<div><img decoding=\"async\" src=\"http:\/\/latecordoba.com\/wp-content\/uploads\/2023\/11\/bizarrap-gano-tres-latin-grammy-en-una-noche-inolvidable.jpg\" class=\"ff-og-image-inserted\"><\/div>\n<p>El productor fue uno de los grandes triunfadores de la ceremonia. Aunque no el \u00fanico\u2026<\/p>\n<div readability=\"66\">\n<p>Emocionado y hasta quiz\u00e1s un poco sorprendido, el productor se qued\u00f3 con tres estatuillas: por&nbsp;<strong>Mejor Canci\u00f3n Urbana<\/strong>, en la que estaba nominado por la \u201cBizarrap Music Sessions, Vol. 52\u201d, junto con Quevedo;&nbsp;<strong>Mejor Canci\u00f3n Pop<\/strong>, correspondiente a la \u201cBizarrap Music Sessions, Vol. 53\u2033 que grab\u00f3 junto a Shakira; y finalmente la de&nbsp;<strong>Canci\u00f3n del A\u00f1o<\/strong>&nbsp;otra vez con la cantante colombiana.<\/p>\n<p>\u201cNo estoy acostumbrado a hablar, pero es impresionante el reconocimiento que le dan a este proyecto que empec\u00e9, en mi cuarto, con una computadora. Much\u00edsimas gracias\u201d, dijo Biza.<\/p>\n<p>Y su sonrisa, claro, fue una de las m\u00e1s buscadas en el&nbsp;Palacio de Congresos y Exposiciones de la ciudad de Sevilla, donde se hizo&nbsp;<strong>la gala de la 24\u00ba entrega de los premios Latin Grammy.<\/strong><\/p>\n<p>Hubo, claro, otras personalidades que vivieron una noche m\u00e1gica, como la propua Shakira y Karol G. Adem\u00e1s, del&nbsp;Quinteto \u00c1stor Piazzolla (se qued\u00f3 con el de Mejor \u00e1lbum de Tango),&nbsp;Nathy Peluso (coron\u00f3 en la categor\u00eda Mejor video musical versi\u00f3n corta) y&nbsp;Dante Spinetta (Mejor canci\u00f3n alternativa por \u201cEl lado oscuro del coraz\u00f3n\u201d\u201d.<\/p>\n<p><strong>La lista completa de ganadores de los Latin Grammy 2023<\/strong><\/p>\n<ul>\n<li>Mejor \u00e1lbum de pop\/rock: Juanes.<\/li>\n<li>Mejor \u00e1lbum tropical: Omara Portuondo.<\/li>\n<li>Mejor \u00e1lbum cantautor: Natalia Lafourcade \u2013 \u201cDe todas las flores\u201d.<\/li>\n<li>Mejor canci\u00f3n cantautor: Natalia Lafourcade \u2013 \u201cDe todas las flores\u201d.<\/li>\n<li>Mejor obra composici\u00f3n cl\u00e1sica contempor\u00e1nea: Paquito D\u00b4Rivera.<\/li>\n<li>Mejor \u00e1lbum de m\u00fasica cl\u00e1sica: Huascar Barradas.<\/li>\n<li>Mejor canci\u00f3n en lengua portuguesa: Tiago lorc &amp; Duda Rodrigues.<\/li>\n<li>Mejor \u00e1lbum de salsa: Grupo Niche y Orquesta Sinf\u00f3nica Nacional de Colombia.<\/li>\n<li>Mejor \u00e1lbum de pop contempor\u00e1neo en lengua portuguesa: Xenia Franca.<\/li>\n<li>Mejor \u00e1lbum de m\u00fasica sertaneja: Mar\u00edlia Mendonca.<\/li>\n<li>Mejor \u00e1lbum de rock: Molotov.<\/li>\n<li>Mejor canci\u00f3n urbana: Bizarrap y Quevedo \u2013 \u201cMusic Sessions, vol. 52\u201d.<\/li>\n<li>Mejor \u00e1lbum folcl\u00f3rico: Vicente Garc\u00eda \u2013 \u201cCamino al Sol\u201d.<\/li>\n<li>Mejor \u00e1lbum de m\u00fasica de ra\u00edces en lengua portuguesa: Gaby Amarantos \u2013 \u201cTecnoshow\u201d.<\/li>\n<li>Mejor \u00e1lbum cristiano: Eli Soares \u2013 \u201cN\u00f3s\u201d.<\/li>\n<li>Mejor dise\u00f1o de empaque: Gustavo Ram\u00edrez.<\/li>\n<li>Mejor \u00e1lbum de m\u00fasica latina para ni\u00f1os: Danilo y Chapis.<\/li>\n<li>Mejor \u00e1lbum de tango: Operation tango.<\/li>\n<li>Mejor \u00c1lbum de M\u00fasica Urbana: Karol G \u2013 \u201cMa\u00f1ana ser\u00e1 bonito\u201d.<\/li>\n<li>Mejor \u00c1lbum Vocal Pop: Julieta Venegas- \u201cTu historia\u201d.<\/li>\n<li>Mejor Canci\u00f3n pop Shakira: Bzrp y Shakira \u2013 \u201cMusic Sessions, Vol. 53\u201d.<\/li>\n<li>Mejor \u00c1lbum Vocal Pop Tradicional: Andr\u00e9s Garc\u00eda \u2013 \u201cD\u00e9cimo Cuarto\u201d.<\/li>\n<li>Mejor Fusi\u00f3n\/Interpretaci\u00f3n Urbana: Shakira y Karol G \u2013 \u201cTQG\u201d<\/li>\n<li>Mejor Interpretaci\u00f3n Reggaet\u00f3n: Tego Calder\u00f3n \u2013 \u201cLa receta\u201d.<\/li>\n<\/ul>\n<\/div>\n","protected":false},"excerpt":{"rendered":"\n<div style=\"float:right;margin:0 0 20px 20px;\"><img decoding=\"async\" width=\"150\" height=\"150\" src=\"http:\/\/latecordoba.com\/wp-content\/uploads\/2023\/11\/bizarrap-gano-tres-latin-grammy-en-una-noche-inolvidable-1.jpg\" class=\"attachment-thumbnail size-thumbnail wp-post-image\" alt=\"\" loading=\"lazy\" \/><\/div>\n<p>El productor fue uno de los grandes triunfadores de la ceremonia. Aunque no el \u00fanico&#8230; Fue el primer argentino en subir al escenario. Y uno de los grandes ganadores del d\u00eda. No hay dudas: Bizarrap se alz\u00f3 con tres premios Latin Grammy\u00a0en la ceremonia que se realiz\u00f3 en Sevilla, Espa\u00f1a. Emocionado y hasta quiz\u00e1s un &#8230;  <\/p>\n","protected":false},"author":1,"featured_media":18633,"comment_status":"closed","ping_status":"closed","sticky":false,"template":"","format":"standard","meta":[],"categories":[20],"tags":[],"_links":{"self":[{"href":"https:\/\/latecordoba.com\/index.php\/wp-json\/wp\/v2\/posts\/18632"}],"collection":[{"href":"https:\/\/latecordoba.com\/index.php\/wp-json\/wp\/v2\/posts"}],"about":[{"href":"https:\/\/latecordoba.com\/index.php\/wp-json\/wp\/v2\/types\/post"}],"author":[{"embeddable":true,"href":"https:\/\/latecordoba.com\/index.php\/wp-json\/wp\/v2\/users\/1"}],"replies":[{"embeddable":true,"href":"https:\/\/latecordoba.com\/index.php\/wp-json\/wp\/v2\/comments?post=18632"}],"version-history":[{"count":0,"href":"https:\/\/latecordoba.com\/index.php\/wp-json\/wp\/v2\/posts\/18632\/revisions"}],"wp:featuredmedia":[{"embeddable":true,"href":"https:\/\/latecordoba.com\/index.php\/wp-json\/wp\/v2\/media\/18633"}],"wp:attachment":[{"href":"https:\/\/latecordoba.com\/index.php\/wp-json\/wp\/v2\/media?parent=18632"}],"wp:term":[{"taxonomy":"category","embeddable":true,"href":"https:\/\/latecordoba.com\/index.php\/wp-json\/wp\/v2\/categories?post=18632"},{"taxonomy":"post_tag","embeddable":true,"href":"https:\/\/latecordoba.com\/index.php\/wp-json\/wp\/v2\/tags?post=18632"}],"curies":[{"name":"wp","href":"https:\/\/api.w.org\/{rel}","templated":true}]}}