{"id":18630,"date":"2023-11-23T22:07:08","date_gmt":"2023-11-23T22:07:08","guid":{"rendered":"https:\/\/radioritmo.com.ar\/?p=15128"},"modified":"2023-11-23T22:07:08","modified_gmt":"2023-11-23T22:07:08","slug":"qlokura-arma-la-fiesta-del-cuarteto-en-la-ciudad-de-buenos-aires","status":"publish","type":"post","link":"https:\/\/latecordoba.com\/index.php\/2023\/11\/23\/qlokura-arma-la-fiesta-del-cuarteto-en-la-ciudad-de-buenos-aires\/","title":{"rendered":"Q\u2019Lokura arma la fiesta del cuarteto en la Ciudad de Buenos Aires"},"content":{"rendered":"\n<div><img decoding=\"async\" src=\"http:\/\/latecordoba.com\/wp-content\/uploads\/2023\/11\/qlokura-arma-la-fiesta-del-cuarteto-en-la-ciudad-de-buenos-aires.jpg\" class=\"ff-og-image-inserted\"><\/div>\n<p>Ser\u00e1 el 1 de diciembre en el Estadio GEBA.<\/p>\n<div readability=\"56\">\n<p>Con Q\u2019Lokura, DJ Set by Bresh y artistas invitados, la cita es&nbsp;<strong>el pr\u00f3ximo 1 de diciembre<\/strong>, desde las 23 hasta las 3 de la ma\u00f1ana, exclusiva para mayores de 18 a\u00f1os.<\/p>\n<p>Y habr\u00e1 distintas opciones para disfrutar de lo que ser\u00e1, seg\u00fan afirman, un evento inolvidable. Empezando por el campo general, claro, para disfrutar del cuarteto en su m\u00e1xima expresi\u00f3n.<\/p>\n<p>Aunque tambi\u00e9n habr\u00e1 acceso al campo preferente, para estar en el coraz\u00f3n de la fiesta.<\/p>\n<p>Y tambi\u00e9n el VIP adrenalina, que permitir\u00e1 disfrutar del escenario desde una<strong>&nbsp;ubicaci\u00f3n privilegiada<\/strong>&nbsp;con ingreso diferencial, consumiciones de bebida sin cargo (2), y acceso a barras y ba\u00f1os exclusivos del espacio.<\/p>\n<p>Para tener muy en cuenta.<\/p>\n<\/div>\n","protected":false},"excerpt":{"rendered":"<p> Ser\u00e1 el 1 de diciembre en el Estadio GEBA. Como en C\u00f3rdona pero en Buenos Aires. S\u00ed, as\u00ed ser\u00e1\u00a0la fiesta del cuarteto, que se realizar\u00e1 en el Estadio GEBA, para cantar y bailar al aire libre al ritmo de la m\u00fasica en vivo. Con Q&#8217;Lokura, DJ Set by Bresh y artistas invitados, la cita es\u00a0el &#8230;  <\/p>\n","protected":false},"author":1,"featured_media":18631,"comment_status":"closed","ping_status":"closed","sticky":false,"template":"","format":"standard","meta":[],"categories":[20],"tags":[],"_links":{"self":[{"href":"https:\/\/latecordoba.com\/index.php\/wp-json\/wp\/v2\/posts\/18630"}],"collection":[{"href":"https:\/\/latecordoba.com\/index.php\/wp-json\/wp\/v2\/posts"}],"about":[{"href":"https:\/\/latecordoba.com\/index.php\/wp-json\/wp\/v2\/types\/post"}],"author":[{"embeddable":true,"href":"https:\/\/latecordoba.com\/index.php\/wp-json\/wp\/v2\/users\/1"}],"replies":[{"embeddable":true,"href":"https:\/\/latecordoba.com\/index.php\/wp-json\/wp\/v2\/comments?post=18630"}],"version-history":[{"count":0,"href":"https:\/\/latecordoba.com\/index.php\/wp-json\/wp\/v2\/posts\/18630\/revisions"}],"wp:featuredmedia":[{"embeddable":true,"href":"https:\/\/latecordoba.com\/index.php\/wp-json\/wp\/v2\/media\/18631"}],"wp:attachment":[{"href":"https:\/\/latecordoba.com\/index.php\/wp-json\/wp\/v2\/media?parent=18630"}],"wp:term":[{"taxonomy":"category","embeddable":true,"href":"https:\/\/latecordoba.com\/index.php\/wp-json\/wp\/v2\/categories?post=18630"},{"taxonomy":"post_tag","embeddable":true,"href":"https:\/\/latecordoba.com\/index.php\/wp-json\/wp\/v2\/tags?post=18630"}],"curies":[{"name":"wp","href":"https:\/\/api.w.org\/{rel}","templated":true}]}}