{"id":18624,"date":"2023-11-24T11:52:44","date_gmt":"2023-11-24T11:52:44","guid":{"rendered":"https:\/\/www.puntal.com.ar\/nazarena-velez\/nazarena-velez-confirmo-que-se-va-lam-n205925"},"modified":"2023-11-24T11:52:44","modified_gmt":"2023-11-24T11:52:44","slug":"nazarena-velez-confirmo-que-se-va-de-lam","status":"publish","type":"post","link":"https:\/\/latecordoba.com\/index.php\/2023\/11\/24\/nazarena-velez-confirmo-que-se-va-de-lam\/","title":{"rendered":"Nazarena V\u00e9lez confirm\u00f3 que se va de &#8220;LAM&#8221;"},"content":{"rendered":"\n<div><img decoding=\"async\" src=\"http:\/\/latecordoba.com\/wp-content\/uploads\/2023\/11\/nazarena-velez-confirmo-que-se-va-de-lam.jpg\" class=\"ff-og-image-inserted\"><\/div>\n<div class=\"cuerpo\" data-twitter-link readability=\"19\">\n<p> Se trata de <strong>Nazarena V\u00e9lez<\/strong>, la actriz y panelista que se sum\u00f3 en esta temporada al ciclo de las noches de Am\u00e9rica TV. El conductor del programa, al termino de la emisi\u00f3n de este jueves revel\u00f3 que &#8220;Quien se despide del programa es Nazarena V\u00e9lez&#8221;, dijo.<\/p>\n<p><strong>Fue entonces cuando V\u00e9lez revel\u00f3 que su decisi\u00f3n se debe a que har\u00e1 temporada de teatro junto a Gladys Florimonte. Asimismo cont\u00f3 que se trata de la obra &#8220;Dos locas de remate&#8221;. &#8220;Necesito hacer teatro, necesito laburar&#8221;, dijo Nazarena tras contar esta noticia.<\/strong><\/p>\n<div contenteditable=\"false\" class=\"embed_cont type_freetext\" rel=\"freetext\" id=\"embed3393_wrap\" data-provider=\"YouTube\" readability=\"32\">\n<p> Nazarena V\u00e9lez se despide de LAM y explic\u00f3 los motivos<span onclick=\"parent.parent.TinyMCETdcuerpo.preview_embed('embed3393')\" class=\"embed_colapse less\" id=\"embed3393_colapse\"><\/span><span onclick=\"parent.parent.TinyMCETdcuerpo.delete_embed('embed3393')\" class=\"embed_delete less\" id=\"embed3393_delete\"><\/span><\/p>\n<div id=\"embed3393_content\" class=\"embed_content\">\n<p> <iframe loading=\"lazy\" width=\"200\" height=\"113\" src=\"https:\/\/www.youtube.com\/embed\/2d0LV20-EZ8?feature=oembed\" frameborder=\"0\" allow=\"accelerometer; autoplay; clipboard-write; encrypted-media; gyroscope; picture-in-picture; web-share\" allowfullscreen title=\"Nazarena V\u00e9lez se despide de LAM y explic\u00f3 los motivos\">[embedded content]<\/iframe><\/p>\n<\/p><\/div>\n<\/p><\/div>\n<\/p><\/div>\n","protected":false},"excerpt":{"rendered":"<p>\nLa panelista del ciclo de Am\u00e9rica TV confirm\u00f3 la noticia que hab\u00eda sido adelantada por Laura Ubfal.  <\/p>\n","protected":false},"author":1,"featured_media":18625,"comment_status":"closed","ping_status":"closed","sticky":false,"template":"","format":"standard","meta":[],"categories":[14],"tags":[],"_links":{"self":[{"href":"https:\/\/latecordoba.com\/index.php\/wp-json\/wp\/v2\/posts\/18624"}],"collection":[{"href":"https:\/\/latecordoba.com\/index.php\/wp-json\/wp\/v2\/posts"}],"about":[{"href":"https:\/\/latecordoba.com\/index.php\/wp-json\/wp\/v2\/types\/post"}],"author":[{"embeddable":true,"href":"https:\/\/latecordoba.com\/index.php\/wp-json\/wp\/v2\/users\/1"}],"replies":[{"embeddable":true,"href":"https:\/\/latecordoba.com\/index.php\/wp-json\/wp\/v2\/comments?post=18624"}],"version-history":[{"count":0,"href":"https:\/\/latecordoba.com\/index.php\/wp-json\/wp\/v2\/posts\/18624\/revisions"}],"wp:featuredmedia":[{"embeddable":true,"href":"https:\/\/latecordoba.com\/index.php\/wp-json\/wp\/v2\/media\/18625"}],"wp:attachment":[{"href":"https:\/\/latecordoba.com\/index.php\/wp-json\/wp\/v2\/media?parent=18624"}],"wp:term":[{"taxonomy":"category","embeddable":true,"href":"https:\/\/latecordoba.com\/index.php\/wp-json\/wp\/v2\/categories?post=18624"},{"taxonomy":"post_tag","embeddable":true,"href":"https:\/\/latecordoba.com\/index.php\/wp-json\/wp\/v2\/tags?post=18624"}],"curies":[{"name":"wp","href":"https:\/\/api.w.org\/{rel}","templated":true}]}}