{"id":18618,"date":"2023-11-26T15:38:23","date_gmt":"2023-11-26T15:38:23","guid":{"rendered":"http:\/\/44fe675213ac76c2c16368e1f8c33077"},"modified":"2023-11-26T15:38:23","modified_gmt":"2023-11-26T15:38:23","slug":"marra-empieza-a-jugar-en-el-armado-macrista-de-boca","status":"publish","type":"post","link":"https:\/\/latecordoba.com\/index.php\/2023\/11\/26\/marra-empieza-a-jugar-en-el-armado-macrista-de-boca\/","title":{"rendered":"Marra empieza a jugar en el armado macrista de Boca"},"content":{"rendered":"\n<div class=\"media_block\"><img decoding=\"async\" src=\"http:\/\/latecordoba.com\/wp-content\/uploads\/2023\/11\/marra-empieza-a-jugar-en-el-armado-macrista-de-boca.jpg\"><\/div>\n<p dir=\"ltr\">Eclipsada todav\u00eda por el balotaje presidencial, la disputa electoral en Boca atrae a distintos actores de la pol\u00edtica nacional. Sucede en los dos frentes: tanto en el macrismo como en el riquelmismo.&nbsp;<\/p>\n<p dir=\"ltr\">Una de las novedades de este men\u00fa es la incursi\u00f3n de Ramiro Marra, el excandidato a jefe de Gobierno de la Ciudad de Buenos Aires por La Libertad Avanza, que luego de su desilusi\u00f3n por el c\u00f3modo tercer puesto en que qued\u00f3 en octubre, se ocup\u00f3 del cierre de la campa\u00f1a de Javier Milei y de aceitar relaciones en el club del que es hincha.<\/p>\n<p dir=\"ltr\"><a href=\"https:\/\/www.lapoliticaonline.com\/tools\/redirect.php?t=3&amp;i=275141&amp;s=e82c8a60bbc811af36c14dfb66c20442\" class=\"link-type-content content-type-noticia-ar\">Una encuesta ubica a Riquelme diez puntos arriba de Macri en la pelea por Boca<\/a><\/p>\n<p dir=\"ltr\">En La Libertad Avanza, e incluso en el c\u00edrculo de Milei, definen a Marra como uno de sus armadores en la campa\u00f1a de Boca, algo que se valida en reuniones privadas y en algunas expresiones p\u00fablicas, como el retuit al anuncio de Macri -el 13 de noviembre- de que iba a participar junto a Ibarra en los comicios del 2 de diciembre en la Bombonera.<\/p>\n<p dir=\"ltr\" class=\"authorquote\">En La Libertad Avanza, e incluso en el c\u00edrculo de Milei, definen a Marra como uno de sus armadores en la campa\u00f1a de Boca, algo que se valida en reuniones privadas y en algunas expresiones p\u00fablicas, como el retuit al anuncio de Macri -el 13 de noviembre- de que iba a participar junto a Ibarra en los comicios del 2 de diciembre en la Bombonera<\/p>\n<p>En simult\u00e1neo a las semanas de ostracismo y depresi\u00f3n del trader y youtuber financiero, Macri cerr\u00f3 su acuerdo con Milei y reforz\u00f3 su participaci\u00f3n en la mesa operativa que impulsa la candidatura de Andr\u00e9s Ibarra a la presidencia xeneize.&nbsp;<\/p>\n<p><a href=\"https:\/\/www.lapoliticaonline.com\/tools\/redirect.php?t=3&amp;i=274619&amp;s=52feaaccd84bc53f6a09ef3d44cf392e\" class=\"link-type-content content-type-noticia-ar\">Macri ahora va por Boca y viaja a Dubai para buscar fondos para el nuevo estadio<\/a><\/p>\n<p dir=\"ltr\">En esa mesa tallan, entre otros, el abogado Javier Med\u00edn; el vicepresidente primero del Consejo de la Magistratura de la Ciudad de Buenos Aires, Francisco Quintana; el economista Daniel Artana (uno de los validados por el libertario para integrar un eventual gobierno); y, desde hace algunas semanas, Daniel Angelici.<\/p>\n<p dir=\"ltr\">Hasta hace un mes, ni Milei ni nadie de la LLA ten\u00eda en su agenda el f\u00fatbol. Pero, de a poco, empezaron a demostrar sus intenciones de abrirle el juego a las Sociedades An\u00f3nimas Deportivas y a expresarse sobre el futuro pol\u00edtico de Boca. &#8220;Si el ingeniero Macri considera que yo puedo ser de utilidad para recobrar la grandeza y el brillo que tuvo Boca durante su gesti\u00f3n, no tengo problema en ayudarlo, obviamente&#8221;, le dijo a Radio Continental. La entrada de Marra a la esfera macrista xeneize debe leerse en esa l\u00ednea. <\/p>\n<figure class=\"vsmimage\" contenteditable=\"false\"><img decoding=\"async\" loading=\"lazy\" alt=\"Marra empieza a jugar en el armado macrista de Boca\" data-vsmid=\"208997\" data-owidth=\"3000\" data-oheight=\"2023\" src=\"data:image\/png;base64,iVBORw0KGgoAAAANSUhEUgAAAx4AAAIXAQMAAAAojBoBAAAAA1BMVEUAAACnej3aAAAAAXRSTlMAQObYZgAAAEtJREFUeJztwTEBAAAAwqD1T20LL6AAAAAAAAAAAAAAAAAAAAAAAAAAAAAAAAAAAAAAAAAAAAAAAAAAAAAAAAAAAAAAAAAAAAAAOBvTEwABYBnU6wAAAABJRU5ErkJggg==\" vsmidos=\"1\" vsmsrc=\"\/files\/image\/208\/208997\/655e798e792bc_798_535!.jpg?s=9486916a2abc44ac3f294a331a3c32f3&amp;d=1701013390\" width=\"798\" height=\"535\"><\/figure>\n<p dir=\"ltr\">&#8220;No hay un desembarco de LLA en Boca, sino un apoyo inorg\u00e1nico de Marra a la f\u00f3rmula&#8221;, le define un dirigente a LPO. En esa mesa operativa que comandan Ibarra y Macri tambi\u00e9n participa Edgardo Alifraco, legislador porte\u00f1o electo de LLA, referente del MID de la Ciudad y presidente de la Agrupaci\u00f3n SuperBoca, una de las nueve que se encolumnaron detr\u00e1s del exministro de Modernizaci\u00f3n.&nbsp;<\/p>\n<p dir=\"ltr\" class=\"authorquote\" title=\"Fuentes de LLA.\">No hay un desembarco de LLA en Boca, sino un apoyo inorg\u00e1nico de Marra a la f\u00f3rmula<\/p>\n<p dir=\"ltr\">Alifraco integr\u00f3 la comisi\u00f3n directiva cuando Macri asumi\u00f3 por primera vez en Boca, en diciembre de 1995, y estuvo en el tercer lugar en la boleta que encabez\u00f3 Marra. <\/p>\n<p dir=\"ltr\">Marra es hincha, socio y abonado de Boca. Y ya tiene alg\u00fan v\u00ednculo con el f\u00fatbol: desde febrero de este a\u00f1o, su empresa, Bull Market Brokers, es el principal sponsor de San Telmo, el club del barrio de sus padres.<\/p>\n","protected":false},"excerpt":{"rendered":"\n<div class=\"media_block\"><img decoding=\"async\" src=\"http:\/\/latecordoba.com\/wp-content\/uploads\/2023\/11\/marra-empieza-a-jugar-en-el-armado-macrista-de-boca.jpg\"><\/div>\n<p>El excandidato a alcalde porte\u00f1o mete la cu\u00f1a libertaria como parte del acuerdo Macri-Milei.  <\/p>\n","protected":false},"author":1,"featured_media":18619,"comment_status":"closed","ping_status":"closed","sticky":false,"template":"","format":"standard","meta":[],"categories":[18],"tags":[],"_links":{"self":[{"href":"https:\/\/latecordoba.com\/index.php\/wp-json\/wp\/v2\/posts\/18618"}],"collection":[{"href":"https:\/\/latecordoba.com\/index.php\/wp-json\/wp\/v2\/posts"}],"about":[{"href":"https:\/\/latecordoba.com\/index.php\/wp-json\/wp\/v2\/types\/post"}],"author":[{"embeddable":true,"href":"https:\/\/latecordoba.com\/index.php\/wp-json\/wp\/v2\/users\/1"}],"replies":[{"embeddable":true,"href":"https:\/\/latecordoba.com\/index.php\/wp-json\/wp\/v2\/comments?post=18618"}],"version-history":[{"count":0,"href":"https:\/\/latecordoba.com\/index.php\/wp-json\/wp\/v2\/posts\/18618\/revisions"}],"wp:featuredmedia":[{"embeddable":true,"href":"https:\/\/latecordoba.com\/index.php\/wp-json\/wp\/v2\/media\/18619"}],"wp:attachment":[{"href":"https:\/\/latecordoba.com\/index.php\/wp-json\/wp\/v2\/media?parent=18618"}],"wp:term":[{"taxonomy":"category","embeddable":true,"href":"https:\/\/latecordoba.com\/index.php\/wp-json\/wp\/v2\/categories?post=18618"},{"taxonomy":"post_tag","embeddable":true,"href":"https:\/\/latecordoba.com\/index.php\/wp-json\/wp\/v2\/tags?post=18618"}],"curies":[{"name":"wp","href":"https:\/\/api.w.org\/{rel}","templated":true}]}}