{"id":18616,"date":"2023-11-26T17:21:24","date_gmt":"2023-11-26T17:21:24","guid":{"rendered":"https:\/\/viapais.com.ar\/urbano\/primavera-sound-2023-ante-55-mil-personas-dillom-y-the-cure-cerraron-la-primera-noche\/"},"modified":"2023-11-26T17:21:24","modified_gmt":"2023-11-26T17:21:24","slug":"primavera-sound-2023-ante-55-mil-personas-dillom-y-the-cure-cerraron-la-primera-noche","status":"publish","type":"post","link":"https:\/\/latecordoba.com\/index.php\/2023\/11\/26\/primavera-sound-2023-ante-55-mil-personas-dillom-y-the-cure-cerraron-la-primera-noche\/","title":{"rendered":"Primavera Sound 2023: ante 55 mil personas, Dillom y The Cure cerraron la primera noche"},"content":{"rendered":"\n<p>El <a href=\"https:\/\/viapais.com.ar\/urbano\/primavera-sound-2023-apertura-de-puertas-horarios-de-cada-artista-y-como-llegar\/\" target=\"_blank\" rel=\"noopener\"><b>Primavera Sound<\/b><\/a> tuvo un cierre \u00e9pico en su primera noche del 25 y se espera otra jornada hist\u00f3rica para el domingo 26 de noviembre con m\u00e1s de 20 artistas nacionales e internacionales en los cuatros escenarios que est\u00e1n repartidos en el predio del Parque Sarmiento.<\/p>\n<article class=\"article card \">\n<div class=\"article-inner \">\n<div class=\"article-image \"><a href=\"https:\/\/viapais.com.ar\/gourmet\/primavera-sound-2023-estos-son-los-precios-y-las-opciones-en-gastronomia\/\" title=\"Primavera Sound 2023: estos son los precios y las opciones en gastronom\u00eda\"><\/p>\n<figure><picture><img alt=\"Primavera Sound 2023: estos son los precios y las opciones en gastronom\u00eda\" class=\" block \" src=\"http:\/\/latecordoba.com\/wp-content\/uploads\/2023\/11\/primavera-sound-2023-ante-55-mil-personas-dillom-y-the-cure-cerraron-la-primera-noche.jpg\" sizes=\"auto\" loading=\"lazy\" data-src=\"http:\/\/latecordoba.com\/wp-content\/uploads\/2023\/11\/primavera-sound-2023-ante-55-mil-personas-dillom-y-the-cure-cerraron-la-primera-noche.jpg\" width=\"307px\" fetchpriority=\"low\" decoding=\"async\" height=\"173px\"><\/picture><\/figure>\n<p><\/a><\/div>\n<\/div>\n<\/article>\n<p>La primera jornada de esta segunda edici\u00f3n comenz\u00f3 pasada las 15 horas con <b>Fantasmagor\u00eda <\/b>encargada de abrir el d\u00eda uno del festival en el&nbsp;\u201cStage Primavera\u201d, luego sigui\u00f3 <b>Massacre<\/b> y <b>Conociendo Rusia.<\/b><\/p>\n<figure><picture><img alt=\"R\u00f3is\u00edn Murphy en la primera noche del Primavera Sound\" class=\" block \" src=\"http:\/\/latecordoba.com\/wp-content\/uploads\/2023\/11\/primavera-sound-2023-ante-55-mil-personas-dillom-y-the-cure-cerraron-la-primera-noche-1.jpg\" sizes=\"auto\" loading=\"lazy\" data-src=\"http:\/\/latecordoba.com\/wp-content\/uploads\/2023\/11\/primavera-sound-2023-ante-55-mil-personas-dillom-y-the-cure-cerraron-la-primera-noche-1.jpg\" width=\"1023px\" fetchpriority=\"low\" decoding=\"async\" height=\"1278px\"><\/picture><figcaption class>R\u00f3is\u00edn Murphy en la primera noche del Primavera Sound Foto: instagram\/primaverasound<\/figcaption><\/figure>\n<p>En paralelo, en el escenario \u201cHeineken\u201d, abri\u00f3 la jornada<b> Mi amigo Invencible <\/b>y <b>Black Midi<\/b>. Por otro lado, <b>Ferm\u00edn <\/b>fue el encargado de inaugurar el \u201cStage Barcelona\u201d seguido de <b>Just Mustard<\/b>, <b>Richard Coleman &amp; TSE<\/b>, <b>Slowdive<\/b>, <b>R\u00f3is\u00edn Murphy<\/b> y con el cierre a puro baile con <b>DJ Kezla<\/b>.<\/p>\n<figure><picture><img alt=\"la primera noche del Primavera Sound\" class=\" block \" src=\"http:\/\/latecordoba.com\/wp-content\/uploads\/2023\/11\/primavera-sound-2023-ante-55-mil-personas-dillom-y-the-cure-cerraron-la-primera-noche-2.jpg\" sizes=\"auto\" loading=\"lazy\" data-src=\"http:\/\/latecordoba.com\/wp-content\/uploads\/2023\/11\/primavera-sound-2023-ante-55-mil-personas-dillom-y-the-cure-cerraron-la-primera-noche-2.jpg\" width=\"1023px\" fetchpriority=\"low\" decoding=\"async\" height=\"1278px\"><\/picture><figcaption class>la primera noche del Primavera Sound Foto: instagram\/primaverasoundbuenos<\/figcaption><\/figure>\n<p>En el escenario \u201cNobody is Normal\u201d tambi\u00e9n se vivi\u00f3 con los \u00e9xitos de <b>Hombres Bien<\/b>, <b>Ronpe 99<\/b>, <b>Las Tussi<\/b>, <b>K4<\/b>, y al caer la noche se presentaron <b>Akim 88<\/b> y <b>Pac\u00edfica<\/b>.<\/p>\n<h2 class>De la previa de \u00c9l Mat\u00f3 y Dillom al gran cierre de The Cure<\/h2>\n<p>Sin dudas, las presentaciones m\u00e1s esperadas, comenzaron cayendo la tarde en los escenarios \u201cHeineken\u201d y \u201cPrimavera\u201d, con la llegada de <b>\u00c9l Mat\u00f3 a un Polic\u00eda Motorizado<\/b>, en la que el p\u00fablico cant\u00f3 al ritmo de <b>\u201cTantas cosas buenas\u201d, \u201cDiamante roto\u201d, \u201cEl Tesoro\u201d, \u201cFuego\u201d,&nbsp;\u201cMi pr\u00f3ximo movimiento\u201d<\/b>, entre otras canciones que se extendieron a lo largo de una hora.<\/p>\n<figure><picture><img alt=\"\u00c9l Mat\u00f3 a un Polic\u00eda Motorizado en el Primavera Sound\" class=\" block \" src=\"http:\/\/latecordoba.com\/wp-content\/uploads\/2023\/11\/primavera-sound-2023-ante-55-mil-personas-dillom-y-the-cure-cerraron-la-primera-noche-3.jpg\" sizes=\"auto\" loading=\"lazy\" data-src=\"http:\/\/latecordoba.com\/wp-content\/uploads\/2023\/11\/primavera-sound-2023-ante-55-mil-personas-dillom-y-the-cure-cerraron-la-primera-noche-3.jpg\" width=\"1023px\" fetchpriority=\"low\" decoding=\"async\" height=\"504px\"><\/picture><figcaption class>\u00c9l Mat\u00f3 a un Polic\u00eda Motorizado en el Primavera Sound Foto: EMMANUEL FERNANDEZ<\/figcaption><\/figure>\n<p>Uno de los m\u00e1s esperados en la noche fue el rapero<b> Dillom, quien sorprendi\u00f3 con \u201cUna vela\u201d de Intoxicados y \u201cNos siguen pegando abajo\u201d de Charly Garc\u00eda<\/b>. Y la complicidad del p\u00fablico que comenz\u00f3 a cantar: \u201c\u00a1Y ya lo ve, y ya lo ve, el que no salta vot\u00f3 a Milei!\u201d.<\/p>\n<p>Entre sus covers, Dillom interpret\u00f3<b> \u201cRili Rili\u201d<\/b>, <b>\u201cOla de Suicidios\u201d<\/b>, <b>\u201cMick Jagger\u201d<\/b>, \u201c<b>Side<\/b>\u201d, \u201c<b>Pelotuda<\/b>\u201d, <b>\u201cLa Primera\u201d<\/b> y con la participaci\u00f3n de <b>Muerejoven, K4 y Quentin<\/b>. Un show que duro aproximadamente una hora de antesala a lo que ser\u00eda la llegada de <b>\u201cThe Cure\u201d<\/b>.<\/p>\n<p>Pasada las 22 horas y con una multitud concentrada frente a las pantallas y el escenario \u201cHeineken\u201d comenzaron a sonar los primeros acordes que anunciaban la presentaci\u00f3n m\u00e1s esperada de la noche, <b>\u201cThe Cure\u201d<\/b>.<\/p>\n<p>La banda liderada por Robert Smith recorri\u00f3 un amplio repertorio de 27 canciones en un show \u00fanico de m\u00e1s de dos horas y media que fue el broche de oro para la primera noche del Primavera Sound. Algunos de sus \u00e9xitos como \u201c<b>Alone<\/b>\u201d, <b>\u201cAt Night<\/b>\u201d, \u201c<b>A Forest<\/b>\u201d, \u201c<b>Desintegration<\/b>\u201d, entre otros, sonaron en el Parque Sarmiento. <\/p>\n<p>Con el aspecto g\u00f3tico que le caracteriza, Robert agradeci\u00f3 al p\u00fablico y enton\u00f3 algunos de sus canciones ic\u00f3nicas como \u201c<b>Lovesong<\/b>\u201d, \u201c<b>A Night Like This<\/b>\u201d, \u201c<b>Just Like Haven<\/b>\u201d, \u201c<b>Picture of you<\/b>\u201d.<\/p>\n<figure><picture><img alt=\"The Cure cerr\u00f3 la primera noche del Primavera Sound\" class=\" block \" src=\"http:\/\/latecordoba.com\/wp-content\/uploads\/2023\/11\/primavera-sound-2023-ante-55-mil-personas-dillom-y-the-cure-cerraron-la-primera-noche-4.jpg\" sizes=\"auto\" loading=\"lazy\" data-src=\"http:\/\/latecordoba.com\/wp-content\/uploads\/2023\/11\/primavera-sound-2023-ante-55-mil-personas-dillom-y-the-cure-cerraron-la-primera-noche-4.jpg\" width=\"1023px\" fetchpriority=\"low\" decoding=\"async\" height=\"1278px\"><\/picture><figcaption class>The Cure cerr\u00f3 la primera noche del Primavera Sound Foto: instagram\/primaverasoundbuenos <\/figcaption><\/figure>\n<article class=\"article card \">\n<div class=\"article-inner \">\n<div class=\"article-image \"><a href=\"https:\/\/viapais.com.ar\/urbano\/primavera-sound-2023-apertura-de-puertas-horarios-de-cada-artista-y-como-llegar\/\" title=\"Primavera Sound 2023: apertura de puertas, horarios de cada artista y c\u00f3mo llegar\"><\/p>\n<figure><picture><img alt=\"Primavera Sound 2023: apertura de puertas, horarios de cada artista y c\u00f3mo llegar\" class=\" block \" src=\"http:\/\/latecordoba.com\/wp-content\/uploads\/2023\/11\/primavera-sound-2023-ante-55-mil-personas-dillom-y-the-cure-cerraron-la-primera-noche.jpg\" sizes=\"auto\" loading=\"lazy\" data-src=\"http:\/\/latecordoba.com\/wp-content\/uploads\/2023\/11\/primavera-sound-2023-ante-55-mil-personas-dillom-y-the-cure-cerraron-la-primera-noche.jpg\" width=\"307px\" fetchpriority=\"low\" decoding=\"async\" height=\"173px\"><\/picture><\/figure>\n<p><\/a><\/div>\n<\/div>\n<\/article>\n<p>\u201c<b>Los ver\u00e9 de nuevo\u201d<\/b>, expres\u00f3 al artista con los ojos delineados, los labios en rojo y el pelo batido, para dejar en claro a la multitud que regresar\u00e1n pronto. La banda que tiene m\u00e1s de 40 a\u00f1os de carrera cerr\u00f3 la primera noche del festival que promete hacer de nuevo historia en la segunda jornada que ser\u00e1 el domingo 26 de noviembre. <\/p>\n","protected":false},"excerpt":{"rendered":"<p>El Primavera Sound tuvo un cierre \u00e9pico en su primera noche del 25 y se espera otra jornada hist\u00f3rica para el domingo 26 de noviembre con m\u00e1s de 20 artistas nacionales e internacionales en los cuatros escenarios que est\u00e1n repartidos en el predio del Parque Sarmiento. La primera jornada de esta segunda edici\u00f3n comenz\u00f3 pasada [&hellip;]<\/p>\n","protected":false},"author":1,"featured_media":18617,"comment_status":"closed","ping_status":"closed","sticky":false,"template":"","format":"standard","meta":[],"categories":[15],"tags":[],"_links":{"self":[{"href":"https:\/\/latecordoba.com\/index.php\/wp-json\/wp\/v2\/posts\/18616"}],"collection":[{"href":"https:\/\/latecordoba.com\/index.php\/wp-json\/wp\/v2\/posts"}],"about":[{"href":"https:\/\/latecordoba.com\/index.php\/wp-json\/wp\/v2\/types\/post"}],"author":[{"embeddable":true,"href":"https:\/\/latecordoba.com\/index.php\/wp-json\/wp\/v2\/users\/1"}],"replies":[{"embeddable":true,"href":"https:\/\/latecordoba.com\/index.php\/wp-json\/wp\/v2\/comments?post=18616"}],"version-history":[{"count":0,"href":"https:\/\/latecordoba.com\/index.php\/wp-json\/wp\/v2\/posts\/18616\/revisions"}],"wp:featuredmedia":[{"embeddable":true,"href":"https:\/\/latecordoba.com\/index.php\/wp-json\/wp\/v2\/media\/18617"}],"wp:attachment":[{"href":"https:\/\/latecordoba.com\/index.php\/wp-json\/wp\/v2\/media?parent=18616"}],"wp:term":[{"taxonomy":"category","embeddable":true,"href":"https:\/\/latecordoba.com\/index.php\/wp-json\/wp\/v2\/categories?post=18616"},{"taxonomy":"post_tag","embeddable":true,"href":"https:\/\/latecordoba.com\/index.php\/wp-json\/wp\/v2\/tags?post=18616"}],"curies":[{"name":"wp","href":"https:\/\/api.w.org\/{rel}","templated":true}]}}