{"id":18612,"date":"2023-11-26T01:34:01","date_gmt":"2023-11-26T01:34:01","guid":{"rendered":"http:\/\/0c81bece4db77b4f946ccd3d83485a9e"},"modified":"2023-11-26T01:34:01","modified_gmt":"2023-11-26T01:34:01","slug":"katopodis-advirtio-que-se-perderan-mas-de-220-mil-empleos-por-el-freno-a-la-obra-publica-de-milei","status":"publish","type":"post","link":"https:\/\/latecordoba.com\/index.php\/2023\/11\/26\/katopodis-advirtio-que-se-perderan-mas-de-220-mil-empleos-por-el-freno-a-la-obra-publica-de-milei\/","title":{"rendered":"Katopodis advirti\u00f3 que se perder\u00e1n m\u00e1s de 220 mil empleos por el freno a la obra p\u00fablica de Milei"},"content":{"rendered":"\n<div class=\"media_block\"><img decoding=\"async\" src=\"http:\/\/latecordoba.com\/wp-content\/uploads\/2023\/11\/katopodis-advirtio-que-se-perderan-mas-de-220-mil-empleos-por-el-freno-a-la-obra-publica-de-milei.jpg\"><\/div>\n<p>La insistencia del presidente electo Javier Milei respecto a la paralizaci\u00f3n de la obra p\u00fablica en todo el pa\u00eds tendr\u00e1 consecuencias dif\u00edcil de dimensionar, sostienen en el Ministerio de Infraestructura que conduce Gabriel Katopodis. Los primeros s\u00edntomas se advirtieron en el sector de la construcci\u00f3n, el m\u00e1s afectado, donde comenzaron a llegar los telegramas de despido.<\/p>\n<p>Seg\u00fan explic\u00f3 Katopodis, est\u00e1n en peligro inminente m\u00e1s de 240 mil puestos de trabajo vinculados directa e indirectamente de las obras distribuidas por todo el pa\u00eds. De hecho, el sector de la construcci\u00f3n gener\u00f3 m\u00e1s de 480.000 empleos y m\u00e1s de la mitad dependen de los proyectos que desarrolla el Estado Nacional.<\/p>\n<p>&nbsp;&#8220;Desde que iniciamos la gesti\u00f3n en el Ministerio&nbsp;desarrollamos 7.265 obras en todo el pa\u00eds (en acuerdo con gobernadores e intendentes de todos los colores pol\u00edticos), finalizamos 4.434 y al 19 de noviembre estaban en ejecuci\u00f3n 2.308&#8221;, detall\u00f3 el ministro que dejar\u00e1 el cargo el pr\u00f3ximo 10 de diciembre.<\/p>\n<p>Para mayor preocupaci\u00f3n, Milei repiti\u00f3 que las obras en ejecuci\u00f3n se paralizar\u00e1n autom\u00e1ticamente lo cual significa que se incumplan con contratos vigentes con constructoras de todo el pa\u00eds y deriven en juicios millonarios que terminen saliendo m\u00e1s caro para el Estado que terminar con los proyectos ya iniciados.&nbsp;<\/p>\n<figure class=\"vsmimage\" contenteditable=\"false\"><img decoding=\"async\" loading=\"lazy\" alt=\"Katopodis supervisando obras en el Gran Rosario semanas atr\u00e1s\" data-vsmid=\"205047\" data-owidth=\"1280\" data-oheight=\"854\" src=\"data:image\/png;base64,iVBORw0KGgoAAAANSUhEUgAAAx4AAAIOAQMAAAAMVUlSAAAAA1BMVEUAAACnej3aAAAAAXRSTlMAQObYZgAAAElJREFUeJztwQEBAAAAgiD\/r25IQAEAAAAAAAAAAAAAAAAAAAAAAAAAAAAAAAAAAAAAAAAAAAAAAAAAAAAAAAAAAAAAAAAAAPBjz4YAAXoxaWgAAAAASUVORK5CYII=\" vsmidos=\"1\" vsmsrc=\"\/files\/image\/205\/205047\/652bfa8c6b764_798_526!.png?s=1212088e44321198c1c854fce2f26feb&amp;d=1700964243\" width=\"798\" height=\"526\"><\/figure>\n<p>La propuesta de Milei llev\u00f3 preocupaci\u00f3n en el polo agroexportador del Gran Rosario y fue uno de los temas de conversaci\u00f3n en el brindis de fin de a\u00f1o que organiza la Bolsa de Comercio de Rosario donde la gran mayor\u00eda se mostr\u00f3 entusiasmado con la llegada del nuevo gobierno pero a su vez, no ocult\u00f3 reparos a la propuesta sobre obra p\u00fablica que esgrime el libertario.&nbsp;<\/p>\n<p>Es que el complejo portuario del sur de Santa Fe, por donde se exporta el 80 por ciento del comercio internacional del pa\u00eds arrastra problemas de infraestructura desde hace d\u00e9cadas. Hay kil\u00f3metros y kil\u00f3metros de caminos a las terminales portuarias que est\u00e1n pr\u00e1cticamente intransitables que lentifican la log\u00edstica y con ello el costo de transporte.<\/p>\n<p>Como esas cosas dif\u00edciles de entender, la principal entrada de divisas con las que cuenta el pa\u00eds tenga rutas que en muchos tramos est\u00e1n convertidas en ripio por falta de mantenimiento, ahora se le suma la incertidumbre por el nuevo &#8220;sistema a la chilena&#8221; que repite Milei pero no da demasiadas precisiones ni explica de qu\u00e9 manera se implementar\u00e1.<\/p>\n<p>Por lo poco que se sabe, se asemeja al sistema de Participaci\u00f3n P\u00fablico-Privado que implement\u00f3 Mauricio Macri entre 2015 y 2019 para la construcci\u00f3n de autopistas y autov\u00edas pero que apenas se hicieron unos poqu\u00edsimos kil\u00f3metros en alguna de las rutas.<\/p>\n<p>Lo que si sucedi\u00f3 es que con el cambio de sistema, no solo se afect\u00f3 a la UOCRA sino tambi\u00e9n cerraron un mont\u00f3n de pymes que fabricaban insumos para esos proyectos: &#8220;provocar\u00e1 que cientos de PyMEs y empresas de la construcci\u00f3n vuelvan a estar en convocatoria de acreedores, tal como sucedi\u00f3 en 2018\/19 con el Plan Econ\u00f3mico de Mauricio Macri&#8221;, se\u00f1al\u00f3 Katopodis.<\/p>\n<figure class=\"vsmwidget widget-type-twitter\" vsmtype=\"twitter\" contenteditable=\"false\" readability=\"-17.808659217877\">\n<blockquote class=\"twitter-tweet\" readability=\"10.424581005587\">\n<p lang=\"es\" dir=\"ltr\">MILEI EMPEZ\u00d3 MAL<a href=\"https:\/\/twitter.com\/JMilei?ref_src=twsrc%5Etfw\">@JMilei<\/a> ratific\u00f3, como Presidente Electo, sus anuncios de campa\u00f1a. Ya sell\u00f3 el primero: fren\u00f3 la obra p\u00fablica a lo largo y ancho de la Argentina. <\/p>\n<p>Comenzaron a llegar los telegramas de despido y ser\u00e1n cientos de miles de trabajadoras y trabajadores los que&#8230; <a href=\"https:\/\/t.co\/I09s6eHuIJ\">https:\/\/t.co\/I09s6eHuIJ<\/a>\u2014 Gabriel Katopodis (@gkatopodis) <a href=\"https:\/\/twitter.com\/gkatopodis\/status\/1728483928992793077?ref_src=twsrc%5Etfw\">November 25, 2023<\/a><\/p>\n<\/blockquote>\n<\/figure>\n<p>&nbsp; &nbsp;<\/p>\n","protected":false},"excerpt":{"rendered":"\n<div class=\"media_block\"><img decoding=\"async\" src=\"http:\/\/latecordoba.com\/wp-content\/uploads\/2023\/11\/katopodis-advirtio-que-se-perderan-mas-de-220-mil-empleos-por-el-freno-a-la-obra-publica-de-milei.jpg\"><\/div>\n<p>El ministro de Infraestructura explic\u00f3 las consecuencias en la construcci\u00f3n de la paralizaci\u00f3n de las obras en todo el pa\u00eds. Preocupaci\u00f3n en el sector agroexportador del Gran Rosario.  <\/p>\n","protected":false},"author":1,"featured_media":18613,"comment_status":"closed","ping_status":"closed","sticky":false,"template":"","format":"standard","meta":[],"categories":[18],"tags":[],"_links":{"self":[{"href":"https:\/\/latecordoba.com\/index.php\/wp-json\/wp\/v2\/posts\/18612"}],"collection":[{"href":"https:\/\/latecordoba.com\/index.php\/wp-json\/wp\/v2\/posts"}],"about":[{"href":"https:\/\/latecordoba.com\/index.php\/wp-json\/wp\/v2\/types\/post"}],"author":[{"embeddable":true,"href":"https:\/\/latecordoba.com\/index.php\/wp-json\/wp\/v2\/users\/1"}],"replies":[{"embeddable":true,"href":"https:\/\/latecordoba.com\/index.php\/wp-json\/wp\/v2\/comments?post=18612"}],"version-history":[{"count":0,"href":"https:\/\/latecordoba.com\/index.php\/wp-json\/wp\/v2\/posts\/18612\/revisions"}],"wp:featuredmedia":[{"embeddable":true,"href":"https:\/\/latecordoba.com\/index.php\/wp-json\/wp\/v2\/media\/18613"}],"wp:attachment":[{"href":"https:\/\/latecordoba.com\/index.php\/wp-json\/wp\/v2\/media?parent=18612"}],"wp:term":[{"taxonomy":"category","embeddable":true,"href":"https:\/\/latecordoba.com\/index.php\/wp-json\/wp\/v2\/categories?post=18612"},{"taxonomy":"post_tag","embeddable":true,"href":"https:\/\/latecordoba.com\/index.php\/wp-json\/wp\/v2\/tags?post=18612"}],"curies":[{"name":"wp","href":"https:\/\/api.w.org\/{rel}","templated":true}]}}