{"id":18606,"date":"2023-11-24T12:19:13","date_gmt":"2023-11-24T12:19:13","guid":{"rendered":"https:\/\/www.eldiariodeturismo.com.ar\/?p=239392"},"modified":"2023-11-24T12:19:13","modified_gmt":"2023-11-24T12:19:13","slug":"en-el-dia-del-vino-argentino-bodega-jorge-rubio-celebra-su-20o-aniversario-y-presenta-nueva-imagen","status":"publish","type":"post","link":"https:\/\/latecordoba.com\/index.php\/2023\/11\/24\/en-el-dia-del-vino-argentino-bodega-jorge-rubio-celebra-su-20o-aniversario-y-presenta-nueva-imagen\/","title":{"rendered":"En el D\u00eda del Vino Argentino, Bodega Jorge Rubio celebra su 20\u00ba aniversario y presenta nueva imagen"},"content":{"rendered":"\n<p dir=\"ltr\"><span>La emblem\u00e1tica Bodega del Oasis Sur mendocino celebra sus primeros 20 a\u00f1os y el D\u00eda del Vino Argentino con nueva identidad visual, marcando un nuevo cap\u00edtulo en su historia vitivin\u00edcola.<\/span><\/p>\n<p dir=\"ltr\">&nbsp;<\/p>\n<h4><span id=\"docs-internal-guid-9db79a6e-7fff-9e02-1b21-cbd50d4ddb2d\"> <img loading=\"lazy\" decoding=\"async\" class=\"aligncenter wp-image-239393 size-full\" src=\"http:\/\/latecordoba.com\/wp-content\/uploads\/2023\/11\/en-el-dia-del-vino-argentino-bodega-jorge-rubio-celebra-su-20o-aniversario-y-presenta-nueva-imagen.jpg\" alt width=\"500\" height=\"333\" srcset=\"http:\/\/latecordoba.com\/wp-content\/uploads\/2023\/11\/en-el-dia-del-vino-argentino-bodega-jorge-rubio-celebra-su-20o-aniversario-y-presenta-nueva-imagen.jpg 500w, https:\/\/www.eldiariodeturismo.com.ar\/wp-content\/uploads\/2023\/11\/BODEGA-JORGE-RUBIO-Barrica-300x200.jpg 300w\" sizes=\"(max-width: 500px) 100vw, 500px\"><\/span><\/h4>\n<p><span>En el marco de las celebraciones por el D\u00eda del Vino Argentino, Bodega Jorge Rubio, contin\u00faa con los festejos por su 20\u00ba aniversario y presenta su nueva identidad de marca en un emocionante giro que refleja la evoluci\u00f3n y la visi\u00f3n estrat\u00e9gica de la bodega. Inspirados en el \u00e1rido paisaje del Oasis Sur mendocino, la transformaci\u00f3n busca destacar la esencia \u00fanica detr\u00e1s de cada vino.&nbsp;<\/span><\/p>\n<p><span>La nueva identidad refleja la transici\u00f3n de la bodega desde sus inicios, como un proyecto personal a convertirse en una celebraci\u00f3n de la uni\u00f3n familiar. Indudablemente, el concepto de \u2018Bodega de Familia\u2019 emerge como el elemento m\u00e1s significativo en esta evoluci\u00f3n y abre un nuevo y desafiante cap\u00edtulo donde las nuevas generaciones son coprotagonistas.&nbsp;<\/span><\/p>\n<h6>&nbsp;<\/h6>\n<blockquote>\n<p><i><span>Hoy inauguramos un nuevo cap\u00edtulo en nuestra historia. Pasar de Jorge Rubio como en\u00f3logo y fundador a Jorge Rubio Bodega de Familia representa la consolidaci\u00f3n de nuestros valores familiares en cada botella que producimos.<\/span><\/i><\/p>\n<p><i>Jorge Rubio, jefe de enolog\u00eda y Director.<\/i><\/p>\n<\/blockquote>\n<p><span>El proceso creativo para la nueva identidad se enfoc\u00f3 en capturar la esencia distintiva del ADN de la bodega, resaltando no solo sus atributos, sino tambi\u00e9n la rica historia que la acompa\u00f1a. El dise\u00f1o del logotipo incorpora elementos que han sido fundamentales en la identidad del proyecto desde sus inicios, creando as\u00ed una conexi\u00f3n visual con su trayectoria, valores y visi\u00f3n de largo plazo.<\/span><\/p>\n<p><img loading=\"lazy\" decoding=\"async\" class=\"aligncenter wp-image-239400 size-full\" src=\"http:\/\/latecordoba.com\/wp-content\/uploads\/2023\/11\/en-el-dia-del-vino-argentino-bodega-jorge-rubio-celebra-su-20o-aniversario-y-presenta-nueva-imagen-1.jpg\" alt width=\"564\" height=\"147\" srcset=\"http:\/\/latecordoba.com\/wp-content\/uploads\/2023\/11\/en-el-dia-del-vino-argentino-bodega-jorge-rubio-celebra-su-20o-aniversario-y-presenta-nueva-imagen-3.jpg 564w, https:\/\/www.eldiariodeturismo.com.ar\/wp-content\/uploads\/2023\/11\/BODEGA-JORGE-RUBIO-evolucion-marca-2023-300x78.jpg 300w\" sizes=\"(max-width: 564px) 100vw, 564px\"><\/p>\n<blockquote>\n<p><i><span>La nueva marca incorpora tambi\u00e9n elementos arraigados en nuestro ADN desde los inicios: el cuero, la impresi\u00f3n digital, la aridez de nuestro paisaje, las vetas de la madera. Todos estos elementos se condensan reforzando nuestra identidad tanto en el mercado argentino como en los 12 pa\u00edses en los que actualmente estamos presentes.<\/span><\/i><\/p>\n<p><i>Mat\u00edas Pad\u00edn, responsable de Marketing y Comunicaci\u00f3n<\/i><\/p>\n<\/blockquote>\n<h6>&nbsp;<\/h6>\n<p><img loading=\"lazy\" decoding=\"async\" class=\"aligncenter wp-image-239404 size-full\" src=\"http:\/\/latecordoba.com\/wp-content\/uploads\/2023\/11\/en-el-dia-del-vino-argentino-bodega-jorge-rubio-celebra-su-20o-aniversario-y-presenta-nueva-imagen-2.jpg\" alt width=\"500\" height=\"276\" srcset=\"http:\/\/latecordoba.com\/wp-content\/uploads\/2023\/11\/en-el-dia-del-vino-argentino-bodega-jorge-rubio-celebra-su-20o-aniversario-y-presenta-nueva-imagen-4.jpg 500w, https:\/\/www.eldiariodeturismo.com.ar\/wp-content\/uploads\/2023\/11\/BODEGA-JORGE-RUBIO-marca-2023-300x166.jpg 300w\" sizes=\"(max-width: 500px) 100vw, 500px\"><\/p>\n<p><span>La elecci\u00f3n del D\u00eda del Vino Argentino para conmemorar el vig\u00e9simo aniversario y presentar la nueva marca responde al deseo de rendir homenaje a la bebida nacional. Al sumarse a esta celebraci\u00f3n emblem\u00e1tica, Jorge Rubio aspira a compartir su hito significativo en un d\u00eda que resalta la pasi\u00f3n y la excelencia que definen la industria vin\u00edcola del pa\u00eds. Este d\u00eda simb\u00f3lico se ha seleccionado estrat\u00e9gicamente para revelar la nueva identidad de la marca, simbolizando no s\u00f3lo la evoluci\u00f3n de la bodega en dos d\u00e9cadas, sino tambi\u00e9n su compromiso continuo con el Vino Argentino<\/span><\/p>\n<h6><strong><a href=\"https:\/\/autorjorgerubio.com.ar\/working.php\" target=\"_blank\" rel=\"noopener\">autorjorgerubio.com.ar<\/a><\/strong><\/h6>\n<p>.<\/p>\n<p>FUENTE: GP COMUNICACI\u00d3N<\/p>\n","protected":false},"excerpt":{"rendered":"<p> La emblem\u00e1tica Bodega del Oasis Sur mendocino celebra sus primeros 20 a\u00f1os y el D\u00eda del Vino Argentino con nueva  <\/p>\n","protected":false},"author":1,"featured_media":18607,"comment_status":"open","ping_status":"closed","sticky":false,"template":"","format":"standard","meta":[],"categories":[19],"tags":[],"_links":{"self":[{"href":"https:\/\/latecordoba.com\/index.php\/wp-json\/wp\/v2\/posts\/18606"}],"collection":[{"href":"https:\/\/latecordoba.com\/index.php\/wp-json\/wp\/v2\/posts"}],"about":[{"href":"https:\/\/latecordoba.com\/index.php\/wp-json\/wp\/v2\/types\/post"}],"author":[{"embeddable":true,"href":"https:\/\/latecordoba.com\/index.php\/wp-json\/wp\/v2\/users\/1"}],"replies":[{"embeddable":true,"href":"https:\/\/latecordoba.com\/index.php\/wp-json\/wp\/v2\/comments?post=18606"}],"version-history":[{"count":0,"href":"https:\/\/latecordoba.com\/index.php\/wp-json\/wp\/v2\/posts\/18606\/revisions"}],"wp:featuredmedia":[{"embeddable":true,"href":"https:\/\/latecordoba.com\/index.php\/wp-json\/wp\/v2\/media\/18607"}],"wp:attachment":[{"href":"https:\/\/latecordoba.com\/index.php\/wp-json\/wp\/v2\/media?parent=18606"}],"wp:term":[{"taxonomy":"category","embeddable":true,"href":"https:\/\/latecordoba.com\/index.php\/wp-json\/wp\/v2\/categories?post=18606"},{"taxonomy":"post_tag","embeddable":true,"href":"https:\/\/latecordoba.com\/index.php\/wp-json\/wp\/v2\/tags?post=18606"}],"curies":[{"name":"wp","href":"https:\/\/api.w.org\/{rel}","templated":true}]}}